{"id":5807,"date":"2022-03-26T17:01:56","date_gmt":"2022-03-26T20:01:56","guid":{"rendered":"https:\/\/noticiasnoface.com.br\/?p=5807"},"modified":"2022-03-26T17:01:56","modified_gmt":"2022-03-26T20:01:56","slug":"bolsonaro-vai-ao-tse-contra-pablo-vittar","status":"publish","type":"post","link":"https:\/\/noticiasnoface.com.br\/index.php\/2022\/03\/26\/bolsonaro-vai-ao-tse-contra-pablo-vittar\/","title":{"rendered":"Bolsonaro vai ao TSE contra Pablo Vittar!"},"content":{"rendered":"\n<figure class=\"wp-block-image size-large\"><img data-opt-id=396488427  fetchpriority=\"high\" decoding=\"async\" width=\"1637\" height=\"1684\" src=\"https:\/\/mlbfrsat7ahr.i.optimole.com\/w:auto\/h:auto\/q:mauto\/ig:avif\/https:\/\/noticiasnoface.com.br\/wp-content\/uploads\/2022\/03\/image-49.jpg\" alt=\"\" class=\"wp-image-5806\" srcset=\"https:\/\/mlbfrsat7ahr.i.optimole.com\/w:1049\/h:1080\/q:mauto\/ig:avif\/https:\/\/noticiasnoface.com.br\/wp-content\/uploads\/2022\/03\/image-49.jpg 1637w, https:\/\/mlbfrsat7ahr.i.optimole.com\/w:292\/h:300\/q:mauto\/ig:avif\/https:\/\/noticiasnoface.com.br\/wp-content\/uploads\/2022\/03\/image-49.jpg 292w, https:\/\/mlbfrsat7ahr.i.optimole.com\/w:995\/h:1024\/q:mauto\/ig:avif\/https:\/\/noticiasnoface.com.br\/wp-content\/uploads\/2022\/03\/image-49.jpg 995w, https:\/\/mlbfrsat7ahr.i.optimole.com\/w:768\/h:790\/q:mauto\/ig:avif\/https:\/\/noticiasnoface.com.br\/wp-content\/uploads\/2022\/03\/image-49.jpg 768w, https:\/\/mlbfrsat7ahr.i.optimole.com\/w:1049\/h:1080\/q:mauto\/ig:avif\/https:\/\/noticiasnoface.com.br\/wp-content\/uploads\/2022\/03\/image-49.jpg 1493w\" sizes=\"(max-width: 1000px) 100vw, 1000px\" \/><figcaption>Campanha do presidente menciona suposta propaganda eleitoral irregular durante show em benef\u00edcio de Lula<br>O <strong>PL<\/strong>, partido de <strong>Jair Bolsonaro<\/strong>, acionou o <strong>TSE<\/strong> neste s\u00e1bado (26) depois que a cantora <strong>Pabllo Vittar<\/strong> (foto) exaltou <strong>Lula durante seu show no festival Lollapalooza<\/strong>. A campanha do presidente menciona <strong>suposta propaganda eleitoral irregular em benef\u00edcio do petista<\/strong>.<br>No show, realizado na sexta, <strong>Pabllo<\/strong> pediu <em>\u201cFora Bolsonaro\u201d<\/em> e levantou uma bandeira com o rosto do ex-presidente <strong>Lula<\/strong>.<br>Para o PL, a manifesta\u00e7\u00e3o da cantora <em>\u201cfere in\u00fameros dispositivos legais\u201d:<\/em><br><em>\u201cEis porque a manifesta\u00e7\u00e3o pol\u00edtica em mais de um show, uma em <strong>absoluto desabono ao pr\u00e9-candidato Jair Bolsonaro<\/strong> e outra em escancarada <strong>propaganda antecipada em favor de Luiz In\u00e1cio<\/strong> negativa e antecipada, al\u00e9m de promoverem verdadeiro showm\u00edcio, sendo indiferente se o evento foi custeado pelo candidato ou se o mesmo esteve presente no ato\u201d<\/em>, diz o documento.<\/figcaption><\/figure>\n\n\n\n<p><\/p>\n","protected":false},"excerpt":{"rendered":"","protected":false},"author":1,"featured_media":0,"comment_status":"open","ping_status":"open","sticky":false,"template":"","format":"standard","meta":{"site-sidebar-layout":"default","site-content-layout":"","ast-site-content-layout":"default","site-content-style":"default","site-sidebar-style":"default","ast-global-header-display":"","ast-banner-title-visibility":"","ast-main-header-display":"","ast-hfb-above-header-display":"","ast-hfb-below-header-display":"","ast-hfb-mobile-header-display":"","site-post-title":"","ast-breadcrumbs-content":"","ast-featured-img":"","footer-sml-layout":"","ast-disable-related-posts":"","theme-transparent-header-meta":"","adv-header-id-meta":"","stick-header-meta":"","header-above-stick-meta":"","header-main-stick-meta":"","header-below-stick-meta":"","astra-migrate-meta-layouts":"default","ast-page-background-enabled":"default","ast-page-background-meta":{"desktop":{"background-color":"var(--ast-global-color-4)","background-image":"","background-repeat":"repeat","background-position":"center center","background-size":"auto","background-attachment":"scroll","background-type":"","background-media":"","overlay-type":"","overlay-color":"","overlay-opacity":"","overlay-gradient":""},"tablet":{"background-color":"","background-image":"","background-repeat":"repeat","background-position":"center center","background-size":"auto","background-attachment":"scroll","background-type":"","background-media":"","overlay-type":"","overlay-color":"","overlay-opacity":"","overlay-gradient":""},"mobile":{"background-color":"","background-image":"","background-repeat":"repeat","background-position":"center center","background-size":"auto","background-attachment":"scroll","background-type":"","background-media":"","overlay-type":"","overlay-color":"","overlay-opacity":"","overlay-gradient":""}},"ast-content-background-meta":{"desktop":{"background-color":"var(--ast-global-color-5)","background-image":"","background-repeat":"repeat","background-position":"center center","background-size":"auto","background-attachment":"scroll","background-type":"","background-media":"","overlay-type":"","overlay-color":"","overlay-opacity":"","overlay-gradient":""},"tablet":{"background-color":"var(--ast-global-color-5)","background-image":"","background-repeat":"repeat","background-position":"center center","background-size":"auto","background-attachment":"scroll","background-type":"","background-media":"","overlay-type":"","overlay-color":"","overlay-opacity":"","overlay-gradient":""},"mobile":{"background-color":"var(--ast-global-color-5)","background-image":"","background-repeat":"repeat","background-position":"center center","background-size":"auto","background-attachment":"scroll","background-type":"","background-media":"","overlay-type":"","overlay-color":"","overlay-opacity":"","overlay-gradient":""}},"footnotes":""},"categories":[517],"tags":[8,317,321,320,318,319],"class_list":["post-5807","post","type-post","status-publish","format-standard","hentry","category-aconteceu","tag-bolsonaro","tag-eleicoes","tag-fora-bolsonaro","tag-lollapaloza","tag-pablo-bittar","tag-tse"],"_links":{"self":[{"href":"https:\/\/noticiasnoface.com.br\/index.php\/wp-json\/wp\/v2\/posts\/5807","targetHints":{"allow":["GET"]}}],"collection":[{"href":"https:\/\/noticiasnoface.com.br\/index.php\/wp-json\/wp\/v2\/posts"}],"about":[{"href":"https:\/\/noticiasnoface.com.br\/index.php\/wp-json\/wp\/v2\/types\/post"}],"author":[{"embeddable":true,"href":"https:\/\/noticiasnoface.com.br\/index.php\/wp-json\/wp\/v2\/users\/1"}],"replies":[{"embeddable":true,"href":"https:\/\/noticiasnoface.com.br\/index.php\/wp-json\/wp\/v2\/comments?post=5807"}],"version-history":[{"count":1,"href":"https:\/\/noticiasnoface.com.br\/index.php\/wp-json\/wp\/v2\/posts\/5807\/revisions"}],"predecessor-version":[{"id":5808,"href":"https:\/\/noticiasnoface.com.br\/index.php\/wp-json\/wp\/v2\/posts\/5807\/revisions\/5808"}],"wp:attachment":[{"href":"https:\/\/noticiasnoface.com.br\/index.php\/wp-json\/wp\/v2\/media?parent=5807"}],"wp:term":[{"taxonomy":"category","embeddable":true,"href":"https:\/\/noticiasnoface.com.br\/index.php\/wp-json\/wp\/v2\/categories?post=5807"},{"taxonomy":"post_tag","embeddable":true,"href":"https:\/\/noticiasnoface.com.br\/index.php\/wp-json\/wp\/v2\/tags?post=5807"}],"curies":[{"name":"wp","href":"https:\/\/api.w.org\/{rel}","templated":true}]}}