{"id":5820,"date":"2022-03-26T21:22:33","date_gmt":"2022-03-27T00:22:33","guid":{"rendered":"https:\/\/noticiasnoface.com.br\/?p=5820"},"modified":"2022-03-26T21:22:33","modified_gmt":"2022-03-27T00:22:33","slug":"1-agora-vai-para-o-nordeste","status":"publish","type":"post","link":"https:\/\/noticiasnoface.com.br\/index.php\/2022\/03\/26\/1-agora-vai-para-o-nordeste\/","title":{"rendered":"1% agora vai para o nordeste"},"content":{"rendered":"\n<figure class=\"wp-block-image size-large\"><img data-opt-id=287453781  fetchpriority=\"high\" decoding=\"async\" width=\"600\" height=\"400\" src=\"https:\/\/mlbfrsat7ahr.i.optimole.com\/w:auto\/h:auto\/q:mauto\/ig:avif\/https:\/\/noticiasnoface.com.br\/wp-content\/uploads\/2022\/03\/img_0400.jpg\" alt=\"\" class=\"wp-image-5819\" srcset=\"https:\/\/mlbfrsat7ahr.i.optimole.com\/w:600\/h:400\/q:mauto\/ig:avif\/https:\/\/noticiasnoface.com.br\/wp-content\/uploads\/2022\/03\/img_0400.jpg 600w, https:\/\/mlbfrsat7ahr.i.optimole.com\/w:300\/h:200\/q:mauto\/ig:avif\/https:\/\/noticiasnoface.com.br\/wp-content\/uploads\/2022\/03\/img_0400.jpg 300w\" sizes=\"(max-width: 600px) 100vw, 600px\" \/><figcaption><br>Jo\u00e3o Doria (PSDB) vai deixar o governo de S\u00e3o Paulo no fim pr\u00f3ximo final de semana para concorrer \u00e0 presid\u00eancia da Rep\u00fablica. Sem decolar nas pesquisas de inten\u00e7\u00e3o de voto, o governador t\u00eam aproveitado os \u00faltimos dias de mandato para entregar projetos e deve come\u00e7ar a viajar pelo pa\u00eds para tentar diminuir sua rejei\u00e7\u00e3o.<br>Oficialmente, Doria dever\u00e1 passar o cargo ao vice, Rodrigo Garcia (PSDB), na sexta-feira (1\u00ba). Em seguida, planeja participar de evento partid\u00e1rio no s\u00e1bado (2) e viajar para a Bahia, com r\u00e1pida parada em Bras\u00edlia, onde far\u00e1 reuni\u00f5es de articula\u00e7\u00e3o pol\u00edtica.<br>No \u00faltimo DataFolha, divulgado quinta (24), Doria marcou apenas 2% das inten\u00e7\u00f5es de votos \u2014 situa\u00e7\u00e3o semelhante \u00e0s pesquisas de outros institutos, em que o paulista chega, no m\u00e1ximo, a 3% \u2014 enquanto a rejei\u00e7\u00e3o segue na faixa dos 30%, terceira maior entre pr\u00e9-candidatos, atr\u00e1s de Jair Bolsonaro (PL) e Lula (PT).<br><\/figcaption><\/figure>\n","protected":false},"excerpt":{"rendered":"","protected":false},"author":1,"featured_media":0,"comment_status":"open","ping_status":"open","sticky":false,"template":"","format":"standard","meta":{"site-sidebar-layout":"default","site-content-layout":"","ast-site-content-layout":"default","site-content-style":"default","site-sidebar-style":"default","ast-global-header-display":"","ast-banner-title-visibility":"","ast-main-header-display":"","ast-hfb-above-header-display":"","ast-hfb-below-header-display":"","ast-hfb-mobile-header-display":"","site-post-title":"","ast-breadcrumbs-content":"","ast-featured-img":"","footer-sml-layout":"","ast-disable-related-posts":"","theme-transparent-header-meta":"","adv-header-id-meta":"","stick-header-meta":"","header-above-stick-meta":"","header-main-stick-meta":"","header-below-stick-meta":"","astra-migrate-meta-layouts":"default","ast-page-background-enabled":"default","ast-page-background-meta":{"desktop":{"background-color":"var(--ast-global-color-4)","background-image":"","background-repeat":"repeat","background-position":"center center","background-size":"auto","background-attachment":"scroll","background-type":"","background-media":"","overlay-type":"","overlay-color":"","overlay-opacity":"","overlay-gradient":""},"tablet":{"background-color":"","background-image":"","background-repeat":"repeat","background-position":"center center","background-size":"auto","background-attachment":"scroll","background-type":"","background-media":"","overlay-type":"","overlay-color":"","overlay-opacity":"","overlay-gradient":""},"mobile":{"background-color":"","background-image":"","background-repeat":"repeat","background-position":"center center","background-size":"auto","background-attachment":"scroll","background-type":"","background-media":"","overlay-type":"","overlay-color":"","overlay-opacity":"","overlay-gradient":""}},"ast-content-background-meta":{"desktop":{"background-color":"var(--ast-global-color-5)","background-image":"","background-repeat":"repeat","background-position":"center center","background-size":"auto","background-attachment":"scroll","background-type":"","background-media":"","overlay-type":"","overlay-color":"","overlay-opacity":"","overlay-gradient":""},"tablet":{"background-color":"var(--ast-global-color-5)","background-image":"","background-repeat":"repeat","background-position":"center center","background-size":"auto","background-attachment":"scroll","background-type":"","background-media":"","overlay-type":"","overlay-color":"","overlay-opacity":"","overlay-gradient":""},"mobile":{"background-color":"var(--ast-global-color-5)","background-image":"","background-repeat":"repeat","background-position":"center center","background-size":"auto","background-attachment":"scroll","background-type":"","background-media":"","overlay-type":"","overlay-color":"","overlay-opacity":"","overlay-gradient":""}},"footnotes":""},"categories":[517],"tags":[331,317,332,224],"class_list":["post-5820","post","type-post","status-publish","format-standard","hentry","category-aconteceu","tag-doria","tag-eleicoes","tag-nordeste","tag-sao-paulo"],"_links":{"self":[{"href":"https:\/\/noticiasnoface.com.br\/index.php\/wp-json\/wp\/v2\/posts\/5820","targetHints":{"allow":["GET"]}}],"collection":[{"href":"https:\/\/noticiasnoface.com.br\/index.php\/wp-json\/wp\/v2\/posts"}],"about":[{"href":"https:\/\/noticiasnoface.com.br\/index.php\/wp-json\/wp\/v2\/types\/post"}],"author":[{"embeddable":true,"href":"https:\/\/noticiasnoface.com.br\/index.php\/wp-json\/wp\/v2\/users\/1"}],"replies":[{"embeddable":true,"href":"https:\/\/noticiasnoface.com.br\/index.php\/wp-json\/wp\/v2\/comments?post=5820"}],"version-history":[{"count":1,"href":"https:\/\/noticiasnoface.com.br\/index.php\/wp-json\/wp\/v2\/posts\/5820\/revisions"}],"predecessor-version":[{"id":5821,"href":"https:\/\/noticiasnoface.com.br\/index.php\/wp-json\/wp\/v2\/posts\/5820\/revisions\/5821"}],"wp:attachment":[{"href":"https:\/\/noticiasnoface.com.br\/index.php\/wp-json\/wp\/v2\/media?parent=5820"}],"wp:term":[{"taxonomy":"category","embeddable":true,"href":"https:\/\/noticiasnoface.com.br\/index.php\/wp-json\/wp\/v2\/categories?post=5820"},{"taxonomy":"post_tag","embeddable":true,"href":"https:\/\/noticiasnoface.com.br\/index.php\/wp-json\/wp\/v2\/tags?post=5820"}],"curies":[{"name":"wp","href":"https:\/\/api.w.org\/{rel}","templated":true}]}}