{"id":5840,"date":"2022-03-27T11:42:00","date_gmt":"2022-03-27T14:42:00","guid":{"rendered":"https:\/\/noticiasnoface.com.br\/?p=5840"},"modified":"2022-03-27T11:42:01","modified_gmt":"2022-03-27T14:42:01","slug":"uma-guerra-do-bem-contra-o-mal-diz-bolsonaro-em-filiacao-ao-pl","status":"publish","type":"post","link":"https:\/\/noticiasnoface.com.br\/index.php\/2022\/03\/27\/uma-guerra-do-bem-contra-o-mal-diz-bolsonaro-em-filiacao-ao-pl\/","title":{"rendered":"\u201cUma guerra do bem contra o mal\u201d diz Bolsonaro em filia\u00e7\u00e3o ao PL"},"content":{"rendered":"\n<figure class=\"wp-block-image size-large\"><img data-opt-id=20490949  fetchpriority=\"high\" decoding=\"async\" width=\"622\" height=\"420\" src=\"https:\/\/mlbfrsat7ahr.i.optimole.com\/w:auto\/h:auto\/q:mauto\/ig:avif\/https:\/\/noticiasnoface.com.br\/wp-content\/uploads\/2022\/03\/img_0416.jpg\" alt=\"\" class=\"wp-image-5839\" srcset=\"https:\/\/mlbfrsat7ahr.i.optimole.com\/w:622\/h:420\/q:mauto\/ig:avif\/https:\/\/noticiasnoface.com.br\/wp-content\/uploads\/2022\/03\/img_0416.jpg 622w, https:\/\/mlbfrsat7ahr.i.optimole.com\/w:300\/h:203\/q:mauto\/ig:avif\/https:\/\/noticiasnoface.com.br\/wp-content\/uploads\/2022\/03\/img_0416.jpg 300w\" sizes=\"(max-width: 622px) 100vw, 622px\" \/><figcaption>Bolsonaro define elei\u00e7\u00f5es de 2022: \u201c\u00c9 uma luta do bem contra o mal\u201d.<br>Em sua fala, Bolsonaro ainda criticou as recentes pesquisas eleitorais: &#8220;Uma pesquisa mentirosa publicada mil vezes n\u00e3o far\u00e1 o presidente&#8221;.Durante <a rel=\"noreferrer noopener\" href=\"https:\/\/www.metropoles.com\/brasil\/politica-brasil\/bolsonaro-lanca-pre-candidatura-e-dobra-aposta-na-forca-do-antipetismo\" target=\"_blank\">lan\u00e7amento da pr\u00e9-candidatura \u00e0 reelei\u00e7\u00e3o<\/a>, intituilado como \u201cEncontro Nacional do Partido Liberal\u201d, o presidente <a rel=\"noreferrer noopener\" href=\"https:\/\/www.metropoles.com\/search?q=jair+bolsonaro\" target=\"_blank\">Jair Bolsonaro<\/a>(PL) disse que o momento representa uma \u201cluta do bem contra o mal\u201d. <br>.<br>O chefe do Executivo ainda disse que uma \u201cpesquisa mentirosa publicada mil vezes n\u00e3o far\u00e1 o presidente da Rep\u00fablica\u201d.<br>\u201cO nosso inimigo n\u00e3o \u00e9 externo, \u00e9 interno. N\u00e3o \u00e9 uma luta da esquerda contra a direita, \u00e9 uma luta do bem contra o mal. N\u00f3s vamos vencer essa luta, porque eu estaria sempre na frente de voc\u00eas\u201d, disse Bolsonaro. Em outro momento, o mandat\u00e1rio falou sobre pesquisas de opini\u00e3o recentemente publicadas e que indicam o ex-presidente Luiz In\u00e1cio Lula da Silva com vantagem em um cen\u00e1rio eleitoral. <br>.<br>\u201cUma pesquisa mentirosa publicada mil vezes n\u00e3o far\u00e1 o presidente da Rep\u00fablica\u201d, completou.<br>Pesquisa do Instituto Datafolha divulgada nesta quinta-feira (24\/3) pelo jornal <a rel=\"noreferrer noopener\" href=\"https:\/\/www1.folha.uol.com.br\/poder\/2022\/03\/datafolha-bolsonaro-ganha-folego-e-marca-26-no-1o-turno-lula-lidera-com-43.shtml\" target=\"_blank\">Folha de S.Paulo<\/a> mostrou que o ex-presidente <a rel=\"noreferrer noopener\" href=\"http:\/\/metropoles.com\/tag\/luiz-inacio-lula-da-silva\" target=\"_blank\">Luiz In\u00e1cio Lula da Silva<\/a> (PT) tem 43% das inten\u00e7\u00f5es de voto para o primeiro turno das elei\u00e7\u00f5es deste ano. J\u00e1 o presidente <a rel=\"noreferrer noopener\" href=\"http:\/\/metropoles.com\/tag\/jair-bolsonaro\" target=\"_blank\">Jair Bolsonaro<\/a> (PL) tem 26%.<br>Evento<br>Havia expectativa de que o ato descambasse para um com\u00edcio, o que poderia gerar questionamentos de advers\u00e1rios perante o Tribunal Superior Eleitoral (<a rel=\"noreferrer noopener\" href=\"https:\/\/www.metropoles.com\/tag\/tse\" target=\"_blank\">TSE<\/a>), sob alega\u00e7\u00e3o de campanha antecipada, o que gerou uma preocupa\u00e7\u00e3o com o tom do evento. Mesmo assim, na \u00faltima sexta-feira (25\/3), o chefe do Executo descartou qualquer mudan\u00e7a no script.<br>.<br><br>\u201cEst\u00e1 sendo divulgado na internet como se eu tivesse cancelado nosso evento do pr\u00f3ximo domingo agora, que \u00e9 o pr\u00e9-lan\u00e7amento da minha candidatura. Est\u00e1 mantido o evento aqui em Bras\u00edlia, 10h da manh\u00e3, domingo. E vamos fazer a nossa parte, o povo que decida\u201d, disse Bolsonaro em uma cerim\u00f4nia no Pal\u00e1cio do Planalto.<br>A programa\u00e7\u00e3o do evento, que ocorre das 10h \u00e0s 16h, no Centro Internacional de Conven\u00e7\u00f5es de Bras\u00edlia (CICB), na capital do Brasil. Al\u00e9m das autoridades pol\u00edticas do pr\u00f3prio partido, os ministros de estado compareceram em peso \u00e0 solenidade. A primeira-dama Michelle Bolsonaro tamb\u00e9m compareceu \u00e0 cerim\u00f4nia.<br>Filia\u00e7\u00f5es<br>Al\u00e9m do lan\u00e7amento da pr\u00e9-candidatura, figuras pol\u00edticas do entorno de Bolsonaro tamb\u00e9m se filiaram \u00e0 sigla, entre eles, o deputado federal <a rel=\"noreferrer noopener\" href=\"https:\/\/www.metropoles.com\/tag\/vitor-hugo\" target=\"_blank\">Vitor Hugo<\/a>, pr\u00e9-candidato ao governo de Goi\u00e1s, e o ministro da Cidadania, <a rel=\"noreferrer noopener\" href=\"https:\/\/www.metropoles.com\/tag\/joao-roma\" target=\"_blank\">Jo\u00e3o Roma,<\/a> que deve disputar o governo da Bahia.<br>A legenda realizou, nas \u00faltimas semanas, \u201cmutir\u00f5es\u201d para filiar aliados do presidente, em reuni\u00f5es a portas fechadas na sede nacional do PL, na capital federal. Pr\u00e9-candidatos t\u00eam at\u00e9 dia 2 de abril para definir seus futuros partid\u00e1rios.<\/figcaption><\/figure>\n","protected":false},"excerpt":{"rendered":"","protected":false},"author":1,"featured_media":0,"comment_status":"open","ping_status":"open","sticky":false,"template":"","format":"standard","meta":{"site-sidebar-layout":"default","site-content-layout":"","ast-site-content-layout":"default","site-content-style":"default","site-sidebar-style":"default","ast-global-header-display":"","ast-banner-title-visibility":"","ast-main-header-display":"","ast-hfb-above-header-display":"","ast-hfb-below-header-display":"","ast-hfb-mobile-header-display":"","site-post-title":"","ast-breadcrumbs-content":"","ast-featured-img":"","footer-sml-layout":"","ast-disable-related-posts":"","theme-transparent-header-meta":"","adv-header-id-meta":"","stick-header-meta":"","header-above-stick-meta":"","header-main-stick-meta":"","header-below-stick-meta":"","astra-migrate-meta-layouts":"default","ast-page-background-enabled":"default","ast-page-background-meta":{"desktop":{"background-color":"var(--ast-global-color-4)","background-image":"","background-repeat":"repeat","background-position":"center center","background-size":"auto","background-attachment":"scroll","background-type":"","background-media":"","overlay-type":"","overlay-color":"","overlay-opacity":"","overlay-gradient":""},"tablet":{"background-color":"","background-image":"","background-repeat":"repeat","background-position":"center center","background-size":"auto","background-attachment":"scroll","background-type":"","background-media":"","overlay-type":"","overlay-color":"","overlay-opacity":"","overlay-gradient":""},"mobile":{"background-color":"","background-image":"","background-repeat":"repeat","background-position":"center center","background-size":"auto","background-attachment":"scroll","background-type":"","background-media":"","overlay-type":"","overlay-color":"","overlay-opacity":"","overlay-gradient":""}},"ast-content-background-meta":{"desktop":{"background-color":"var(--ast-global-color-5)","background-image":"","background-repeat":"repeat","background-position":"center center","background-size":"auto","background-attachment":"scroll","background-type":"","background-media":"","overlay-type":"","overlay-color":"","overlay-opacity":"","overlay-gradient":""},"tablet":{"background-color":"var(--ast-global-color-5)","background-image":"","background-repeat":"repeat","background-position":"center center","background-size":"auto","background-attachment":"scroll","background-type":"","background-media":"","overlay-type":"","overlay-color":"","overlay-opacity":"","overlay-gradient":""},"mobile":{"background-color":"var(--ast-global-color-5)","background-image":"","background-repeat":"repeat","background-position":"center center","background-size":"auto","background-attachment":"scroll","background-type":"","background-media":"","overlay-type":"","overlay-color":"","overlay-opacity":"","overlay-gradient":""}},"footnotes":""},"categories":[517],"tags":[8,317,346,269],"class_list":["post-5840","post","type-post","status-publish","format-standard","hentry","category-aconteceu","tag-bolsonaro","tag-eleicoes","tag-pl","tag-politica"],"_links":{"self":[{"href":"https:\/\/noticiasnoface.com.br\/index.php\/wp-json\/wp\/v2\/posts\/5840","targetHints":{"allow":["GET"]}}],"collection":[{"href":"https:\/\/noticiasnoface.com.br\/index.php\/wp-json\/wp\/v2\/posts"}],"about":[{"href":"https:\/\/noticiasnoface.com.br\/index.php\/wp-json\/wp\/v2\/types\/post"}],"author":[{"embeddable":true,"href":"https:\/\/noticiasnoface.com.br\/index.php\/wp-json\/wp\/v2\/users\/1"}],"replies":[{"embeddable":true,"href":"https:\/\/noticiasnoface.com.br\/index.php\/wp-json\/wp\/v2\/comments?post=5840"}],"version-history":[{"count":1,"href":"https:\/\/noticiasnoface.com.br\/index.php\/wp-json\/wp\/v2\/posts\/5840\/revisions"}],"predecessor-version":[{"id":5841,"href":"https:\/\/noticiasnoface.com.br\/index.php\/wp-json\/wp\/v2\/posts\/5840\/revisions\/5841"}],"wp:attachment":[{"href":"https:\/\/noticiasnoface.com.br\/index.php\/wp-json\/wp\/v2\/media?parent=5840"}],"wp:term":[{"taxonomy":"category","embeddable":true,"href":"https:\/\/noticiasnoface.com.br\/index.php\/wp-json\/wp\/v2\/categories?post=5840"},{"taxonomy":"post_tag","embeddable":true,"href":"https:\/\/noticiasnoface.com.br\/index.php\/wp-json\/wp\/v2\/tags?post=5840"}],"curies":[{"name":"wp","href":"https:\/\/api.w.org\/{rel}","templated":true}]}}