{"id":5843,"date":"2022-03-27T12:13:55","date_gmt":"2022-03-27T15:13:55","guid":{"rendered":"https:\/\/noticiasnoface.com.br\/?p=5843"},"modified":"2022-03-27T12:13:56","modified_gmt":"2022-03-27T15:13:56","slug":"o-agente-publico-e-a-divulgacao-de-informacoes-a-imprensa-sobre-investigacoes","status":"publish","type":"post","link":"https:\/\/noticiasnoface.com.br\/index.php\/2022\/03\/27\/o-agente-publico-e-a-divulgacao-de-informacoes-a-imprensa-sobre-investigacoes\/","title":{"rendered":"O agente p\u00fablico e a divulga\u00e7\u00e3o de informa\u00e7\u00f5es \u00e0 imprensa sobre investiga\u00e7\u00f5es"},"content":{"rendered":"\n<figure class=\"wp-block-image size-large\"><img data-opt-id=891163234  fetchpriority=\"high\" decoding=\"async\" width=\"1250\" height=\"1047\" src=\"https:\/\/mlbfrsat7ahr.i.optimole.com\/w:auto\/h:auto\/q:mauto\/ig:avif\/https:\/\/noticiasnoface.com.br\/wp-content\/uploads\/2022\/03\/840577c8-8576-46d8-8e04-9cb3b3bae229.jpg\" alt=\"\" class=\"wp-image-5842\" srcset=\"https:\/\/mlbfrsat7ahr.i.optimole.com\/w:1250\/h:1047\/q:mauto\/ig:avif\/https:\/\/noticiasnoface.com.br\/wp-content\/uploads\/2022\/03\/840577c8-8576-46d8-8e04-9cb3b3bae229.jpg 1250w, https:\/\/mlbfrsat7ahr.i.optimole.com\/w:300\/h:251\/q:mauto\/ig:avif\/https:\/\/noticiasnoface.com.br\/wp-content\/uploads\/2022\/03\/840577c8-8576-46d8-8e04-9cb3b3bae229.jpg 300w, https:\/\/mlbfrsat7ahr.i.optimole.com\/w:1024\/h:858\/q:mauto\/ig:avif\/https:\/\/noticiasnoface.com.br\/wp-content\/uploads\/2022\/03\/840577c8-8576-46d8-8e04-9cb3b3bae229.jpg 1024w, https:\/\/mlbfrsat7ahr.i.optimole.com\/w:768\/h:643\/q:mauto\/ig:avif\/https:\/\/noticiasnoface.com.br\/wp-content\/uploads\/2022\/03\/840577c8-8576-46d8-8e04-9cb3b3bae229.jpg 768w\" sizes=\"(max-width: 1000px) 100vw, 1000px\" \/><figcaption><strong>Gleydson K. L. Oliveira<\/strong><br>Mestre e Doutor em Direito pela PUC\/SP. Professor da gradua\u00e7\u00e3o e mestrado da UFRN. Advogado.<br><br><br>O julgamento realizado pela 4\u00aa Turma do Superior Tribunal de Justi\u00e7a que, por maioria de votos, no REsp 1.842.613, no \u00faltimo dia 22.03, deu provimento ao recurso especial interposto pelo ex-Presidente Lula, a fim de condenar o ent\u00e3o Procurador da Rep\u00fablica Deltan Dallagnoll ao pagamento de danos morais decorrentes de uma entrevista sensacionalista, suscitou muitas discuss\u00f5es no \u00e2mbito jur\u00eddico.<br> <br>Com efeito, n\u00e3o se discute o direito de o membro do MP, na condi\u00e7\u00e3o de agente p\u00fablico, prestar informa\u00e7\u00f5es \u00e0 imprensa acerca das provid\u00eancias investigativas e dos termos de den\u00fancia eventualmente apresentada perante o poder judici\u00e1rio, devendo agir n\u00e3o apenas com zelo e prud\u00eancia, mas retratar com precis\u00e3o o est\u00e1gio das investiga\u00e7\u00f5es, sem ju\u00edzo conclusivo ou de certeza. <br><br><br>Sendo assim, ao faz\u00ea-lo, o agente p\u00fablico n\u00e3o pode ultrapassar as barreiras impostas pela Constitui\u00e7\u00e3o Federal, em especial as que asseguram a dignidade da pessoa humana, a intimidade e a honra, sob pena de incorrer em abuso de direito que \u00e9 reputado ato il\u00edcito, nos termos do art. 187 do C\u00f3digo Civil, segundo o qual comete ato il\u00edcito o titular de um direito que, ao exerc\u00ea-lo, excede manifestamente os limites impostos pelos seu fim econ\u00f4mico ou social, pela boa-f\u00e9 ou pelos bons costumes.<br><br><br>Sem fazer a ressalva de que estava no in\u00edcio de um processo criminal, em que a legisla\u00e7\u00e3o processual exige apenas a demonstra\u00e7\u00e3o superficial, sum\u00e1ria ou indici\u00e1ria de provas da materialidade de il\u00edcito e de autoria, afigura-se que o agente p\u00fablico fez afirma\u00e7\u00f5es conclusivas e incisivas da pr\u00e1tica de v\u00e1rios crimes, incluindo, inclusive, tipo penal a que o ex-presidente sequer fora denunciado (associa\u00e7\u00e3o criminosa), num ambiente de manifesto sensacionalismo e de execra\u00e7\u00e3o p\u00fablica, afastando-se do regular exerc\u00edcio do direito conferido a quem exerce responsavelmente fun\u00e7\u00e3o p\u00fablica. <br><br><br>As revela\u00e7\u00f5es do agente p\u00fablico, noticiadas por toda a imprensa, davam conta da certeza do cometimento de v\u00e1rios tipos penais, o que revela uma ultrapassagem aos limites impostos pela boa-f\u00e9 objetiva. Por oportuno, vale relembrar que, no julgamento do REsp 351.779-SP (caso Escola Base) no long\u00ednquo ano de 2002, o mesmo STJ reconhecera o abuso de direito cometido por delegado da pol\u00edcia que, sem provas precisas e antes mesmo do final das investiga\u00e7\u00f5es, de forma irrespons\u00e1vel e abusiva, divulgara resultados duvidosos do seu trabalho, resultados estes que chegaram \u00e0 imprensa de forma sensacionalista, como sendo conclus\u00e3o final, quando em verdade estavam as investiga\u00e7\u00f5es em curso, no final das quais foram os investigados inocentados das levianas acusa\u00e7\u00f5es. <br><br><br>De outro lado, havendo demonstra\u00e7\u00e3o da pr\u00e1tica de ato il\u00edcito pelo servidor p\u00fablico fundado em dolo ou em culpa, parece-nos que \u00e9 l\u00edcito ao ofendido acionar apenas o servidor p\u00fablico. Isso porque a norma que assegura o dever de repara\u00e7\u00e3o visa \u00e0 prote\u00e7\u00e3o do lesado.<br><br><br>Propondo a\u00e7\u00e3o apenas contra a Administra\u00e7\u00e3o, compete-lhe provar apenas a materialidade do fato e o nexo de causalidade, isto \u00e9, que do ato praticado pelo funcion\u00e1rio lhe adveio dano. Se dirigir o pleito contra o funcion\u00e1rio, ter\u00e1 de demonstrar tamb\u00e9m a culpa ou dolo do autor do dano. E a interpreta\u00e7\u00e3o no sentido de permitir, facultativamente, admissibilidade da a\u00e7\u00e3o contra o funcion\u00e1rio, autor do dano, sobre n\u00e3o acarretar nenhum preju\u00edzo, quer \u00e0 Administra\u00e7\u00e3o, seja ao funcion\u00e1rio, mais se coaduna com os princ\u00edpios que disciplinam a mat\u00e9ria, eis que a Administra\u00e7\u00e3o n\u00e3o pode nunca isentar de responsabilidade os seus servidores, n\u00e3o ostentando disponibilidade sobre o patrim\u00f4nio p\u00fablico e n\u00e3o se prejudicando com a integra\u00e7\u00e3o do funcion\u00e1rio na lide (STF-Pleno, RTJ 96\/237).<\/figcaption><\/figure>\n","protected":false},"excerpt":{"rendered":"","protected":false},"author":1,"featured_media":0,"comment_status":"open","ping_status":"open","sticky":false,"template":"","format":"standard","meta":{"site-sidebar-layout":"default","site-content-layout":"","ast-site-content-layout":"default","site-content-style":"default","site-sidebar-style":"default","ast-global-header-display":"","ast-banner-title-visibility":"","ast-main-header-display":"","ast-hfb-above-header-display":"","ast-hfb-below-header-display":"","ast-hfb-mobile-header-display":"","site-post-title":"","ast-breadcrumbs-content":"","ast-featured-img":"","footer-sml-layout":"","ast-disable-related-posts":"","theme-transparent-header-meta":"","adv-header-id-meta":"","stick-header-meta":"","header-above-stick-meta":"","header-main-stick-meta":"","header-below-stick-meta":"","astra-migrate-meta-layouts":"default","ast-page-background-enabled":"default","ast-page-background-meta":{"desktop":{"background-color":"var(--ast-global-color-4)","background-image":"","background-repeat":"repeat","background-position":"center center","background-size":"auto","background-attachment":"scroll","background-type":"","background-media":"","overlay-type":"","overlay-color":"","overlay-opacity":"","overlay-gradient":""},"tablet":{"background-color":"","background-image":"","background-repeat":"repeat","background-position":"center center","background-size":"auto","background-attachment":"scroll","background-type":"","background-media":"","overlay-type":"","overlay-color":"","overlay-opacity":"","overlay-gradient":""},"mobile":{"background-color":"","background-image":"","background-repeat":"repeat","background-position":"center center","background-size":"auto","background-attachment":"scroll","background-type":"","background-media":"","overlay-type":"","overlay-color":"","overlay-opacity":"","overlay-gradient":""}},"ast-content-background-meta":{"desktop":{"background-color":"var(--ast-global-color-5)","background-image":"","background-repeat":"repeat","background-position":"center center","background-size":"auto","background-attachment":"scroll","background-type":"","background-media":"","overlay-type":"","overlay-color":"","overlay-opacity":"","overlay-gradient":""},"tablet":{"background-color":"var(--ast-global-color-5)","background-image":"","background-repeat":"repeat","background-position":"center center","background-size":"auto","background-attachment":"scroll","background-type":"","background-media":"","overlay-type":"","overlay-color":"","overlay-opacity":"","overlay-gradient":""},"mobile":{"background-color":"var(--ast-global-color-5)","background-image":"","background-repeat":"repeat","background-position":"center center","background-size":"auto","background-attachment":"scroll","background-type":"","background-media":"","overlay-type":"","overlay-color":"","overlay-opacity":"","overlay-gradient":""}},"footnotes":""},"categories":[517],"tags":[],"class_list":["post-5843","post","type-post","status-publish","format-standard","hentry","category-aconteceu"],"_links":{"self":[{"href":"https:\/\/noticiasnoface.com.br\/index.php\/wp-json\/wp\/v2\/posts\/5843","targetHints":{"allow":["GET"]}}],"collection":[{"href":"https:\/\/noticiasnoface.com.br\/index.php\/wp-json\/wp\/v2\/posts"}],"about":[{"href":"https:\/\/noticiasnoface.com.br\/index.php\/wp-json\/wp\/v2\/types\/post"}],"author":[{"embeddable":true,"href":"https:\/\/noticiasnoface.com.br\/index.php\/wp-json\/wp\/v2\/users\/1"}],"replies":[{"embeddable":true,"href":"https:\/\/noticiasnoface.com.br\/index.php\/wp-json\/wp\/v2\/comments?post=5843"}],"version-history":[{"count":1,"href":"https:\/\/noticiasnoface.com.br\/index.php\/wp-json\/wp\/v2\/posts\/5843\/revisions"}],"predecessor-version":[{"id":5844,"href":"https:\/\/noticiasnoface.com.br\/index.php\/wp-json\/wp\/v2\/posts\/5843\/revisions\/5844"}],"wp:attachment":[{"href":"https:\/\/noticiasnoface.com.br\/index.php\/wp-json\/wp\/v2\/media?parent=5843"}],"wp:term":[{"taxonomy":"category","embeddable":true,"href":"https:\/\/noticiasnoface.com.br\/index.php\/wp-json\/wp\/v2\/categories?post=5843"},{"taxonomy":"post_tag","embeddable":true,"href":"https:\/\/noticiasnoface.com.br\/index.php\/wp-json\/wp\/v2\/tags?post=5843"}],"curies":[{"name":"wp","href":"https:\/\/api.w.org\/{rel}","templated":true}]}}