{"id":5862,"date":"2022-03-27T21:10:01","date_gmt":"2022-03-28T00:10:01","guid":{"rendered":"https:\/\/noticiasnoface.com.br\/?p=5862"},"modified":"2022-03-27T21:10:01","modified_gmt":"2022-03-28T00:10:01","slug":"corpo-de-alessandra-negrini-de-51-anos-chama-atencao-dos-fas","status":"publish","type":"post","link":"https:\/\/noticiasnoface.com.br\/index.php\/2022\/03\/27\/corpo-de-alessandra-negrini-de-51-anos-chama-atencao-dos-fas\/","title":{"rendered":"Corpo de Alessandra Negrini de 51 anos chama aten\u00e7\u00e3o dos f\u00e3s"},"content":{"rendered":"\n<figure class=\"wp-block-image size-large\"><img data-opt-id=787234831  fetchpriority=\"high\" decoding=\"async\" width=\"472\" height=\"832\" src=\"https:\/\/mlbfrsat7ahr.i.optimole.com\/w:auto\/h:auto\/q:mauto\/ig:avif\/https:\/\/noticiasnoface.com.br\/wp-content\/uploads\/2022\/03\/img_0450.jpg\" alt=\"\" class=\"wp-image-5861\" srcset=\"https:\/\/mlbfrsat7ahr.i.optimole.com\/w:472\/h:832\/q:mauto\/ig:avif\/https:\/\/noticiasnoface.com.br\/wp-content\/uploads\/2022\/03\/img_0450.jpg 472w, https:\/\/mlbfrsat7ahr.i.optimole.com\/w:170\/h:300\/q:mauto\/ig:avif\/https:\/\/noticiasnoface.com.br\/wp-content\/uploads\/2022\/03\/img_0450.jpg 170w\" sizes=\"(max-width: 472px) 100vw, 472px\" \/><figcaption>A atriz <strong>Alessandra Negrini<\/strong> fez seus seguidores ca\u00edrem para tr\u00e1s na tarde desta \u00faltima quinta-feira (24) enquanto compartilhava detalhes do dia de descanso. Ela deixou a cidade para desfrutar das belezas naturais no Rio de Janeiro e publicou alguns cliques invej\u00e1veis do banho de cachoeira na web.<br><br>.<br>Aos 51 anos, a musa das telinhas posou plen\u00edssima com seu biqu\u00edni vermelho enquanto renovava as energias e deixou os seguidores com aquela invejinha.<em> &#8220;Oi, t\u00f4 aqui tirando a &#8216;ziquizira&#8217; da vida. Esse \u00e9 meu lugar&#8221;,<\/em> comentou enquanto mostrava o f\u00edsico jovial.<br>.<br><br>Na postagem seguinte, ela deu um zoom no decote generoso enquanto aproveitava a luz natural do espa\u00e7o e surpreendeu os f\u00e3s com sua beleza \u00edmpar.Mais cedo, <strong>Alessandra Negrini<\/strong> publicou uma foto no modo selfie usando uma pe\u00e7a de cor vermelha e deu o que falar na web.  <br>.<br>Pela foto, \u00e9 vis\u00edvel que ela aproveitou o final da tarde para dar um mergulho merecido. <a rel=\"noreferrer noopener\" href=\"https:\/\/contigo.uol.com.br\/noticias\/famosos\/de-biquini-cortininha-alessandra-negrini-da-close-no-decote-e-choca-fas-deusa.phtml\" target=\"_blank\">A musa sorri com as madeixas \u00famidas e faz quest\u00e3o de sensualizar ao dar um close no decote generoso.<\/a><br><\/figcaption><\/figure>\n","protected":false},"excerpt":{"rendered":"","protected":false},"author":1,"featured_media":0,"comment_status":"open","ping_status":"open","sticky":false,"template":"","format":"standard","meta":{"site-sidebar-layout":"default","site-content-layout":"","ast-site-content-layout":"default","site-content-style":"default","site-sidebar-style":"default","ast-global-header-display":"","ast-banner-title-visibility":"","ast-main-header-display":"","ast-hfb-above-header-display":"","ast-hfb-below-header-display":"","ast-hfb-mobile-header-display":"","site-post-title":"","ast-breadcrumbs-content":"","ast-featured-img":"","footer-sml-layout":"","ast-disable-related-posts":"","theme-transparent-header-meta":"","adv-header-id-meta":"","stick-header-meta":"","header-above-stick-meta":"","header-main-stick-meta":"","header-below-stick-meta":"","astra-migrate-meta-layouts":"default","ast-page-background-enabled":"default","ast-page-background-meta":{"desktop":{"background-color":"var(--ast-global-color-4)","background-image":"","background-repeat":"repeat","background-position":"center center","background-size":"auto","background-attachment":"scroll","background-type":"","background-media":"","overlay-type":"","overlay-color":"","overlay-opacity":"","overlay-gradient":""},"tablet":{"background-color":"","background-image":"","background-repeat":"repeat","background-position":"center center","background-size":"auto","background-attachment":"scroll","background-type":"","background-media":"","overlay-type":"","overlay-color":"","overlay-opacity":"","overlay-gradient":""},"mobile":{"background-color":"","background-image":"","background-repeat":"repeat","background-position":"center center","background-size":"auto","background-attachment":"scroll","background-type":"","background-media":"","overlay-type":"","overlay-color":"","overlay-opacity":"","overlay-gradient":""}},"ast-content-background-meta":{"desktop":{"background-color":"var(--ast-global-color-5)","background-image":"","background-repeat":"repeat","background-position":"center center","background-size":"auto","background-attachment":"scroll","background-type":"","background-media":"","overlay-type":"","overlay-color":"","overlay-opacity":"","overlay-gradient":""},"tablet":{"background-color":"var(--ast-global-color-5)","background-image":"","background-repeat":"repeat","background-position":"center center","background-size":"auto","background-attachment":"scroll","background-type":"","background-media":"","overlay-type":"","overlay-color":"","overlay-opacity":"","overlay-gradient":""},"mobile":{"background-color":"var(--ast-global-color-5)","background-image":"","background-repeat":"repeat","background-position":"center center","background-size":"auto","background-attachment":"scroll","background-type":"","background-media":"","overlay-type":"","overlay-color":"","overlay-opacity":"","overlay-gradient":""}},"footnotes":""},"categories":[154],"tags":[354,353,356,355,245],"class_list":["post-5862","post","type-post","status-publish","format-standard","hentry","category-comportamento","tag-alessandra-negrini","tag-corpo","tag-filtro","tag-internet","tag-saude"],"_links":{"self":[{"href":"https:\/\/noticiasnoface.com.br\/index.php\/wp-json\/wp\/v2\/posts\/5862","targetHints":{"allow":["GET"]}}],"collection":[{"href":"https:\/\/noticiasnoface.com.br\/index.php\/wp-json\/wp\/v2\/posts"}],"about":[{"href":"https:\/\/noticiasnoface.com.br\/index.php\/wp-json\/wp\/v2\/types\/post"}],"author":[{"embeddable":true,"href":"https:\/\/noticiasnoface.com.br\/index.php\/wp-json\/wp\/v2\/users\/1"}],"replies":[{"embeddable":true,"href":"https:\/\/noticiasnoface.com.br\/index.php\/wp-json\/wp\/v2\/comments?post=5862"}],"version-history":[{"count":1,"href":"https:\/\/noticiasnoface.com.br\/index.php\/wp-json\/wp\/v2\/posts\/5862\/revisions"}],"predecessor-version":[{"id":5863,"href":"https:\/\/noticiasnoface.com.br\/index.php\/wp-json\/wp\/v2\/posts\/5862\/revisions\/5863"}],"wp:attachment":[{"href":"https:\/\/noticiasnoface.com.br\/index.php\/wp-json\/wp\/v2\/media?parent=5862"}],"wp:term":[{"taxonomy":"category","embeddable":true,"href":"https:\/\/noticiasnoface.com.br\/index.php\/wp-json\/wp\/v2\/categories?post=5862"},{"taxonomy":"post_tag","embeddable":true,"href":"https:\/\/noticiasnoface.com.br\/index.php\/wp-json\/wp\/v2\/tags?post=5862"}],"curies":[{"name":"wp","href":"https:\/\/api.w.org\/{rel}","templated":true}]}}