{"id":5887,"date":"2022-03-28T07:41:46","date_gmt":"2022-03-28T10:41:46","guid":{"rendered":"https:\/\/noticiasnoface.com.br\/?p=5887"},"modified":"2022-03-28T07:41:47","modified_gmt":"2022-03-28T10:41:47","slug":"ate-junho-todas-as-capitais-do-nordeste-ja-terao-5g","status":"publish","type":"post","link":"https:\/\/noticiasnoface.com.br\/index.php\/2022\/03\/28\/ate-junho-todas-as-capitais-do-nordeste-ja-terao-5g\/","title":{"rendered":"At\u00e9 junho todas as capitais do nordeste j\u00e1 ter\u00e3o 5G"},"content":{"rendered":"\n<figure class=\"wp-block-image size-large\"><img data-opt-id=1568689385  fetchpriority=\"high\" decoding=\"async\" width=\"554\" height=\"554\" src=\"https:\/\/mlbfrsat7ahr.i.optimole.com\/w:auto\/h:auto\/q:mauto\/ig:avif\/https:\/\/noticiasnoface.com.br\/wp-content\/uploads\/2022\/03\/img_0466.jpg\" alt=\"\" class=\"wp-image-5886\" srcset=\"https:\/\/mlbfrsat7ahr.i.optimole.com\/w:554\/h:554\/q:mauto\/ig:avif\/https:\/\/noticiasnoface.com.br\/wp-content\/uploads\/2022\/03\/img_0466.jpg 554w, https:\/\/mlbfrsat7ahr.i.optimole.com\/w:300\/h:300\/q:mauto\/ig:avif\/https:\/\/noticiasnoface.com.br\/wp-content\/uploads\/2022\/03\/img_0466.jpg 300w, https:\/\/mlbfrsat7ahr.i.optimole.com\/w:150\/h:150\/q:mauto\/ig:avif\/https:\/\/noticiasnoface.com.br\/wp-content\/uploads\/2022\/03\/img_0466.jpg 150w\" sizes=\"(max-width: 554px) 100vw, 554px\" \/><figcaption>As capitais ser\u00e3o as primeiras a receber a <a rel=\"noreferrer noopener\" href=\"https:\/\/proximonivel.baroes.com.br\/o-que-e-5g-e-por-que-teve-um-dos-maiores-leiloes-da-historia-do-pais\/\" target=\"_blank\">tecnologia 5G<\/a> na regi\u00e3o Nordeste, de acordo com o Minist\u00e9rio das Comunica\u00e7\u00f5es. A previs\u00e3o \u00e9 de que at\u00e9 junho de 2022 o novo padr\u00e3o de <a rel=\"noreferrer noopener\" href=\"https:\/\/proximonivel.baroes.com.br\/5g-vai-impulsionar-novos-negocios\/\" target=\"_blank\">conectividade<\/a> j\u00e1 esteja presente nestas cidades. <br>.<br>.<br><br>Em seguida, dever\u00e3o ser atendidos os munic\u00edpios com mais de 500 mil habitantes (at\u00e9 o in\u00edcio de 2023) e, de forma escalonada, a cobertura ser\u00e1 estendida para as demais cidades.<br>.<br>.<br><br>Al\u00e9m das localidades com pouca ou nenhuma conex\u00e3o, 776 trechos de rodovias federais (que representam 11,2 mil km de estradas) que passam pelos estados nordestinos dever\u00e3o ter cobertura de internet 4G, conforme previsto no edital do leil\u00e3o realizado no in\u00edcio de novembro. A instala\u00e7\u00e3o da infraestrutura nas estradas e rodovias deve ser feita at\u00e9 2029, embora algumas metas precisem ser cumpridas antes.<br>.<br>.<br><br>Objetivo do leil\u00e3o foi proporcionar competitividade, diz ministro<br>Conforme o Minist\u00e9rio das Comunica\u00e7\u00f5es, o objetivo do leil\u00e3o, al\u00e9m da implanta\u00e7\u00e3o do novo padr\u00e3o de conectividade, foi trazer maior concorr\u00eancia ao mercado e, com isso, reduzir pre\u00e7os. <br>.<br>.<br>\u201cNosso prop\u00f3sito ao realizar um leil\u00e3o n\u00e3o-arrecadat\u00f3rio \u00e9 permitir que os valores das outorgas possam ser investidos em melhorias diretas para a popula\u00e7\u00e3o. Vamos ampliar a digitaliza\u00e7\u00e3o no Brasil e conectar brasileiros de todas as regi\u00f5es\u201d, <a rel=\"noreferrer noopener\" href=\"https:\/\/www.gov.br\/mcom\/pt-br\/noticias\/2021\/novembro\/todas-as-cidades-do-nordeste-serao-conectadas-pela-internet-de-quinta-geracao\" target=\"_blank\">destacou<\/a> o ministro F\u00e1bio Faria. <br>.<br>.<br>O valor obtido com o leil\u00e3o foi de R$ 47,2 bilh\u00f5es. Destes, R$ 42,4 bi ser\u00e3o revertidos em investimentos e R$ 4,8 bi ir\u00e3o para os cofres da Uni\u00e3o. Al\u00e9m disso, com a venda da faixa frequ\u00eancia de 26 GHz, o Governo Federal arrecadou R$ 3,1 bilh\u00f5es para investimento em conectividade nas escolas p\u00fablicas de todo o pa\u00eds. <br>.<br><br>As empresas vencedoras do certame na regi\u00e3o Nordeste, para o 5G, foram Claro, Vivo e Tim (na frequ\u00eancia 26 GHz); e Claro, Vivo, Tim e Brisanet (3,5 GHz). Para implanta\u00e7\u00e3o de 4G e 5G (2,3 GHz), a vencedora foi a Brisanet, e para 4G (700 MHz), a Winity II. A previs\u00e3o \u00e9 que o 5G chegue a todas as 1.794 sedes municipais do Nordeste, gradualmente, at\u00e9 2029.<br>.<br>.<br><br>A implanta\u00e7\u00e3o do 5G em todo o territ\u00f3rio nacional ainda deve levar algum tempo, pois depender\u00e1 da cria\u00e7\u00e3o de uma infraestrutura de rede independente da que j\u00e1 existe para o 4G. Ou seja, ser\u00e1 necess\u00e1rio instalar infraestrutura (as torres chamadas de ERBs, ou esta\u00e7\u00f5es de r\u00e1dio base), antenas e torres que transmitem o sinal para os dispositivos dos usu\u00e1rios. <a rel=\"noreferrer noopener\" href=\"https:\/\/www.uol.com.br\/tilt\/noticias\/redacao\/2021\/12\/06\/5g-o-que-falta-em-infraestrutura-para-tecnologia-ficar-disponivel-no-pais.htm\" target=\"_blank\">Alguns estudos<\/a> j\u00e1 apontam que o 5G exigir\u00e1 de quatro a cinco vezes mais antenas instaladas do que as existentes, de forma a permitir o funcionamento em v\u00e1rias faixas de frequ\u00eancia. <br>.<br>.<br>Por isso, tr\u00e2mites burocr\u00e1ticos para devem ser considerados quando se fala em prazo de entrada de opera\u00e7\u00e3o da nova tecnologia de conectividade.<\/figcaption><\/figure>\n","protected":false},"excerpt":{"rendered":"","protected":false},"author":1,"featured_media":0,"comment_status":"open","ping_status":"open","sticky":false,"template":"","format":"standard","meta":{"site-sidebar-layout":"default","site-content-layout":"","ast-site-content-layout":"default","site-content-style":"default","site-sidebar-style":"default","ast-global-header-display":"","ast-banner-title-visibility":"","ast-main-header-display":"","ast-hfb-above-header-display":"","ast-hfb-below-header-display":"","ast-hfb-mobile-header-display":"","site-post-title":"","ast-breadcrumbs-content":"","ast-featured-img":"","footer-sml-layout":"","ast-disable-related-posts":"","theme-transparent-header-meta":"","adv-header-id-meta":"","stick-header-meta":"","header-above-stick-meta":"","header-main-stick-meta":"","header-below-stick-meta":"","astra-migrate-meta-layouts":"default","ast-page-background-enabled":"default","ast-page-background-meta":{"desktop":{"background-color":"var(--ast-global-color-4)","background-image":"","background-repeat":"repeat","background-position":"center center","background-size":"auto","background-attachment":"scroll","background-type":"","background-media":"","overlay-type":"","overlay-color":"","overlay-opacity":"","overlay-gradient":""},"tablet":{"background-color":"","background-image":"","background-repeat":"repeat","background-position":"center center","background-size":"auto","background-attachment":"scroll","background-type":"","background-media":"","overlay-type":"","overlay-color":"","overlay-opacity":"","overlay-gradient":""},"mobile":{"background-color":"","background-image":"","background-repeat":"repeat","background-position":"center center","background-size":"auto","background-attachment":"scroll","background-type":"","background-media":"","overlay-type":"","overlay-color":"","overlay-opacity":"","overlay-gradient":""}},"ast-content-background-meta":{"desktop":{"background-color":"var(--ast-global-color-5)","background-image":"","background-repeat":"repeat","background-position":"center center","background-size":"auto","background-attachment":"scroll","background-type":"","background-media":"","overlay-type":"","overlay-color":"","overlay-opacity":"","overlay-gradient":""},"tablet":{"background-color":"var(--ast-global-color-5)","background-image":"","background-repeat":"repeat","background-position":"center center","background-size":"auto","background-attachment":"scroll","background-type":"","background-media":"","overlay-type":"","overlay-color":"","overlay-opacity":"","overlay-gradient":""},"mobile":{"background-color":"var(--ast-global-color-5)","background-image":"","background-repeat":"repeat","background-position":"center center","background-size":"auto","background-attachment":"scroll","background-type":"","background-media":"","overlay-type":"","overlay-color":"","overlay-opacity":"","overlay-gradient":""}},"footnotes":""},"categories":[517],"tags":[364,363,365,355],"class_list":["post-5887","post","type-post","status-publish","format-standard","hentry","category-aconteceu","tag-5g","tag-capitais","tag-fabio-faria","tag-internet"],"_links":{"self":[{"href":"https:\/\/noticiasnoface.com.br\/index.php\/wp-json\/wp\/v2\/posts\/5887","targetHints":{"allow":["GET"]}}],"collection":[{"href":"https:\/\/noticiasnoface.com.br\/index.php\/wp-json\/wp\/v2\/posts"}],"about":[{"href":"https:\/\/noticiasnoface.com.br\/index.php\/wp-json\/wp\/v2\/types\/post"}],"author":[{"embeddable":true,"href":"https:\/\/noticiasnoface.com.br\/index.php\/wp-json\/wp\/v2\/users\/1"}],"replies":[{"embeddable":true,"href":"https:\/\/noticiasnoface.com.br\/index.php\/wp-json\/wp\/v2\/comments?post=5887"}],"version-history":[{"count":1,"href":"https:\/\/noticiasnoface.com.br\/index.php\/wp-json\/wp\/v2\/posts\/5887\/revisions"}],"predecessor-version":[{"id":5888,"href":"https:\/\/noticiasnoface.com.br\/index.php\/wp-json\/wp\/v2\/posts\/5887\/revisions\/5888"}],"wp:attachment":[{"href":"https:\/\/noticiasnoface.com.br\/index.php\/wp-json\/wp\/v2\/media?parent=5887"}],"wp:term":[{"taxonomy":"category","embeddable":true,"href":"https:\/\/noticiasnoface.com.br\/index.php\/wp-json\/wp\/v2\/categories?post=5887"},{"taxonomy":"post_tag","embeddable":true,"href":"https:\/\/noticiasnoface.com.br\/index.php\/wp-json\/wp\/v2\/tags?post=5887"}],"curies":[{"name":"wp","href":"https:\/\/api.w.org\/{rel}","templated":true}]}}