{"id":5893,"date":"2022-03-28T08:37:45","date_gmt":"2022-03-28T11:37:45","guid":{"rendered":"https:\/\/noticiasnoface.com.br\/?p=5893"},"modified":"2022-03-28T08:37:46","modified_gmt":"2022-03-28T11:37:46","slug":"el-salvador-decreta-regime-de-emergencia-por-um-mes","status":"publish","type":"post","link":"https:\/\/noticiasnoface.com.br\/index.php\/2022\/03\/28\/el-salvador-decreta-regime-de-emergencia-por-um-mes\/","title":{"rendered":"El Salvador decreta regime de emerg\u00eancia por um m\u00eas"},"content":{"rendered":"\n<figure class=\"wp-block-image size-large\"><img data-opt-id=1735472506  fetchpriority=\"high\" decoding=\"async\" width=\"882\" height=\"348\" src=\"https:\/\/mlbfrsat7ahr.i.optimole.com\/w:auto\/h:auto\/q:mauto\/ig:avif\/https:\/\/noticiasnoface.com.br\/wp-content\/uploads\/2022\/03\/img_0471.jpg\" alt=\"\" class=\"wp-image-5892\" srcset=\"https:\/\/mlbfrsat7ahr.i.optimole.com\/w:882\/h:348\/q:mauto\/ig:avif\/https:\/\/noticiasnoface.com.br\/wp-content\/uploads\/2022\/03\/img_0471.jpg 882w, https:\/\/mlbfrsat7ahr.i.optimole.com\/w:300\/h:118\/q:mauto\/ig:avif\/https:\/\/noticiasnoface.com.br\/wp-content\/uploads\/2022\/03\/img_0471.jpg 300w, https:\/\/mlbfrsat7ahr.i.optimole.com\/w:768\/h:303\/q:mauto\/ig:avif\/https:\/\/noticiasnoface.com.br\/wp-content\/uploads\/2022\/03\/img_0471.jpg 768w\" sizes=\"(max-width: 882px) 100vw, 882px\" \/><figcaption>A Assembleia Legislativa de El Salvador, a pedido do presidente <strong>Nayib Bukele<\/strong>, aprovou neste domingo, 27, o regime de emerg\u00eancia por um m\u00eas no pa\u00eds. A inten\u00e7\u00e3o \u00e9 frear as a\u00e7\u00f5es da gangue Mara Salvatrucha, \u00e0 qual s\u00e3o atribu\u00eddos 62 assassinatos registrados nos \u00faltimos dois dias.<br>A decis\u00e3o do Legislativo, controlado pelo partido no poder, restringe a liberdade de reuni\u00e3o, a inviolabilidade de correspond\u00eancias e comunica\u00e7\u00f5es e autoriza pris\u00f5es sem ordem judicial.<br><br>Agora, o decreto deve ser promulgado por Bukele. No come\u00e7o de 2020, Bukele j\u00e1 autorizara a pol\u00edcia e o Ex\u00e9rcito a usarem \u201cfor\u00e7a letal\u201d para defender a popula\u00e7\u00e3o e combater gangues do pa\u00eds, conhecida como maras.<br>\u201cDecidimos declarar um regime de exce\u00e7\u00e3o em todo o territ\u00f3rio nacional em virtude de graves perturba\u00e7\u00f5es da ordem p\u00fablica por grupos criminosos\u201d, informou o decreto aprovado por 67 dos 84 deputados do Parlamento.<br>O objetivo do dispositivo \u201c\u00e9 facilitar ferramentas e mecanismos legais\u201d para que a Pol\u00edcia e as For\u00e7as Armadas \u201crestabele\u00e7am a ordem e a seguran\u00e7a cidad\u00e3 e o controle territorial\u201d.<br>O deputado da oposi\u00e7\u00e3o Jaime Guevara disse que \u201ca crise atual exige bom senso\u201d, e defendeu a perman\u00eancia \u201ccom respeito irrestrito aos direitos individuais\u201d da popula\u00e7\u00e3o.<br>Segundo o balan\u00e7o oficial, o departamento central de La Libertad registrou 12 homic\u00eddios, seguido pela capital, San Salvador, e pelo departamento de Ahuachap\u00e1n, com nove cada. O resto dos assassinatos s\u00e3o distribu\u00eddos nos restantes 11 departamentos do pa\u00eds.<br>\u201cN\u00e3o vamos recuar nesta guerra contra as gangues, n\u00e3o vamos descansar at\u00e9 que os criminosos respons\u00e1veis por esses atos sejam capturados e levados \u00e0 justi\u00e7a\u201d, disse a Pol\u00edcia Nacional Civil (PNC) no Twitter.<br>A pol\u00edcia e o Ex\u00e9rcito de El Salvador mantiveram neste domingo, 27, uma opera\u00e7\u00e3o na qual, segundo a PNC, foram presos v\u00e1rios l\u00edderes da Mara Salvatrucha, acusados de serem \u201crespons\u00e1veis pelos homic\u00eddios registrados nas \u00faltimas horas\u201d.<br>Nas redes sociais, o presidente Bukele escreveu:<br>\u201cDesde sexta-feira temos um novo aumento nos homic\u00eddios, algo que trabalhamos tanto para reduzir. Enquanto combatemos os criminosos nas ruas, tentamos descobrir o que est\u00e1 acontecendo e quem est\u00e1 por tr\u00e1s do financiamento disso.\u201d<\/figcaption><\/figure>\n","protected":false},"excerpt":{"rendered":"","protected":false},"author":1,"featured_media":0,"comment_status":"open","ping_status":"open","sticky":false,"template":"","format":"standard","meta":{"site-sidebar-layout":"default","site-content-layout":"","ast-site-content-layout":"default","site-content-style":"default","site-sidebar-style":"default","ast-global-header-display":"","ast-banner-title-visibility":"","ast-main-header-display":"","ast-hfb-above-header-display":"","ast-hfb-below-header-display":"","ast-hfb-mobile-header-display":"","site-post-title":"","ast-breadcrumbs-content":"","ast-featured-img":"","footer-sml-layout":"","ast-disable-related-posts":"","theme-transparent-header-meta":"","adv-header-id-meta":"","stick-header-meta":"","header-above-stick-meta":"","header-main-stick-meta":"","header-below-stick-meta":"","astra-migrate-meta-layouts":"default","ast-page-background-enabled":"default","ast-page-background-meta":{"desktop":{"background-color":"var(--ast-global-color-4)","background-image":"","background-repeat":"repeat","background-position":"center center","background-size":"auto","background-attachment":"scroll","background-type":"","background-media":"","overlay-type":"","overlay-color":"","overlay-opacity":"","overlay-gradient":""},"tablet":{"background-color":"","background-image":"","background-repeat":"repeat","background-position":"center center","background-size":"auto","background-attachment":"scroll","background-type":"","background-media":"","overlay-type":"","overlay-color":"","overlay-opacity":"","overlay-gradient":""},"mobile":{"background-color":"","background-image":"","background-repeat":"repeat","background-position":"center center","background-size":"auto","background-attachment":"scroll","background-type":"","background-media":"","overlay-type":"","overlay-color":"","overlay-opacity":"","overlay-gradient":""}},"ast-content-background-meta":{"desktop":{"background-color":"var(--ast-global-color-5)","background-image":"","background-repeat":"repeat","background-position":"center center","background-size":"auto","background-attachment":"scroll","background-type":"","background-media":"","overlay-type":"","overlay-color":"","overlay-opacity":"","overlay-gradient":""},"tablet":{"background-color":"var(--ast-global-color-5)","background-image":"","background-repeat":"repeat","background-position":"center center","background-size":"auto","background-attachment":"scroll","background-type":"","background-media":"","overlay-type":"","overlay-color":"","overlay-opacity":"","overlay-gradient":""},"mobile":{"background-color":"var(--ast-global-color-5)","background-image":"","background-repeat":"repeat","background-position":"center center","background-size":"auto","background-attachment":"scroll","background-type":"","background-media":"","overlay-type":"","overlay-color":"","overlay-opacity":"","overlay-gradient":""}},"footnotes":""},"categories":[517],"tags":[],"class_list":["post-5893","post","type-post","status-publish","format-standard","hentry","category-aconteceu"],"_links":{"self":[{"href":"https:\/\/noticiasnoface.com.br\/index.php\/wp-json\/wp\/v2\/posts\/5893","targetHints":{"allow":["GET"]}}],"collection":[{"href":"https:\/\/noticiasnoface.com.br\/index.php\/wp-json\/wp\/v2\/posts"}],"about":[{"href":"https:\/\/noticiasnoface.com.br\/index.php\/wp-json\/wp\/v2\/types\/post"}],"author":[{"embeddable":true,"href":"https:\/\/noticiasnoface.com.br\/index.php\/wp-json\/wp\/v2\/users\/1"}],"replies":[{"embeddable":true,"href":"https:\/\/noticiasnoface.com.br\/index.php\/wp-json\/wp\/v2\/comments?post=5893"}],"version-history":[{"count":1,"href":"https:\/\/noticiasnoface.com.br\/index.php\/wp-json\/wp\/v2\/posts\/5893\/revisions"}],"predecessor-version":[{"id":5894,"href":"https:\/\/noticiasnoface.com.br\/index.php\/wp-json\/wp\/v2\/posts\/5893\/revisions\/5894"}],"wp:attachment":[{"href":"https:\/\/noticiasnoface.com.br\/index.php\/wp-json\/wp\/v2\/media?parent=5893"}],"wp:term":[{"taxonomy":"category","embeddable":true,"href":"https:\/\/noticiasnoface.com.br\/index.php\/wp-json\/wp\/v2\/categories?post=5893"},{"taxonomy":"post_tag","embeddable":true,"href":"https:\/\/noticiasnoface.com.br\/index.php\/wp-json\/wp\/v2\/tags?post=5893"}],"curies":[{"name":"wp","href":"https:\/\/api.w.org\/{rel}","templated":true}]}}