{"id":5902,"date":"2022-03-28T10:25:50","date_gmt":"2022-03-28T13:25:50","guid":{"rendered":"https:\/\/noticiasnoface.com.br\/?p=5902"},"modified":"2022-03-28T10:25:51","modified_gmt":"2022-03-28T13:25:51","slug":"mas-uma-vez-joe-biden-provoca-a-guerra-e-chama-putin-de-acougueiro","status":"publish","type":"post","link":"https:\/\/noticiasnoface.com.br\/index.php\/2022\/03\/28\/mas-uma-vez-joe-biden-provoca-a-guerra-e-chama-putin-de-acougueiro\/","title":{"rendered":"Mas uma vez Joe Biden provoca a guerra e Chama Putin de \u201cA\u00c7OUGUEIRO\u201d"},"content":{"rendered":"\n<figure class=\"wp-block-image size-large\"><img data-opt-id=1161817281  fetchpriority=\"high\" decoding=\"async\" width=\"679\" height=\"452\" src=\"https:\/\/mlbfrsat7ahr.i.optimole.com\/w:auto\/h:auto\/q:mauto\/ig:avif\/https:\/\/noticiasnoface.com.br\/wp-content\/uploads\/2022\/03\/img_0479.jpg\" alt=\"\" class=\"wp-image-5901\" srcset=\"https:\/\/mlbfrsat7ahr.i.optimole.com\/w:679\/h:452\/q:mauto\/ig:avif\/https:\/\/noticiasnoface.com.br\/wp-content\/uploads\/2022\/03\/img_0479.jpg 679w, https:\/\/mlbfrsat7ahr.i.optimole.com\/w:300\/h:200\/q:mauto\/ig:avif\/https:\/\/noticiasnoface.com.br\/wp-content\/uploads\/2022\/03\/img_0479.jpg 300w\" sizes=\"(max-width: 679px) 100vw, 679px\" \/><figcaption>O presidente dos Estados Unidos, <a href=\"https:\/\/www.cartacapital.com.br\/tag\/joe-biden\" target=\"_blank\" rel=\"noopener\">Joe Biden<\/a>, voltou a subir o tom contra o presidente da R\u00fassia, <a href=\"https:\/\/www.cartacapital.com.br\/tag\/vladimir-putin\" target=\"_blank\" rel=\"noopener\">Vladimir Putin<\/a>, a quem se referiu como \u201ca\u00e7ougueiro\u201d, neste s\u00e1bado 26. A declara\u00e7\u00e3o ocorreu ap\u00f3s uma visita a um centro de refugiados em Vars\u00f3via, na Pol\u00f4nia, em meio \u00e0 guerra na Ucr\u00e2nia.<br>Biden foi questionado por jornalistas sobre o que pensava ao ver os refugiados ucranianos enquanto lida com Putin e respondeu: \u201cEle \u00e9 um a\u00e7ougueiro\u201d.<br><br><br><br>O norte-americano tamb\u00e9m lan\u00e7ou d\u00favidas sobre <a href=\"https:\/\/www.cartacapital.com.br\/mundo\/russia-diz-que-objetivos-da-1a-fase-da-guerra-foram-alcancados-e-focara-na-libertacao-do-donbass\/\" target=\"_blank\" rel=\"noopener\">o an\u00fancio do Ex\u00e9rcito russo<\/a>de que a ofensiva na Ucr\u00e2nia se concentrar\u00e1, daqui para frente, na regi\u00e3o leste do pa\u00eds. \u201cN\u00e3o tenho certeza de que tenham mudado.\u201d<br>O vice-chefe do Estado-Maior das For\u00e7as Armadas da <a href=\"https:\/\/www.cartacapital.com.br\/tag\/russia\" target=\"_blank\" rel=\"noopener\">R\u00fassia<\/a>, Sergei Rudskoy, afirmou na sexta-feira 25 que \u201cos principais objetivos da primeira fase da opera\u00e7\u00e3o [na <a href=\"https:\/\/www.cartacapital.com.br\/tag\/ucrania\" target=\"_blank\" rel=\"noopener\">Ucr\u00e2nia<\/a>] foram alcan\u00e7ados\u201d e que \u201ca capacidade de combate das for\u00e7as ucranianas foi significativamente reduzida\u201d.<br>Com isso, alega o governo russo, o ex\u00e9rcito ter\u00e1 como foco a \u201cliberta\u00e7\u00e3o\u201d da regi\u00e3o do Donbass, no leste da Ucr\u00e2nia, de l\u00edngua majoritariamente russa. Nessa \u00e1rea est\u00e3o os territ\u00f3rios separatistas de Lugansk e Donetsk, reconhecidos como independentes por Moscou.<\/figcaption><\/figure>\n","protected":false},"excerpt":{"rendered":"","protected":false},"author":1,"featured_media":0,"comment_status":"open","ping_status":"open","sticky":false,"template":"","format":"standard","meta":{"site-sidebar-layout":"default","site-content-layout":"","ast-site-content-layout":"default","site-content-style":"default","site-sidebar-style":"default","ast-global-header-display":"","ast-banner-title-visibility":"","ast-main-header-display":"","ast-hfb-above-header-display":"","ast-hfb-below-header-display":"","ast-hfb-mobile-header-display":"","site-post-title":"","ast-breadcrumbs-content":"","ast-featured-img":"","footer-sml-layout":"","ast-disable-related-posts":"","theme-transparent-header-meta":"","adv-header-id-meta":"","stick-header-meta":"","header-above-stick-meta":"","header-main-stick-meta":"","header-below-stick-meta":"","astra-migrate-meta-layouts":"default","ast-page-background-enabled":"default","ast-page-background-meta":{"desktop":{"background-color":"var(--ast-global-color-4)","background-image":"","background-repeat":"repeat","background-position":"center center","background-size":"auto","background-attachment":"scroll","background-type":"","background-media":"","overlay-type":"","overlay-color":"","overlay-opacity":"","overlay-gradient":""},"tablet":{"background-color":"","background-image":"","background-repeat":"repeat","background-position":"center center","background-size":"auto","background-attachment":"scroll","background-type":"","background-media":"","overlay-type":"","overlay-color":"","overlay-opacity":"","overlay-gradient":""},"mobile":{"background-color":"","background-image":"","background-repeat":"repeat","background-position":"center center","background-size":"auto","background-attachment":"scroll","background-type":"","background-media":"","overlay-type":"","overlay-color":"","overlay-opacity":"","overlay-gradient":""}},"ast-content-background-meta":{"desktop":{"background-color":"var(--ast-global-color-5)","background-image":"","background-repeat":"repeat","background-position":"center center","background-size":"auto","background-attachment":"scroll","background-type":"","background-media":"","overlay-type":"","overlay-color":"","overlay-opacity":"","overlay-gradient":""},"tablet":{"background-color":"var(--ast-global-color-5)","background-image":"","background-repeat":"repeat","background-position":"center center","background-size":"auto","background-attachment":"scroll","background-type":"","background-media":"","overlay-type":"","overlay-color":"","overlay-opacity":"","overlay-gradient":""},"mobile":{"background-color":"var(--ast-global-color-5)","background-image":"","background-repeat":"repeat","background-position":"center center","background-size":"auto","background-attachment":"scroll","background-type":"","background-media":"","overlay-type":"","overlay-color":"","overlay-opacity":"","overlay-gradient":""}},"footnotes":""},"categories":[517],"tags":[211,258,240,376],"class_list":["post-5902","post","type-post","status-publish","format-standard","hentry","category-aconteceu","tag-guerra","tag-joe-biden","tag-putin","tag-ucrania-acougueiro"],"_links":{"self":[{"href":"https:\/\/noticiasnoface.com.br\/index.php\/wp-json\/wp\/v2\/posts\/5902","targetHints":{"allow":["GET"]}}],"collection":[{"href":"https:\/\/noticiasnoface.com.br\/index.php\/wp-json\/wp\/v2\/posts"}],"about":[{"href":"https:\/\/noticiasnoface.com.br\/index.php\/wp-json\/wp\/v2\/types\/post"}],"author":[{"embeddable":true,"href":"https:\/\/noticiasnoface.com.br\/index.php\/wp-json\/wp\/v2\/users\/1"}],"replies":[{"embeddable":true,"href":"https:\/\/noticiasnoface.com.br\/index.php\/wp-json\/wp\/v2\/comments?post=5902"}],"version-history":[{"count":1,"href":"https:\/\/noticiasnoface.com.br\/index.php\/wp-json\/wp\/v2\/posts\/5902\/revisions"}],"predecessor-version":[{"id":5903,"href":"https:\/\/noticiasnoface.com.br\/index.php\/wp-json\/wp\/v2\/posts\/5902\/revisions\/5903"}],"wp:attachment":[{"href":"https:\/\/noticiasnoface.com.br\/index.php\/wp-json\/wp\/v2\/media?parent=5902"}],"wp:term":[{"taxonomy":"category","embeddable":true,"href":"https:\/\/noticiasnoface.com.br\/index.php\/wp-json\/wp\/v2\/categories?post=5902"},{"taxonomy":"post_tag","embeddable":true,"href":"https:\/\/noticiasnoface.com.br\/index.php\/wp-json\/wp\/v2\/tags?post=5902"}],"curies":[{"name":"wp","href":"https:\/\/api.w.org\/{rel}","templated":true}]}}