{"id":5908,"date":"2022-03-28T11:01:05","date_gmt":"2022-03-28T14:01:05","guid":{"rendered":"https:\/\/noticiasnoface.com.br\/?p=5908"},"modified":"2022-03-28T11:01:06","modified_gmt":"2022-03-28T14:01:06","slug":"urgente-zelensky-declara-que-esta-disposto-a-decretar-a-ucrania-estado-neutro","status":"publish","type":"post","link":"https:\/\/noticiasnoface.com.br\/index.php\/2022\/03\/28\/urgente-zelensky-declara-que-esta-disposto-a-decretar-a-ucrania-estado-neutro\/","title":{"rendered":"URGENTE- Zelensky declara que est\u00e1 disposto a decretar a Ucr\u00e2nia estado Neutro"},"content":{"rendered":"\n<figure class=\"wp-block-image size-large\"><img data-opt-id=1526512958  fetchpriority=\"high\" decoding=\"async\" width=\"408\" height=\"230\" src=\"https:\/\/mlbfrsat7ahr.i.optimole.com\/w:auto\/h:auto\/q:mauto\/ig:avif\/https:\/\/noticiasnoface.com.br\/wp-content\/uploads\/2022\/03\/img_0486.jpg\" alt=\"\" class=\"wp-image-5907\" srcset=\"https:\/\/mlbfrsat7ahr.i.optimole.com\/w:408\/h:230\/q:mauto\/ig:avif\/https:\/\/noticiasnoface.com.br\/wp-content\/uploads\/2022\/03\/img_0486.jpg 408w, https:\/\/mlbfrsat7ahr.i.optimole.com\/w:300\/h:169\/q:mauto\/ig:avif\/https:\/\/noticiasnoface.com.br\/wp-content\/uploads\/2022\/03\/img_0486.jpg 300w\" sizes=\"(max-width: 408px) 100vw, 408px\" \/><figcaption><br>GUERRA NA UCR\u00c2NIA<br>Em entrevista a jornalistas independentes russos neste domingo (27), o presidente ucraniano, Volodymyr Zelensky, disse que o pa\u00eds est\u00e1 pronto para aceitar um status neutro e n\u00e3o nuclear como parte de um acordo de paz com a R\u00fassia.<br>\u201cGarantias de seguran\u00e7a e o status neutro e n\u00e3o nuclear de nosso estado. Estamos prontos para aceitar isso. Este \u00e9 o ponto mais importante\u201d, disse Zelensky.<br>Antes da entrevista, o presidente declarou que n\u00e3o sentaria para negociar com os russos caso Moscou buscasse discutir apenas a \u201cdesnazifica\u00e7\u00e3o\u201d da Ucr\u00e2nia. A acusa\u00e7\u00e3o russa \u00e9 refutada pelos ucranianos e pela comunidade internacional, j\u00e1 que o pr\u00f3prio Volodymyr Zelensky \u00e9 judeu.<br>R\u00fassia e Ucr\u00e2nia devem se reunir nesta ter\u00e7a-feira (29) em Istambul, na Turquia, em mais uma rodada de negocia\u00e7\u00f5es para um acordo de paz.<br><\/figcaption><\/figure>\n","protected":false},"excerpt":{"rendered":"","protected":false},"author":1,"featured_media":0,"comment_status":"open","ping_status":"open","sticky":false,"template":"","format":"standard","meta":{"site-sidebar-layout":"default","site-content-layout":"","ast-site-content-layout":"default","site-content-style":"default","site-sidebar-style":"default","ast-global-header-display":"","ast-banner-title-visibility":"","ast-main-header-display":"","ast-hfb-above-header-display":"","ast-hfb-below-header-display":"","ast-hfb-mobile-header-display":"","site-post-title":"","ast-breadcrumbs-content":"","ast-featured-img":"","footer-sml-layout":"","ast-disable-related-posts":"","theme-transparent-header-meta":"","adv-header-id-meta":"","stick-header-meta":"","header-above-stick-meta":"","header-main-stick-meta":"","header-below-stick-meta":"","astra-migrate-meta-layouts":"default","ast-page-background-enabled":"default","ast-page-background-meta":{"desktop":{"background-color":"var(--ast-global-color-4)","background-image":"","background-repeat":"repeat","background-position":"center center","background-size":"auto","background-attachment":"scroll","background-type":"","background-media":"","overlay-type":"","overlay-color":"","overlay-opacity":"","overlay-gradient":""},"tablet":{"background-color":"","background-image":"","background-repeat":"repeat","background-position":"center center","background-size":"auto","background-attachment":"scroll","background-type":"","background-media":"","overlay-type":"","overlay-color":"","overlay-opacity":"","overlay-gradient":""},"mobile":{"background-color":"","background-image":"","background-repeat":"repeat","background-position":"center center","background-size":"auto","background-attachment":"scroll","background-type":"","background-media":"","overlay-type":"","overlay-color":"","overlay-opacity":"","overlay-gradient":""}},"ast-content-background-meta":{"desktop":{"background-color":"var(--ast-global-color-5)","background-image":"","background-repeat":"repeat","background-position":"center center","background-size":"auto","background-attachment":"scroll","background-type":"","background-media":"","overlay-type":"","overlay-color":"","overlay-opacity":"","overlay-gradient":""},"tablet":{"background-color":"var(--ast-global-color-5)","background-image":"","background-repeat":"repeat","background-position":"center center","background-size":"auto","background-attachment":"scroll","background-type":"","background-media":"","overlay-type":"","overlay-color":"","overlay-opacity":"","overlay-gradient":""},"mobile":{"background-color":"var(--ast-global-color-5)","background-image":"","background-repeat":"repeat","background-position":"center center","background-size":"auto","background-attachment":"scroll","background-type":"","background-media":"","overlay-type":"","overlay-color":"","overlay-opacity":"","overlay-gradient":""}},"footnotes":""},"categories":[517],"tags":[],"class_list":["post-5908","post","type-post","status-publish","format-standard","hentry","category-aconteceu"],"_links":{"self":[{"href":"https:\/\/noticiasnoface.com.br\/index.php\/wp-json\/wp\/v2\/posts\/5908","targetHints":{"allow":["GET"]}}],"collection":[{"href":"https:\/\/noticiasnoface.com.br\/index.php\/wp-json\/wp\/v2\/posts"}],"about":[{"href":"https:\/\/noticiasnoface.com.br\/index.php\/wp-json\/wp\/v2\/types\/post"}],"author":[{"embeddable":true,"href":"https:\/\/noticiasnoface.com.br\/index.php\/wp-json\/wp\/v2\/users\/1"}],"replies":[{"embeddable":true,"href":"https:\/\/noticiasnoface.com.br\/index.php\/wp-json\/wp\/v2\/comments?post=5908"}],"version-history":[{"count":1,"href":"https:\/\/noticiasnoface.com.br\/index.php\/wp-json\/wp\/v2\/posts\/5908\/revisions"}],"predecessor-version":[{"id":5909,"href":"https:\/\/noticiasnoface.com.br\/index.php\/wp-json\/wp\/v2\/posts\/5908\/revisions\/5909"}],"wp:attachment":[{"href":"https:\/\/noticiasnoface.com.br\/index.php\/wp-json\/wp\/v2\/media?parent=5908"}],"wp:term":[{"taxonomy":"category","embeddable":true,"href":"https:\/\/noticiasnoface.com.br\/index.php\/wp-json\/wp\/v2\/categories?post=5908"},{"taxonomy":"post_tag","embeddable":true,"href":"https:\/\/noticiasnoface.com.br\/index.php\/wp-json\/wp\/v2\/tags?post=5908"}],"curies":[{"name":"wp","href":"https:\/\/api.w.org\/{rel}","templated":true}]}}