{"id":5931,"date":"2022-03-28T17:06:00","date_gmt":"2022-03-28T20:06:00","guid":{"rendered":"https:\/\/noticiasnoface.com.br\/?p=5931"},"modified":"2022-03-28T17:06:02","modified_gmt":"2022-03-28T20:06:02","slug":"roman-abramovitch-pode-ter-sido-envenenado","status":"publish","type":"post","link":"https:\/\/noticiasnoface.com.br\/index.php\/2022\/03\/28\/roman-abramovitch-pode-ter-sido-envenenado\/","title":{"rendered":"Roman Abramovitch pode ter sido envenenado"},"content":{"rendered":"\n<figure class=\"wp-block-image size-large\"><img data-opt-id=775264117  fetchpriority=\"high\" decoding=\"async\" width=\"600\" height=\"400\" src=\"https:\/\/mlbfrsat7ahr.i.optimole.com\/w:auto\/h:auto\/q:mauto\/ig:avif\/https:\/\/noticiasnoface.com.br\/wp-content\/uploads\/2022\/03\/img_0514.jpg\" alt=\"\" class=\"wp-image-5930\" srcset=\"https:\/\/mlbfrsat7ahr.i.optimole.com\/w:600\/h:400\/q:mauto\/ig:avif\/https:\/\/noticiasnoface.com.br\/wp-content\/uploads\/2022\/03\/img_0514.jpg 600w, https:\/\/mlbfrsat7ahr.i.optimole.com\/w:300\/h:200\/q:mauto\/ig:avif\/https:\/\/noticiasnoface.com.br\/wp-content\/uploads\/2022\/03\/img_0514.jpg 300w\" sizes=\"(max-width: 600px) 100vw, 600px\" \/><figcaption>O oligarca russo Roman Abramovich e dois negociadores de paz ucranianos tiveram sintomas de um poss\u00edvel envenenamento ap\u00f3s uma reuni\u00e3o em Kiev no in\u00edcio deste m\u00eas, reportou nesta segunda-feira (28) o &#8220;The Wall Street Journal&#8221; (WSJ), ao citar &#8220;pessoas a par do tema&#8221;. <br>O site de jornalismo investigativo Belling Cat, com sede na Holanda, e que tem acompanhado de perto a crise entre <a href=\"https:\/\/g1.globo.com\/tudo-sobre\/ucrania\/\" target=\"_blank\" rel=\"noopener\">Ucr\u00e2nia<\/a>e <a href=\"https:\/\/g1.globo.com\/tudo-sobre\/russia\/\" target=\"_blank\" rel=\"noopener\">R\u00fassia<\/a>, afirma que confirmou com suas fontes as mesmas informa\u00e7\u00f5es que o di\u00e1rio americano. O mesmo foi feito pelo jornal brit\u00e2nico &#8220;The Guardian&#8221;.<br><br><a href=\"https:\/\/g1.globo.com\/mundo\/ucrania-russia\/noticia\/2022\/03\/28\/o-que-se-sabe-e-o-que-falta-saber-sobre-o-suposto-envenenamento-de-abramovich-e-de-dois-negociadores-ucranianos.ghtml\" target=\"_blank\" rel=\"noopener\">Qual a subst\u00e2ncia? Quem foi afetado? o que sabe e o que falta saber sobre o suposto envenenamento<\/a><br><a href=\"https:\/\/g1.globo.com\/mundo\/ucrania-russia\/noticia\/2022\/03\/28\/quem-e-roman-abramovich-bilionario-russo-dono-do-chelsea.ghtml\" target=\"_blank\" rel=\"noopener\">Quem \u00e9 Roman Abramovich e qual \u00e9 sua fortuna?<\/a><br><br>Segundo o WSJ, ap\u00f3s a reuni\u00e3o na capital ucraniana, Abramovich, que viajou entre Moscou, Lviv e outros locais de negocia\u00e7\u00e3o, bem como pelo menos dois membros s\u00eaniores da equipe de negocia\u00e7\u00e3o ucraniana desenvolveram sintomas que incluem olhos vermelhos, lacrimejamento constante e doloroso, al\u00e9m de descama\u00e7\u00e3o da pele do rosto e das m\u00e3os, afirmaram as fontes.<br><br>At\u00e9 onde o WSJ conseguiu apurar, a vida de Abramovich e dos negociadores ucranianos n\u00e3o estaria em perigo e sua condi\u00e7\u00e3o melhorou desde o suposto envenenamento.<br><br>Uma autoridade dos Estados Unidos disse \u00e0 ag\u00eancia Reuters que a Intelig\u00eancia do pa\u00eds sugeriu que os sintomas foram provocados por um fator ambiental, e n\u00e3o por um envenenamento.<br><br>Segundo reportou o &#8220;Guardian&#8221;, Abramovich teria perdido a vis\u00e3o durante &#8220;v\u00e1rias horas&#8221; e recebeu tratamento em um centro de sa\u00fade da Turquia, para onde viajava ap\u00f3s o encontro informal para negociar a paz em meio a invas\u00e3o russa da <a href=\"https:\/\/g1.globo.com\/tudo-sobre\/ucrania\/\" target=\"_blank\" rel=\"noopener\">Ucr\u00e2nia<\/a>.<br>Abramovich est\u00e1 entre os bilion\u00e1rios russos sancionados como parte dos esfor\u00e7os do Ocidente para isolar o presidente russo, Vladimir Putin, pela invas\u00e3o da <a href=\"https:\/\/g1.globo.com\/tudo-sobre\/ucrania\/\" target=\"_blank\" rel=\"noopener\">Ucr\u00e2nia<\/a>. O oligarca nega ter la\u00e7os pr\u00f3ximos com Putin.<br>Al\u00e9m do dono do Chelsea F.C., o jornal identificou ao menos um dos negociadores que apresentaram os sintomas: Rustem Umerov, parlamentar ucraniano e empres\u00e1rio.<\/figcaption><\/figure>\n","protected":false},"excerpt":{"rendered":"","protected":false},"author":1,"featured_media":0,"comment_status":"open","ping_status":"open","sticky":false,"template":"","format":"standard","meta":{"site-sidebar-layout":"default","site-content-layout":"","ast-site-content-layout":"default","site-content-style":"default","site-sidebar-style":"default","ast-global-header-display":"","ast-banner-title-visibility":"","ast-main-header-display":"","ast-hfb-above-header-display":"","ast-hfb-below-header-display":"","ast-hfb-mobile-header-display":"","site-post-title":"","ast-breadcrumbs-content":"","ast-featured-img":"","footer-sml-layout":"","ast-disable-related-posts":"","theme-transparent-header-meta":"","adv-header-id-meta":"","stick-header-meta":"","header-above-stick-meta":"","header-main-stick-meta":"","header-below-stick-meta":"","astra-migrate-meta-layouts":"default","ast-page-background-enabled":"default","ast-page-background-meta":{"desktop":{"background-color":"var(--ast-global-color-4)","background-image":"","background-repeat":"repeat","background-position":"center center","background-size":"auto","background-attachment":"scroll","background-type":"","background-media":"","overlay-type":"","overlay-color":"","overlay-opacity":"","overlay-gradient":""},"tablet":{"background-color":"","background-image":"","background-repeat":"repeat","background-position":"center center","background-size":"auto","background-attachment":"scroll","background-type":"","background-media":"","overlay-type":"","overlay-color":"","overlay-opacity":"","overlay-gradient":""},"mobile":{"background-color":"","background-image":"","background-repeat":"repeat","background-position":"center center","background-size":"auto","background-attachment":"scroll","background-type":"","background-media":"","overlay-type":"","overlay-color":"","overlay-opacity":"","overlay-gradient":""}},"ast-content-background-meta":{"desktop":{"background-color":"var(--ast-global-color-5)","background-image":"","background-repeat":"repeat","background-position":"center center","background-size":"auto","background-attachment":"scroll","background-type":"","background-media":"","overlay-type":"","overlay-color":"","overlay-opacity":"","overlay-gradient":""},"tablet":{"background-color":"var(--ast-global-color-5)","background-image":"","background-repeat":"repeat","background-position":"center center","background-size":"auto","background-attachment":"scroll","background-type":"","background-media":"","overlay-type":"","overlay-color":"","overlay-opacity":"","overlay-gradient":""},"mobile":{"background-color":"var(--ast-global-color-5)","background-image":"","background-repeat":"repeat","background-position":"center center","background-size":"auto","background-attachment":"scroll","background-type":"","background-media":"","overlay-type":"","overlay-color":"","overlay-opacity":"","overlay-gradient":""}},"footnotes":""},"categories":[517],"tags":[],"class_list":["post-5931","post","type-post","status-publish","format-standard","hentry","category-aconteceu"],"_links":{"self":[{"href":"https:\/\/noticiasnoface.com.br\/index.php\/wp-json\/wp\/v2\/posts\/5931","targetHints":{"allow":["GET"]}}],"collection":[{"href":"https:\/\/noticiasnoface.com.br\/index.php\/wp-json\/wp\/v2\/posts"}],"about":[{"href":"https:\/\/noticiasnoface.com.br\/index.php\/wp-json\/wp\/v2\/types\/post"}],"author":[{"embeddable":true,"href":"https:\/\/noticiasnoface.com.br\/index.php\/wp-json\/wp\/v2\/users\/1"}],"replies":[{"embeddable":true,"href":"https:\/\/noticiasnoface.com.br\/index.php\/wp-json\/wp\/v2\/comments?post=5931"}],"version-history":[{"count":1,"href":"https:\/\/noticiasnoface.com.br\/index.php\/wp-json\/wp\/v2\/posts\/5931\/revisions"}],"predecessor-version":[{"id":5932,"href":"https:\/\/noticiasnoface.com.br\/index.php\/wp-json\/wp\/v2\/posts\/5931\/revisions\/5932"}],"wp:attachment":[{"href":"https:\/\/noticiasnoface.com.br\/index.php\/wp-json\/wp\/v2\/media?parent=5931"}],"wp:term":[{"taxonomy":"category","embeddable":true,"href":"https:\/\/noticiasnoface.com.br\/index.php\/wp-json\/wp\/v2\/categories?post=5931"},{"taxonomy":"post_tag","embeddable":true,"href":"https:\/\/noticiasnoface.com.br\/index.php\/wp-json\/wp\/v2\/tags?post=5931"}],"curies":[{"name":"wp","href":"https:\/\/api.w.org\/{rel}","templated":true}]}}