{"id":5940,"date":"2022-03-28T18:55:21","date_gmt":"2022-03-28T21:55:21","guid":{"rendered":"https:\/\/noticiasnoface.com.br\/?p=5940"},"modified":"2022-03-28T18:55:22","modified_gmt":"2022-03-28T21:55:22","slug":"bolsonaro-manda-pl-retirar-pedido-ao-tse","status":"publish","type":"post","link":"https:\/\/noticiasnoface.com.br\/index.php\/2022\/03\/28\/bolsonaro-manda-pl-retirar-pedido-ao-tse\/","title":{"rendered":"Bolsonaro manda PL retirar pedido ao TSE"},"content":{"rendered":"\n<figure class=\"wp-block-image size-large\"><img data-opt-id=319299030  fetchpriority=\"high\" decoding=\"async\" width=\"645\" height=\"388\" src=\"https:\/\/mlbfrsat7ahr.i.optimole.com\/w:auto\/h:auto\/q:mauto\/ig:avif\/https:\/\/noticiasnoface.com.br\/wp-content\/uploads\/2022\/03\/img_0522.jpg\" alt=\"\" class=\"wp-image-5939\" srcset=\"https:\/\/mlbfrsat7ahr.i.optimole.com\/w:645\/h:388\/q:mauto\/ig:avif\/https:\/\/noticiasnoface.com.br\/wp-content\/uploads\/2022\/03\/img_0522.jpg 645w, https:\/\/mlbfrsat7ahr.i.optimole.com\/w:300\/h:180\/q:mauto\/ig:avif\/https:\/\/noticiasnoface.com.br\/wp-content\/uploads\/2022\/03\/img_0522.jpg 300w\" sizes=\"(max-width: 645px) 100vw, 645px\" \/><figcaption>Jair Bolsonaro decidiu que o PL deve retirar a a\u00e7\u00e3o que o pr\u00f3prio partido impetrou na sexta-feira no TSE pedindo que quaisquer manifesta\u00e7\u00f5es contra o presidente feitas por artistas feitas no Lollapalooza fossem proibidas.<br>De acordo com um ministro que esteve agora com o presidente, Bolsonaro alegou que n\u00e3o havia tomado conhecimento do imbr\u00f3glio \u2014 algo que ser\u00e1 dif\u00edcil para algu\u00e9m acreditar, ressalte-se. E que &#8220;\u00e9 a favor da plena liberdade de manifesta\u00e7\u00e3o&#8221;. Diz o auxiliar do presidente:<br>\u2014 At\u00e9 por que se ningu\u00e9m pode dizer &#8220;fora Bolsonaro&#8221; n\u00e3o poderia dizer tamb\u00e9m &#8220;fora Lula&#8221;, n\u00e3o faz sentido.<br>Bolsonaro j\u00e1 ligou para Valdemar da Costa Neto determinando que o partido desista da a\u00e7\u00e3o. <br>A a\u00e7\u00e3o, segundo disse hoje o ministro Edson Fachin, seria levada ao plen\u00e1rio do TSE assim que fosse liberada pelo relator do caso, o ministro Raul Ara\u00fajo, para ser pautada. Foi Ara\u00fajo quem, no s\u00e1bado, determinou a  censura \u00e0s manifesta\u00e7\u00f5es contra Bolsonaro.<\/figcaption><\/figure>\n","protected":false},"excerpt":{"rendered":"","protected":false},"author":1,"featured_media":0,"comment_status":"open","ping_status":"open","sticky":false,"template":"","format":"standard","meta":{"site-sidebar-layout":"default","site-content-layout":"","ast-site-content-layout":"default","site-content-style":"default","site-sidebar-style":"default","ast-global-header-display":"","ast-banner-title-visibility":"","ast-main-header-display":"","ast-hfb-above-header-display":"","ast-hfb-below-header-display":"","ast-hfb-mobile-header-display":"","site-post-title":"","ast-breadcrumbs-content":"","ast-featured-img":"","footer-sml-layout":"","ast-disable-related-posts":"","theme-transparent-header-meta":"","adv-header-id-meta":"","stick-header-meta":"","header-above-stick-meta":"","header-main-stick-meta":"","header-below-stick-meta":"","astra-migrate-meta-layouts":"default","ast-page-background-enabled":"default","ast-page-background-meta":{"desktop":{"background-color":"var(--ast-global-color-4)","background-image":"","background-repeat":"repeat","background-position":"center center","background-size":"auto","background-attachment":"scroll","background-type":"","background-media":"","overlay-type":"","overlay-color":"","overlay-opacity":"","overlay-gradient":""},"tablet":{"background-color":"","background-image":"","background-repeat":"repeat","background-position":"center center","background-size":"auto","background-attachment":"scroll","background-type":"","background-media":"","overlay-type":"","overlay-color":"","overlay-opacity":"","overlay-gradient":""},"mobile":{"background-color":"","background-image":"","background-repeat":"repeat","background-position":"center center","background-size":"auto","background-attachment":"scroll","background-type":"","background-media":"","overlay-type":"","overlay-color":"","overlay-opacity":"","overlay-gradient":""}},"ast-content-background-meta":{"desktop":{"background-color":"var(--ast-global-color-5)","background-image":"","background-repeat":"repeat","background-position":"center center","background-size":"auto","background-attachment":"scroll","background-type":"","background-media":"","overlay-type":"","overlay-color":"","overlay-opacity":"","overlay-gradient":""},"tablet":{"background-color":"var(--ast-global-color-5)","background-image":"","background-repeat":"repeat","background-position":"center center","background-size":"auto","background-attachment":"scroll","background-type":"","background-media":"","overlay-type":"","overlay-color":"","overlay-opacity":"","overlay-gradient":""},"mobile":{"background-color":"var(--ast-global-color-5)","background-image":"","background-repeat":"repeat","background-position":"center center","background-size":"auto","background-attachment":"scroll","background-type":"","background-media":"","overlay-type":"","overlay-color":"","overlay-opacity":"","overlay-gradient":""}},"footnotes":""},"categories":[517],"tags":[8,319],"class_list":["post-5940","post","type-post","status-publish","format-standard","hentry","category-aconteceu","tag-bolsonaro","tag-tse"],"_links":{"self":[{"href":"https:\/\/noticiasnoface.com.br\/index.php\/wp-json\/wp\/v2\/posts\/5940","targetHints":{"allow":["GET"]}}],"collection":[{"href":"https:\/\/noticiasnoface.com.br\/index.php\/wp-json\/wp\/v2\/posts"}],"about":[{"href":"https:\/\/noticiasnoface.com.br\/index.php\/wp-json\/wp\/v2\/types\/post"}],"author":[{"embeddable":true,"href":"https:\/\/noticiasnoface.com.br\/index.php\/wp-json\/wp\/v2\/users\/1"}],"replies":[{"embeddable":true,"href":"https:\/\/noticiasnoface.com.br\/index.php\/wp-json\/wp\/v2\/comments?post=5940"}],"version-history":[{"count":1,"href":"https:\/\/noticiasnoface.com.br\/index.php\/wp-json\/wp\/v2\/posts\/5940\/revisions"}],"predecessor-version":[{"id":5941,"href":"https:\/\/noticiasnoface.com.br\/index.php\/wp-json\/wp\/v2\/posts\/5940\/revisions\/5941"}],"wp:attachment":[{"href":"https:\/\/noticiasnoface.com.br\/index.php\/wp-json\/wp\/v2\/media?parent=5940"}],"wp:term":[{"taxonomy":"category","embeddable":true,"href":"https:\/\/noticiasnoface.com.br\/index.php\/wp-json\/wp\/v2\/categories?post=5940"},{"taxonomy":"post_tag","embeddable":true,"href":"https:\/\/noticiasnoface.com.br\/index.php\/wp-json\/wp\/v2\/tags?post=5940"}],"curies":[{"name":"wp","href":"https:\/\/api.w.org\/{rel}","templated":true}]}}