{"id":5943,"date":"2022-03-28T20:15:33","date_gmt":"2022-03-28T23:15:33","guid":{"rendered":"https:\/\/noticiasnoface.com.br\/?p=5943"},"modified":"2022-03-28T20:16:14","modified_gmt":"2022-03-28T23:16:14","slug":"novo-presidente-da-petrobras","status":"publish","type":"post","link":"https:\/\/noticiasnoface.com.br\/index.php\/2022\/03\/28\/novo-presidente-da-petrobras\/","title":{"rendered":"Novo presidente da PETROBRAS"},"content":{"rendered":"\n<figure class=\"wp-block-image size-large\"><img data-opt-id=1522816228  fetchpriority=\"high\" decoding=\"async\" width=\"1000\" height=\"563\" src=\"https:\/\/mlbfrsat7ahr.i.optimole.com\/w:auto\/h:auto\/q:mauto\/ig:avif\/https:\/\/noticiasnoface.com.br\/wp-content\/uploads\/2022\/03\/img_0020.jpg\" alt=\"\" class=\"wp-image-5942\" srcset=\"https:\/\/mlbfrsat7ahr.i.optimole.com\/w:1000\/h:563\/q:mauto\/ig:avif\/https:\/\/noticiasnoface.com.br\/wp-content\/uploads\/2022\/03\/img_0020.jpg 1000w, https:\/\/mlbfrsat7ahr.i.optimole.com\/w:300\/h:169\/q:mauto\/ig:avif\/https:\/\/noticiasnoface.com.br\/wp-content\/uploads\/2022\/03\/img_0020.jpg 300w, https:\/\/mlbfrsat7ahr.i.optimole.com\/w:768\/h:432\/q:mauto\/ig:avif\/https:\/\/noticiasnoface.com.br\/wp-content\/uploads\/2022\/03\/img_0020.jpg 768w\" sizes=\"(max-width: 1000px) 100vw, 1000px\" \/><figcaption>O governo federal anunciou nesta segunda-feira (28) que substituir\u00e1 o general da reserva <a href=\"https:\/\/g1.globo.com\/tudo-sobre\/joaquim-silva-e-luna\/\" target=\"_blank\" rel=\"noopener\">Joaquim Silva e Luna<\/a>na presid\u00eancia da Petrobras. Para a vaga, o <a href=\"https:\/\/g1.globo.com\/tudo-sobre\/ministerio-de-minas-e-energia\/\" target=\"_blank\" rel=\"noopener\">Minist\u00e9rio de Minas e Energia<\/a> decidiu indicar <strong>Adriano Pires<\/strong>, fundador do Centro Brasileiro de Infraestrutura (CBIE). <br>A mudan\u00e7a precisa ser confirmada pela assembleia-geral dos acionistas da estatal. A pr\u00f3xima reuni\u00e3o est\u00e1 marcada para 13 de abril. <br>Segundo o material divulgado pelo <a href=\"https:\/\/g1.globo.com\/tudo-sobre\/ministerio-de-minas-e-energia\/\" target=\"_blank\" rel=\"noopener\">Minist\u00e9rio de Minas e Energia<\/a>, se a decis\u00e3o for confirmada pelos acionistas, Joaquim Silva e Luna deixar\u00e1 a cadeia de comando da petroleira: o nome dele n\u00e3o aparece na composi\u00e7\u00e3o prevista para o conselho de administra\u00e7\u00e3o da Petrobras. <br><br>At\u00e9 a confirma\u00e7\u00e3o das decis\u00f5es na assembleia, no entanto, Silva e Luna segue no comando da Petrobras \u2013 a menos que decida pedir para deixar o cargo nos pr\u00f3ximos dias. <br>Os acionistas tamb\u00e9m ter\u00e3o de dar aval ao nome do <a href=\"https:\/\/g1.globo.com\/rj\/rio-de-janeiro\/noticia\/2022\/03\/06\/saiba-quem-e-rodolfo-landim-indicado-ao-conselho-de-administracao-da-petrobras.ghtml\" target=\"_blank\" rel=\"noopener\">empres\u00e1rio Rodolfo Landim para presidir o conselho de administra\u00e7\u00e3o.<\/a> Presidente do Flamengo, Landim foi <a href=\"https:\/\/g1.globo.com\/rj\/rio-de-janeiro\/noticia\/2022\/03\/06\/governo-indica-presidente-do-flamengo-para-comandar-conselho-da-petrobras.ghtml\" target=\"_blank\" rel=\"noopener\">indicado para o posto no \u00faltimo dia 6<\/a>, mas n\u00e3o assumiu a posi\u00e7\u00e3o porque aguarda a aprova\u00e7\u00e3o da assembleia.<\/figcaption><\/figure>\n","protected":false},"excerpt":{"rendered":"","protected":false},"author":1,"featured_media":0,"comment_status":"open","ping_status":"open","sticky":false,"template":"","format":"standard","meta":{"site-sidebar-layout":"default","site-content-layout":"","ast-site-content-layout":"default","site-content-style":"default","site-sidebar-style":"default","ast-global-header-display":"","ast-banner-title-visibility":"","ast-main-header-display":"","ast-hfb-above-header-display":"","ast-hfb-below-header-display":"","ast-hfb-mobile-header-display":"","site-post-title":"","ast-breadcrumbs-content":"","ast-featured-img":"","footer-sml-layout":"","ast-disable-related-posts":"","theme-transparent-header-meta":"","adv-header-id-meta":"","stick-header-meta":"","header-above-stick-meta":"","header-main-stick-meta":"","header-below-stick-meta":"","astra-migrate-meta-layouts":"default","ast-page-background-enabled":"default","ast-page-background-meta":{"desktop":{"background-color":"var(--ast-global-color-4)","background-image":"","background-repeat":"repeat","background-position":"center center","background-size":"auto","background-attachment":"scroll","background-type":"","background-media":"","overlay-type":"","overlay-color":"","overlay-opacity":"","overlay-gradient":""},"tablet":{"background-color":"","background-image":"","background-repeat":"repeat","background-position":"center center","background-size":"auto","background-attachment":"scroll","background-type":"","background-media":"","overlay-type":"","overlay-color":"","overlay-opacity":"","overlay-gradient":""},"mobile":{"background-color":"","background-image":"","background-repeat":"repeat","background-position":"center center","background-size":"auto","background-attachment":"scroll","background-type":"","background-media":"","overlay-type":"","overlay-color":"","overlay-opacity":"","overlay-gradient":""}},"ast-content-background-meta":{"desktop":{"background-color":"var(--ast-global-color-5)","background-image":"","background-repeat":"repeat","background-position":"center center","background-size":"auto","background-attachment":"scroll","background-type":"","background-media":"","overlay-type":"","overlay-color":"","overlay-opacity":"","overlay-gradient":""},"tablet":{"background-color":"var(--ast-global-color-5)","background-image":"","background-repeat":"repeat","background-position":"center center","background-size":"auto","background-attachment":"scroll","background-type":"","background-media":"","overlay-type":"","overlay-color":"","overlay-opacity":"","overlay-gradient":""},"mobile":{"background-color":"var(--ast-global-color-5)","background-image":"","background-repeat":"repeat","background-position":"center center","background-size":"auto","background-attachment":"scroll","background-type":"","background-media":"","overlay-type":"","overlay-color":"","overlay-opacity":"","overlay-gradient":""}},"footnotes":""},"categories":[165],"tags":[],"class_list":["post-5943","post","type-post","status-publish","format-standard","hentry","category-economia"],"_links":{"self":[{"href":"https:\/\/noticiasnoface.com.br\/index.php\/wp-json\/wp\/v2\/posts\/5943","targetHints":{"allow":["GET"]}}],"collection":[{"href":"https:\/\/noticiasnoface.com.br\/index.php\/wp-json\/wp\/v2\/posts"}],"about":[{"href":"https:\/\/noticiasnoface.com.br\/index.php\/wp-json\/wp\/v2\/types\/post"}],"author":[{"embeddable":true,"href":"https:\/\/noticiasnoface.com.br\/index.php\/wp-json\/wp\/v2\/users\/1"}],"replies":[{"embeddable":true,"href":"https:\/\/noticiasnoface.com.br\/index.php\/wp-json\/wp\/v2\/comments?post=5943"}],"version-history":[{"count":1,"href":"https:\/\/noticiasnoface.com.br\/index.php\/wp-json\/wp\/v2\/posts\/5943\/revisions"}],"predecessor-version":[{"id":5944,"href":"https:\/\/noticiasnoface.com.br\/index.php\/wp-json\/wp\/v2\/posts\/5943\/revisions\/5944"}],"wp:attachment":[{"href":"https:\/\/noticiasnoface.com.br\/index.php\/wp-json\/wp\/v2\/media?parent=5943"}],"wp:term":[{"taxonomy":"category","embeddable":true,"href":"https:\/\/noticiasnoface.com.br\/index.php\/wp-json\/wp\/v2\/categories?post=5943"},{"taxonomy":"post_tag","embeddable":true,"href":"https:\/\/noticiasnoface.com.br\/index.php\/wp-json\/wp\/v2\/tags?post=5943"}],"curies":[{"name":"wp","href":"https:\/\/api.w.org\/{rel}","templated":true}]}}