{"id":5946,"date":"2022-03-28T20:48:00","date_gmt":"2022-03-28T23:48:00","guid":{"rendered":"https:\/\/noticiasnoface.com.br\/?p=5946"},"modified":"2022-03-28T20:48:01","modified_gmt":"2022-03-28T23:48:01","slug":"filha-e-esposa-de-eletricista-morto-pode-receber-ate-1-milhao-de-indenizacao","status":"publish","type":"post","link":"https:\/\/noticiasnoface.com.br\/index.php\/2022\/03\/28\/filha-e-esposa-de-eletricista-morto-pode-receber-ate-1-milhao-de-indenizacao\/","title":{"rendered":"Filha e esposa de eletricista morto pode receber at\u00e9 1 milh\u00e3o de indeniza\u00e7\u00e3o!"},"content":{"rendered":"\n<figure class=\"wp-block-image size-large\"><img data-opt-id=133721241  fetchpriority=\"high\" decoding=\"async\" width=\"1280\" height=\"720\" src=\"https:\/\/mlbfrsat7ahr.i.optimole.com\/w:auto\/h:auto\/q:mauto\/ig:avif\/https:\/\/noticiasnoface.com.br\/wp-content\/uploads\/2022\/03\/img_0525.jpg\" alt=\"\" class=\"wp-image-5945\" srcset=\"https:\/\/mlbfrsat7ahr.i.optimole.com\/w:1280\/h:720\/q:mauto\/ig:avif\/https:\/\/noticiasnoface.com.br\/wp-content\/uploads\/2022\/03\/img_0525.jpg 1280w, https:\/\/mlbfrsat7ahr.i.optimole.com\/w:300\/h:169\/q:mauto\/ig:avif\/https:\/\/noticiasnoface.com.br\/wp-content\/uploads\/2022\/03\/img_0525.jpg 300w, https:\/\/mlbfrsat7ahr.i.optimole.com\/w:1024\/h:576\/q:mauto\/ig:avif\/https:\/\/noticiasnoface.com.br\/wp-content\/uploads\/2022\/03\/img_0525.jpg 1024w, https:\/\/mlbfrsat7ahr.i.optimole.com\/w:768\/h:432\/q:mauto\/ig:avif\/https:\/\/noticiasnoface.com.br\/wp-content\/uploads\/2022\/03\/img_0525.jpg 768w\" sizes=\"(max-width: 1000px) 100vw, 1000px\" \/><figcaption>A vi\u00fava e a filha de trabalhador morto em acidente de trabalho ocorrido em Parintins, no interior do Amazonas, em 2018, ser\u00e3o indenizadas em R$ 986 mil. A decis\u00e3o foi da Segunda Turma do Tribunal Regional do Trabalho da 11\u00aa Regi\u00e3o (Amazonas e Roraima). Ainda cabe recurso ao Tribunal Superior do Trabalho (TST).<br>.<br>.<br><br>O trabalhador era eletricista da Amazonas Energia desde 1990. Ele realizava servi\u00e7os de manuten\u00e7\u00e3o nas redes de distribui\u00e7\u00e3o de energia, quando sofreu um choque el\u00e9trico e caiu desacordado de uma altura aproximada de 11 metros. O eletricista, que trabalhou 28 anos para empresa, faleceu no local do acidente.<br>.<br>.<br><br>Ao ajuizar uma a\u00e7\u00e3o trabalhista no TRT-11, a vi\u00fava do trabalhador pediu o pagamento de indeniza\u00e7\u00e3o por danos materiais e morais que somavam mais de R$ 4,5 milh\u00f5es. Em menos de um ano do in\u00edcio do processo, a ju\u00edza do trabalho da 16\u00aa Vara do Trabalho de Manaus, Sandra Mara Freitas Alves, proferiu senten\u00e7a condenando a empresa a pagar, \u00e0 vi\u00fava e \u00e0 filha do trabalhador falecido, o valor de R$ 986.622,96 a t\u00edtulo de indeniza\u00e7\u00e3o por danos morais e danos materiais.<br>.<br>.<br><br>Ao analisar as provas no processo, a magistrada observou que al\u00e9m da atividade desempenhada pelo trabalhador ser considerada de risco, justificando a responsabilidade civil objetiva da empregadora, a empresa n\u00e3o forneceu os equipamentos de seguran\u00e7a, tampouco o treinamento adequado. Desta forma, a ju\u00edza Sandra Mara afastou a alega\u00e7\u00e3o da Amazonas Energia de que a culpa era exclusiva da v\u00edtima (excludente de responsabilidade civil).<br>Inconformados com a decis\u00e3o, tanto a empresa quanto a fam\u00edlia do eletricista recorreram \u00e0 segunda inst\u00e2ncia do TRT-11. <br>.<br>.<br>A senten\u00e7a de primeiro grau foi confirmada por unanimidade pela Segunda Turma do TRT-11, conforme ac\u00f3rd\u00e3o proferido em grau de recurso ordin\u00e1rio.<br>O relator do ac\u00f3rd\u00e3o, desembargador Lairto Jos\u00e9 Veloso, manteve integralmente a senten\u00e7a de origem. Al\u00e9m do relator, participaram do julgamento as desembargadoras Joicilene Jer\u00f4nimo Portela e Eleonora de Souza Saunier.<\/figcaption><\/figure>\n","protected":false},"excerpt":{"rendered":"","protected":false},"author":1,"featured_media":0,"comment_status":"open","ping_status":"open","sticky":false,"template":"","format":"standard","meta":{"site-sidebar-layout":"default","site-content-layout":"","ast-site-content-layout":"default","site-content-style":"default","site-sidebar-style":"default","ast-global-header-display":"","ast-banner-title-visibility":"","ast-main-header-display":"","ast-hfb-above-header-display":"","ast-hfb-below-header-display":"","ast-hfb-mobile-header-display":"","site-post-title":"","ast-breadcrumbs-content":"","ast-featured-img":"","footer-sml-layout":"","ast-disable-related-posts":"","theme-transparent-header-meta":"","adv-header-id-meta":"","stick-header-meta":"","header-above-stick-meta":"","header-main-stick-meta":"","header-below-stick-meta":"","astra-migrate-meta-layouts":"default","ast-page-background-enabled":"default","ast-page-background-meta":{"desktop":{"background-color":"var(--ast-global-color-4)","background-image":"","background-repeat":"repeat","background-position":"center center","background-size":"auto","background-attachment":"scroll","background-type":"","background-media":"","overlay-type":"","overlay-color":"","overlay-opacity":"","overlay-gradient":""},"tablet":{"background-color":"","background-image":"","background-repeat":"repeat","background-position":"center center","background-size":"auto","background-attachment":"scroll","background-type":"","background-media":"","overlay-type":"","overlay-color":"","overlay-opacity":"","overlay-gradient":""},"mobile":{"background-color":"","background-image":"","background-repeat":"repeat","background-position":"center center","background-size":"auto","background-attachment":"scroll","background-type":"","background-media":"","overlay-type":"","overlay-color":"","overlay-opacity":"","overlay-gradient":""}},"ast-content-background-meta":{"desktop":{"background-color":"var(--ast-global-color-5)","background-image":"","background-repeat":"repeat","background-position":"center center","background-size":"auto","background-attachment":"scroll","background-type":"","background-media":"","overlay-type":"","overlay-color":"","overlay-opacity":"","overlay-gradient":""},"tablet":{"background-color":"var(--ast-global-color-5)","background-image":"","background-repeat":"repeat","background-position":"center center","background-size":"auto","background-attachment":"scroll","background-type":"","background-media":"","overlay-type":"","overlay-color":"","overlay-opacity":"","overlay-gradient":""},"mobile":{"background-color":"var(--ast-global-color-5)","background-image":"","background-repeat":"repeat","background-position":"center center","background-size":"auto","background-attachment":"scroll","background-type":"","background-media":"","overlay-type":"","overlay-color":"","overlay-opacity":"","overlay-gradient":""}},"footnotes":""},"categories":[517],"tags":[383,381,382,384],"class_list":["post-5946","post","type-post","status-publish","format-standard","hentry","category-aconteceu","tag-acidente-de-trabalho","tag-eletricista","tag-indenizacao","tag-obito"],"_links":{"self":[{"href":"https:\/\/noticiasnoface.com.br\/index.php\/wp-json\/wp\/v2\/posts\/5946","targetHints":{"allow":["GET"]}}],"collection":[{"href":"https:\/\/noticiasnoface.com.br\/index.php\/wp-json\/wp\/v2\/posts"}],"about":[{"href":"https:\/\/noticiasnoface.com.br\/index.php\/wp-json\/wp\/v2\/types\/post"}],"author":[{"embeddable":true,"href":"https:\/\/noticiasnoface.com.br\/index.php\/wp-json\/wp\/v2\/users\/1"}],"replies":[{"embeddable":true,"href":"https:\/\/noticiasnoface.com.br\/index.php\/wp-json\/wp\/v2\/comments?post=5946"}],"version-history":[{"count":1,"href":"https:\/\/noticiasnoface.com.br\/index.php\/wp-json\/wp\/v2\/posts\/5946\/revisions"}],"predecessor-version":[{"id":5947,"href":"https:\/\/noticiasnoface.com.br\/index.php\/wp-json\/wp\/v2\/posts\/5946\/revisions\/5947"}],"wp:attachment":[{"href":"https:\/\/noticiasnoface.com.br\/index.php\/wp-json\/wp\/v2\/media?parent=5946"}],"wp:term":[{"taxonomy":"category","embeddable":true,"href":"https:\/\/noticiasnoface.com.br\/index.php\/wp-json\/wp\/v2\/categories?post=5946"},{"taxonomy":"post_tag","embeddable":true,"href":"https:\/\/noticiasnoface.com.br\/index.php\/wp-json\/wp\/v2\/tags?post=5946"}],"curies":[{"name":"wp","href":"https:\/\/api.w.org\/{rel}","templated":true}]}}