{"id":5952,"date":"2022-03-28T22:03:05","date_gmt":"2022-03-29T01:03:05","guid":{"rendered":"https:\/\/noticiasnoface.com.br\/?p=5952"},"modified":"2022-03-28T22:03:20","modified_gmt":"2022-03-29T01:03:20","slug":"gari-rio-de-janeiro-entram-em-greve","status":"publish","type":"post","link":"https:\/\/noticiasnoface.com.br\/index.php\/2022\/03\/28\/gari-rio-de-janeiro-entram-em-greve\/","title":{"rendered":"Gari no Rio de Janeiro entram em greve!"},"content":{"rendered":"\n<figure class=\"wp-block-image size-large\"><img data-opt-id=1576120446  fetchpriority=\"high\" decoding=\"async\" width=\"452\" height=\"679\" src=\"https:\/\/mlbfrsat7ahr.i.optimole.com\/w:auto\/h:auto\/q:mauto\/ig:avif\/https:\/\/noticiasnoface.com.br\/wp-content\/uploads\/2022\/03\/img_0532.jpg\" alt=\"\" class=\"wp-image-5951\" srcset=\"https:\/\/mlbfrsat7ahr.i.optimole.com\/w:452\/h:679\/q:mauto\/ig:avif\/https:\/\/noticiasnoface.com.br\/wp-content\/uploads\/2022\/03\/img_0532.jpg 452w, https:\/\/mlbfrsat7ahr.i.optimole.com\/w:200\/h:300\/q:mauto\/ig:avif\/https:\/\/noticiasnoface.com.br\/wp-content\/uploads\/2022\/03\/img_0532.jpg 200w\" sizes=\"(max-width: 452px) 100vw, 452px\" \/><figcaption>O Sindicato dos Empregados de Empresas de Asseio do Rio (Siemaco-Rio) anunciou na tarde desta segunda-feira que funcion\u00e1rios da Comlurb est\u00e3o em greve. Pelo canal de telefone 1746, a prefeitura do Rio j\u00e1 divulga uma mensagem reconhecendo a paralisa\u00e7\u00e3o e informando que ela pode afetar a oferta dos servi\u00e7os de limpeza urbana. Em bairros da Zona Norte, a coleta da manh\u00e3 aconteceu normalmente, mas moradores de ruas atendidas pela Comlurb no per\u00edodo noturno est\u00e3o sem saber o que fazer: esperam ou n\u00e3o esperam o caminh\u00e3o de coleta passar?<br \/>O Siemaco-Rio, que representa a categoria, anunciou nesta tarde que a greve &#8220;est\u00e1 definitivamente deflagrada pelo Sindicato&#8221;. Isso aconteceu logo ap\u00f3s uma audi\u00eancia de concilia\u00e7\u00e3o entre a Comlurb e o sindicato no final da manh\u00e3, que n\u00e3o terminou com acordo. Em nota, o sindicato informou, ainda, que a &#8220;dire\u00e7\u00e3o da Comlurb demonstrou total descaso com o sofrimento da nossa categoria, que est\u00e1 h\u00e1 3 anos sem reajuste salarial&#8221; e que &#8220;o \u00fanico &#8216;avan\u00e7o&#8217; que apresentou na Audi\u00eancia de Concilia\u00e7\u00e3o realizada hoje na Justi\u00e7a do Trabalho foi aumentar de 4% para 5% a proposta de reajuste. Mais nada&#8221;.<br \/>\u2014 A tonelada de trabalhadores aqui embaixo, quando falei (da proposta de reajuste de 4 para 5%), ningu\u00e9m aceitou. Ent\u00e3o n\u00f3s vamos partir para a greve e amanh\u00e3, \u00e0s duas horas da tarde, estaremos fazendo uma avalia\u00e7\u00e3o em frente \u00e0 prefeitura \u2014 afirma Manoel Meireles, presidente do Sindicato, em v\u00eddeo.<br \/>A categoria pede melhores condi\u00e7\u00f5es de trabalho, com um reajuste de 25% nos sal\u00e1rios e no t\u00edquete alimenta\u00e7\u00e3o, a conclus\u00e3o do Plano de Cargos Carreiras e Sal\u00e1rios (PCCS) e a implanta\u00e7\u00e3o do Adicional de Insalubridade para os Agentes de Preparo de Alimentos (APAs).<br \/>Na tarde desta segunda-feira, a prefeitura passou a informar, pelo central 1746, que &#8220;a greve dos funcion\u00e1rios da Comlurb implica em preju\u00edzo aos prazos de atendimento dos servi\u00e7os&#8221;, e que a &#8220;prefeitura trabalha para voltar \u00e0 rotina ap\u00f3s a normaliza\u00e7\u00e3o&#8221;.<br \/><br \/><\/figcaption><\/figure>\n","protected":false},"excerpt":{"rendered":"","protected":false},"author":1,"featured_media":0,"comment_status":"open","ping_status":"open","sticky":false,"template":"","format":"standard","meta":{"site-sidebar-layout":"default","site-content-layout":"","ast-site-content-layout":"default","site-content-style":"default","site-sidebar-style":"default","ast-global-header-display":"","ast-banner-title-visibility":"","ast-main-header-display":"","ast-hfb-above-header-display":"","ast-hfb-below-header-display":"","ast-hfb-mobile-header-display":"","site-post-title":"","ast-breadcrumbs-content":"","ast-featured-img":"","footer-sml-layout":"","ast-disable-related-posts":"","theme-transparent-header-meta":"","adv-header-id-meta":"","stick-header-meta":"","header-above-stick-meta":"","header-main-stick-meta":"","header-below-stick-meta":"","astra-migrate-meta-layouts":"default","ast-page-background-enabled":"default","ast-page-background-meta":{"desktop":{"background-color":"var(--ast-global-color-4)","background-image":"","background-repeat":"repeat","background-position":"center center","background-size":"auto","background-attachment":"scroll","background-type":"","background-media":"","overlay-type":"","overlay-color":"","overlay-opacity":"","overlay-gradient":""},"tablet":{"background-color":"","background-image":"","background-repeat":"repeat","background-position":"center center","background-size":"auto","background-attachment":"scroll","background-type":"","background-media":"","overlay-type":"","overlay-color":"","overlay-opacity":"","overlay-gradient":""},"mobile":{"background-color":"","background-image":"","background-repeat":"repeat","background-position":"center center","background-size":"auto","background-attachment":"scroll","background-type":"","background-media":"","overlay-type":"","overlay-color":"","overlay-opacity":"","overlay-gradient":""}},"ast-content-background-meta":{"desktop":{"background-color":"var(--ast-global-color-5)","background-image":"","background-repeat":"repeat","background-position":"center center","background-size":"auto","background-attachment":"scroll","background-type":"","background-media":"","overlay-type":"","overlay-color":"","overlay-opacity":"","overlay-gradient":""},"tablet":{"background-color":"var(--ast-global-color-5)","background-image":"","background-repeat":"repeat","background-position":"center center","background-size":"auto","background-attachment":"scroll","background-type":"","background-media":"","overlay-type":"","overlay-color":"","overlay-opacity":"","overlay-gradient":""},"mobile":{"background-color":"var(--ast-global-color-5)","background-image":"","background-repeat":"repeat","background-position":"center center","background-size":"auto","background-attachment":"scroll","background-type":"","background-media":"","overlay-type":"","overlay-color":"","overlay-opacity":"","overlay-gradient":""}},"footnotes":""},"categories":[517],"tags":[],"class_list":["post-5952","post","type-post","status-publish","format-standard","hentry","category-aconteceu"],"_links":{"self":[{"href":"https:\/\/noticiasnoface.com.br\/index.php\/wp-json\/wp\/v2\/posts\/5952","targetHints":{"allow":["GET"]}}],"collection":[{"href":"https:\/\/noticiasnoface.com.br\/index.php\/wp-json\/wp\/v2\/posts"}],"about":[{"href":"https:\/\/noticiasnoface.com.br\/index.php\/wp-json\/wp\/v2\/types\/post"}],"author":[{"embeddable":true,"href":"https:\/\/noticiasnoface.com.br\/index.php\/wp-json\/wp\/v2\/users\/1"}],"replies":[{"embeddable":true,"href":"https:\/\/noticiasnoface.com.br\/index.php\/wp-json\/wp\/v2\/comments?post=5952"}],"version-history":[{"count":2,"href":"https:\/\/noticiasnoface.com.br\/index.php\/wp-json\/wp\/v2\/posts\/5952\/revisions"}],"predecessor-version":[{"id":5954,"href":"https:\/\/noticiasnoface.com.br\/index.php\/wp-json\/wp\/v2\/posts\/5952\/revisions\/5954"}],"wp:attachment":[{"href":"https:\/\/noticiasnoface.com.br\/index.php\/wp-json\/wp\/v2\/media?parent=5952"}],"wp:term":[{"taxonomy":"category","embeddable":true,"href":"https:\/\/noticiasnoface.com.br\/index.php\/wp-json\/wp\/v2\/categories?post=5952"},{"taxonomy":"post_tag","embeddable":true,"href":"https:\/\/noticiasnoface.com.br\/index.php\/wp-json\/wp\/v2\/tags?post=5952"}],"curies":[{"name":"wp","href":"https:\/\/api.w.org\/{rel}","templated":true}]}}