{"id":5956,"date":"2022-03-28T22:07:56","date_gmt":"2022-03-29T01:07:56","guid":{"rendered":"https:\/\/noticiasnoface.com.br\/?p=5956"},"modified":"2022-03-28T22:07:56","modified_gmt":"2022-03-29T01:07:56","slug":"urgente-bolsonaro-acaba-de-ser-hospitalizado","status":"publish","type":"post","link":"https:\/\/noticiasnoface.com.br\/index.php\/2022\/03\/28\/urgente-bolsonaro-acaba-de-ser-hospitalizado\/","title":{"rendered":"URGENTE- Bolsonaro acaba de ser hospitalizado!"},"content":{"rendered":"\n<figure class=\"wp-block-image size-large\"><img data-opt-id=346956611  fetchpriority=\"high\" decoding=\"async\" width=\"450\" height=\"337\" src=\"https:\/\/mlbfrsat7ahr.i.optimole.com\/w:auto\/h:auto\/q:mauto\/ig:avif\/https:\/\/noticiasnoface.com.br\/wp-content\/uploads\/2022\/03\/img_0533.jpg\" alt=\"\" class=\"wp-image-5955\" srcset=\"https:\/\/mlbfrsat7ahr.i.optimole.com\/w:450\/h:337\/q:mauto\/ig:avif\/https:\/\/noticiasnoface.com.br\/wp-content\/uploads\/2022\/03\/img_0533.jpg 450w, https:\/\/mlbfrsat7ahr.i.optimole.com\/w:300\/h:225\/q:mauto\/ig:avif\/https:\/\/noticiasnoface.com.br\/wp-content\/uploads\/2022\/03\/img_0533.jpg 300w\" sizes=\"(max-width: 450px) 100vw, 450px\" \/><figcaption>O presidente Jair Bolsonaro (PL) deu entrada no Hospital das For\u00e7as Armadas (HFA) na noite desta segunda-feira (28\/3). Ele se sentiu mal quando ainda estava no Pal\u00e1cio do Planalto, foi atendido inicialmente por m\u00e9dicos da equipe presidencial e logo depois levado para o hospital para realizar exames.<br><br><br>As suspeitas dos m\u00e9dicos s\u00e3o de que o presidente esteja com um novo quadro de obstru\u00e7\u00e3o intestinal.<br><br><br>Em janeiro, <a rel=\"noreferrer noopener\" href=\"https:\/\/www.metropoles.com\/brasil\/politica-brasil\/bolsonaro-divulga-foto-com-sonda-nasogastrica-em-hospital-de-sp?amp\" target=\"_blank\">Bolsonaro divulgou uma foto com sonda nasog\u00e1strica ap\u00f3s ser internado no Hospital Vila Nova Star<\/a>, em S\u00e3o Paulo. Na ocasi\u00e3o, o presidente interrompeu as  f\u00e9rias no litoral catarinense e deu entrada no hospital na capital paulista, onde j\u00e1 ficou internado em outras ocasi\u00f5e<\/figcaption><\/figure>\n","protected":false},"excerpt":{"rendered":"","protected":false},"author":1,"featured_media":0,"comment_status":"open","ping_status":"open","sticky":false,"template":"","format":"standard","meta":{"site-sidebar-layout":"default","site-content-layout":"","ast-site-content-layout":"default","site-content-style":"default","site-sidebar-style":"default","ast-global-header-display":"","ast-banner-title-visibility":"","ast-main-header-display":"","ast-hfb-above-header-display":"","ast-hfb-below-header-display":"","ast-hfb-mobile-header-display":"","site-post-title":"","ast-breadcrumbs-content":"","ast-featured-img":"","footer-sml-layout":"","ast-disable-related-posts":"","theme-transparent-header-meta":"","adv-header-id-meta":"","stick-header-meta":"","header-above-stick-meta":"","header-main-stick-meta":"","header-below-stick-meta":"","astra-migrate-meta-layouts":"default","ast-page-background-enabled":"default","ast-page-background-meta":{"desktop":{"background-color":"var(--ast-global-color-4)","background-image":"","background-repeat":"repeat","background-position":"center center","background-size":"auto","background-attachment":"scroll","background-type":"","background-media":"","overlay-type":"","overlay-color":"","overlay-opacity":"","overlay-gradient":""},"tablet":{"background-color":"","background-image":"","background-repeat":"repeat","background-position":"center center","background-size":"auto","background-attachment":"scroll","background-type":"","background-media":"","overlay-type":"","overlay-color":"","overlay-opacity":"","overlay-gradient":""},"mobile":{"background-color":"","background-image":"","background-repeat":"repeat","background-position":"center center","background-size":"auto","background-attachment":"scroll","background-type":"","background-media":"","overlay-type":"","overlay-color":"","overlay-opacity":"","overlay-gradient":""}},"ast-content-background-meta":{"desktop":{"background-color":"var(--ast-global-color-5)","background-image":"","background-repeat":"repeat","background-position":"center center","background-size":"auto","background-attachment":"scroll","background-type":"","background-media":"","overlay-type":"","overlay-color":"","overlay-opacity":"","overlay-gradient":""},"tablet":{"background-color":"var(--ast-global-color-5)","background-image":"","background-repeat":"repeat","background-position":"center center","background-size":"auto","background-attachment":"scroll","background-type":"","background-media":"","overlay-type":"","overlay-color":"","overlay-opacity":"","overlay-gradient":""},"mobile":{"background-color":"var(--ast-global-color-5)","background-image":"","background-repeat":"repeat","background-position":"center center","background-size":"auto","background-attachment":"scroll","background-type":"","background-media":"","overlay-type":"","overlay-color":"","overlay-opacity":"","overlay-gradient":""}},"footnotes":""},"categories":[155],"tags":[],"class_list":["post-5956","post","type-post","status-publish","format-standard","hentry","category-saude"],"_links":{"self":[{"href":"https:\/\/noticiasnoface.com.br\/index.php\/wp-json\/wp\/v2\/posts\/5956","targetHints":{"allow":["GET"]}}],"collection":[{"href":"https:\/\/noticiasnoface.com.br\/index.php\/wp-json\/wp\/v2\/posts"}],"about":[{"href":"https:\/\/noticiasnoface.com.br\/index.php\/wp-json\/wp\/v2\/types\/post"}],"author":[{"embeddable":true,"href":"https:\/\/noticiasnoface.com.br\/index.php\/wp-json\/wp\/v2\/users\/1"}],"replies":[{"embeddable":true,"href":"https:\/\/noticiasnoface.com.br\/index.php\/wp-json\/wp\/v2\/comments?post=5956"}],"version-history":[{"count":1,"href":"https:\/\/noticiasnoface.com.br\/index.php\/wp-json\/wp\/v2\/posts\/5956\/revisions"}],"predecessor-version":[{"id":5957,"href":"https:\/\/noticiasnoface.com.br\/index.php\/wp-json\/wp\/v2\/posts\/5956\/revisions\/5957"}],"wp:attachment":[{"href":"https:\/\/noticiasnoface.com.br\/index.php\/wp-json\/wp\/v2\/media?parent=5956"}],"wp:term":[{"taxonomy":"category","embeddable":true,"href":"https:\/\/noticiasnoface.com.br\/index.php\/wp-json\/wp\/v2\/categories?post=5956"},{"taxonomy":"post_tag","embeddable":true,"href":"https:\/\/noticiasnoface.com.br\/index.php\/wp-json\/wp\/v2\/tags?post=5956"}],"curies":[{"name":"wp","href":"https:\/\/api.w.org\/{rel}","templated":true}]}}