{"id":5960,"date":"2022-03-28T22:39:10","date_gmt":"2022-03-29T01:39:10","guid":{"rendered":"https:\/\/noticiasnoface.com.br\/?p=5960"},"modified":"2022-03-28T22:39:11","modified_gmt":"2022-03-29T01:39:11","slug":"deputado-quer-barrar-evento-esquerdista-com-presenca-de-lula","status":"publish","type":"post","link":"https:\/\/noticiasnoface.com.br\/index.php\/2022\/03\/28\/deputado-quer-barrar-evento-esquerdista-com-presenca-de-lula\/","title":{"rendered":"Deputado quer barrar evento esquerdista com presen\u00e7a de Lula !"},"content":{"rendered":"\n<figure class=\"wp-block-image size-large\"><img data-opt-id=1954916592  fetchpriority=\"high\" decoding=\"async\" width=\"726\" height=\"400\" src=\"https:\/\/mlbfrsat7ahr.i.optimole.com\/w:auto\/h:auto\/q:mauto\/ig:avif\/https:\/\/noticiasnoface.com.br\/wp-content\/uploads\/2022\/03\/img_0535.jpg\" alt=\"\" class=\"wp-image-5958\" srcset=\"https:\/\/mlbfrsat7ahr.i.optimole.com\/w:726\/h:400\/q:mauto\/ig:avif\/https:\/\/noticiasnoface.com.br\/wp-content\/uploads\/2022\/03\/img_0535.jpg 726w, https:\/\/mlbfrsat7ahr.i.optimole.com\/w:300\/h:165\/q:mauto\/ig:avif\/https:\/\/noticiasnoface.com.br\/wp-content\/uploads\/2022\/03\/img_0535.jpg 300w\" sizes=\"(max-width: 726px) 100vw, 726px\" \/><figcaption>Nesta semana, o ex-presidente Luiz In\u00e1cio Lula da Silva deve participar de um evento na Universidade Estadual do Rio de Janeiro (UERJ). Se depender do deputado estadual Alexandre Freitas (Podemos-RJ), no entanto, o petista n\u00e3o dever\u00e1 poder comparecer ao encontro Democracia e Igualdade para um novo modelo de desenvolvimento.<\/figcaption><\/figure>\n\n\n\n<p>O parlamentar decidiu acionar a Justi\u00e7a do Rio de Janeiro e tamb\u00e9m o Tribunal Superior Eleitoral (TSE) para suspender o evento da UERJ. Em sua a\u00e7\u00e3o popular, Alexandre Freitas diz que o reitor da universidade, Ricardo Lodi, \u201cbusca promover verdadeiro evento pol\u00edtico\u2013partid\u00e1rio com recursos e espa\u00e7o p\u00fablicos\u201d.<\/p>\n\n\n\n<p>De acordo com o deputado, Lodi se filiou ao Partido dos Trabalhadores (PT) recentemente. Ele quem ser\u00e1 o anfitri\u00e3o do encontro na Universidade Estadual do Rio de Janeiro. Al\u00e9m de Lula, est\u00e3o previstas ainda participa\u00e7\u00e3o da ex-presidente Dilma Roussef, da presidente nacional do PT, deputada federal Gleisi Hoffmann (PR), outras lideran\u00e7as da sigla e ainda pol\u00edticos de esquerda de outros pa\u00edses.<\/p>\n\n\n\n<p>Alexandre Freitas considera que o reitor est\u00e1 \u201cavan\u00e7ando em sua fun\u00e7\u00e3o administrativa de gest\u00e3o de uma funda\u00e7\u00e3o p\u00fablica estadual, mantida com recursos p\u00fablicos e que deveria observar de forma estrita a moralidade administrativa como preceito constitucional, inclusive por se tratar de um jurista\u201d.<\/p>\n\n\n\n<figure class=\"wp-block-image size-large\"><img data-opt-id=1475112672  fetchpriority=\"high\" decoding=\"async\" width=\"806\" height=\"452\" src=\"https:\/\/mlbfrsat7ahr.i.optimole.com\/w:auto\/h:auto\/q:mauto\/ig:avif\/https:\/\/noticiasnoface.com.br\/wp-content\/uploads\/2022\/03\/img_0536.jpg\" alt=\"\" class=\"wp-image-5959\" srcset=\"https:\/\/mlbfrsat7ahr.i.optimole.com\/w:806\/h:452\/q:mauto\/ig:avif\/https:\/\/noticiasnoface.com.br\/wp-content\/uploads\/2022\/03\/img_0536.jpg 806w, https:\/\/mlbfrsat7ahr.i.optimole.com\/w:300\/h:168\/q:mauto\/ig:avif\/https:\/\/noticiasnoface.com.br\/wp-content\/uploads\/2022\/03\/img_0536.jpg 300w, https:\/\/mlbfrsat7ahr.i.optimole.com\/w:768\/h:431\/q:mauto\/ig:avif\/https:\/\/noticiasnoface.com.br\/wp-content\/uploads\/2022\/03\/img_0536.jpg 768w\" sizes=\"(max-width: 806px) 100vw, 806px\" \/><figcaption>\u2013 Esse tipo de evento \u00e9 um exemplo n\u00edtido de campanha antecipada, al\u00e9m de um desvio de finalidade da universidade j\u00e1 que o reitor Ricardo Lodi parece se utilizar de seu cargo e das estruturas da UERJ para divulgar e celebrar um presidencial em ano de elei\u00e7\u00e3o \u2013 apontou o deputado.<\/figcaption><\/figure>\n","protected":false},"excerpt":{"rendered":"<p>O parlamentar decidiu acionar a Justi\u00e7a do Rio de Janeiro e tamb\u00e9m o Tribunal Superior Eleitoral (TSE) para suspender o [&hellip;]<\/p>\n","protected":false},"author":1,"featured_media":0,"comment_status":"open","ping_status":"open","sticky":false,"template":"","format":"standard","meta":{"site-sidebar-layout":"default","site-content-layout":"","ast-site-content-layout":"default","site-content-style":"default","site-sidebar-style":"default","ast-global-header-display":"","ast-banner-title-visibility":"","ast-main-header-display":"","ast-hfb-above-header-display":"","ast-hfb-below-header-display":"","ast-hfb-mobile-header-display":"","site-post-title":"","ast-breadcrumbs-content":"","ast-featured-img":"","footer-sml-layout":"","ast-disable-related-posts":"","theme-transparent-header-meta":"","adv-header-id-meta":"","stick-header-meta":"","header-above-stick-meta":"","header-main-stick-meta":"","header-below-stick-meta":"","astra-migrate-meta-layouts":"default","ast-page-background-enabled":"default","ast-page-background-meta":{"desktop":{"background-color":"var(--ast-global-color-4)","background-image":"","background-repeat":"repeat","background-position":"center center","background-size":"auto","background-attachment":"scroll","background-type":"","background-media":"","overlay-type":"","overlay-color":"","overlay-opacity":"","overlay-gradient":""},"tablet":{"background-color":"","background-image":"","background-repeat":"repeat","background-position":"center center","background-size":"auto","background-attachment":"scroll","background-type":"","background-media":"","overlay-type":"","overlay-color":"","overlay-opacity":"","overlay-gradient":""},"mobile":{"background-color":"","background-image":"","background-repeat":"repeat","background-position":"center center","background-size":"auto","background-attachment":"scroll","background-type":"","background-media":"","overlay-type":"","overlay-color":"","overlay-opacity":"","overlay-gradient":""}},"ast-content-background-meta":{"desktop":{"background-color":"var(--ast-global-color-5)","background-image":"","background-repeat":"repeat","background-position":"center center","background-size":"auto","background-attachment":"scroll","background-type":"","background-media":"","overlay-type":"","overlay-color":"","overlay-opacity":"","overlay-gradient":""},"tablet":{"background-color":"var(--ast-global-color-5)","background-image":"","background-repeat":"repeat","background-position":"center center","background-size":"auto","background-attachment":"scroll","background-type":"","background-media":"","overlay-type":"","overlay-color":"","overlay-opacity":"","overlay-gradient":""},"mobile":{"background-color":"var(--ast-global-color-5)","background-image":"","background-repeat":"repeat","background-position":"center center","background-size":"auto","background-attachment":"scroll","background-type":"","background-media":"","overlay-type":"","overlay-color":"","overlay-opacity":"","overlay-gradient":""}},"footnotes":""},"categories":[517],"tags":[],"class_list":["post-5960","post","type-post","status-publish","format-standard","hentry","category-aconteceu"],"_links":{"self":[{"href":"https:\/\/noticiasnoface.com.br\/index.php\/wp-json\/wp\/v2\/posts\/5960","targetHints":{"allow":["GET"]}}],"collection":[{"href":"https:\/\/noticiasnoface.com.br\/index.php\/wp-json\/wp\/v2\/posts"}],"about":[{"href":"https:\/\/noticiasnoface.com.br\/index.php\/wp-json\/wp\/v2\/types\/post"}],"author":[{"embeddable":true,"href":"https:\/\/noticiasnoface.com.br\/index.php\/wp-json\/wp\/v2\/users\/1"}],"replies":[{"embeddable":true,"href":"https:\/\/noticiasnoface.com.br\/index.php\/wp-json\/wp\/v2\/comments?post=5960"}],"version-history":[{"count":1,"href":"https:\/\/noticiasnoface.com.br\/index.php\/wp-json\/wp\/v2\/posts\/5960\/revisions"}],"predecessor-version":[{"id":5961,"href":"https:\/\/noticiasnoface.com.br\/index.php\/wp-json\/wp\/v2\/posts\/5960\/revisions\/5961"}],"wp:attachment":[{"href":"https:\/\/noticiasnoface.com.br\/index.php\/wp-json\/wp\/v2\/media?parent=5960"}],"wp:term":[{"taxonomy":"category","embeddable":true,"href":"https:\/\/noticiasnoface.com.br\/index.php\/wp-json\/wp\/v2\/categories?post=5960"},{"taxonomy":"post_tag","embeddable":true,"href":"https:\/\/noticiasnoface.com.br\/index.php\/wp-json\/wp\/v2\/tags?post=5960"}],"curies":[{"name":"wp","href":"https:\/\/api.w.org\/{rel}","templated":true}]}}