{"id":5967,"date":"2022-03-29T07:44:01","date_gmt":"2022-03-29T10:44:01","guid":{"rendered":"https:\/\/noticiasnoface.com.br\/?p=5967"},"modified":"2022-03-29T07:44:02","modified_gmt":"2022-03-29T10:44:02","slug":"liminar-suspende-a-greve-de-onibus-no-rio-de-janeiro","status":"publish","type":"post","link":"https:\/\/noticiasnoface.com.br\/index.php\/2022\/03\/29\/liminar-suspende-a-greve-de-onibus-no-rio-de-janeiro\/","title":{"rendered":"Liminar suspende a greve de \u00f4nibus no Rio de Janeiro"},"content":{"rendered":"\n<figure class=\"wp-block-image size-large\"><img data-opt-id=1377766315  fetchpriority=\"high\" decoding=\"async\" width=\"488\" height=\"275\" src=\"https:\/\/mlbfrsat7ahr.i.optimole.com\/w:auto\/h:auto\/q:mauto\/ig:avif\/https:\/\/noticiasnoface.com.br\/wp-content\/uploads\/2022\/03\/img_0543.jpg\" alt=\"\" class=\"wp-image-5965\" srcset=\"https:\/\/mlbfrsat7ahr.i.optimole.com\/w:488\/h:275\/q:mauto\/ig:avif\/https:\/\/noticiasnoface.com.br\/wp-content\/uploads\/2022\/03\/img_0543.jpg 488w, https:\/\/mlbfrsat7ahr.i.optimole.com\/w:300\/h:169\/q:mauto\/ig:avif\/https:\/\/noticiasnoface.com.br\/wp-content\/uploads\/2022\/03\/img_0543.jpg 300w\" sizes=\"(max-width: 488px) 100vw, 488px\" \/><figcaption>A ter\u00e7a-feira come\u00e7a com sinal amarelo na cidade do Rio. Na noite dessa segunda-feira, o Sindicato dos Rodovi\u00e1rios do Rio de Janeiro aprovou, em assembleia, uma <a rel=\"noreferrer noopener\" href=\"https:\/\/extra.globo.com\/noticias\/rodoviarios-da-cidade-do-rio-decidem-entrar-em-greve-nesta-terca-por-tempo-indeterminado-25452860.html\" target=\"_blank\">paralisa\u00e7\u00e3o por tempo indeterminado de motoristas e cobradores<\/a>. O Rio \u00d4nibus conseguiu uma liminar judicial, ainda nesta madrugada, para proibir o movimento, sob risco de multa. Apesar da decis\u00e3o, o BRT n\u00e3o est\u00e1 funcionando, com os tr\u00eas corredores \u2014 Transol\u00edmpico, Transoeste e Transcarioca \u2014 sem circula\u00e7\u00e3o. Os coletivos de linhas normais tamb\u00e9m s\u00e3o raros de estarem circulando nesta manh\u00e3.<\/figcaption><\/figure>\n\n\n\n<p>O Rio \u00d4nibus, sindicato que representa os cons\u00f3rcios do transporte rodovi\u00e1rio na cidade, conseguiu uma liminar judicial no in\u00edcio da madrugada desta ter\u00e7a-feira (29) que pro\u00edbe realiza\u00e7\u00e3o da greve decretada por rodovi\u00e1rios na cidade do Rio sob pena de multa di\u00e1ria de R$ 200 mil ao Sindicato dos Rodovi\u00e1rios caso a determina\u00e7\u00e3o seja descumprida. Em Campo Grande, na Zona Oeste, \u00e0s 5h30, era normal a circula\u00e7\u00e3o de \u00f4nibus no terminal rodovi\u00e1rio. No entanto, a esta\u00e7\u00e3o do BRT Campo Grande estava fechada. Passageiros dizem que nenhum articulado circula desde a meia-noite.<\/p>\n\n\n\n<p>\u2014 Eu trabalho em Paci\u00eancia e n\u00e3o tenho outra op\u00e7\u00e3o de transporte p\u00fablico para chegar l\u00e1 se n\u00e3o for o BRT. Estou vendo se consigo alguma carona com amigos que v\u00e3o at\u00e9 l\u00e1 de carro. Cheguei na esta\u00e7\u00e3o e me deparei com as portas fechadas \u2014 diz Gabriel Fernandes, de 21 anos, morador de Campo Grande que \u00e0s 5h50 tentava encontrar uma solu\u00e7\u00e3o para ir trabalhar.<\/p>\n\n\n\n<p><\/p>\n\n\n\n<p>A decis\u00e3o a favor do Rio \u00d4nibus foi assinada pela desembargadora Edith Maria Correa Tourinho, presidente do Tribunal Regional do Trabalho da Primeira Regi\u00e3o (TRT-1). O texto aponta que, como servi\u00e7o essencial, sindicatos, empregadores e trabalhadores ficam obrigados, de comum acordo, &#8220;a garantir, durante a greve, a presta\u00e7\u00e3o dos servi\u00e7os indispens\u00e1veis ao atendimento das necessidades de toda comunidade<\/p>\n\n\n\n<figure class=\"wp-block-image size-large\"><img data-opt-id=1615462099  fetchpriority=\"high\" decoding=\"async\" width=\"701\" height=\"479\" src=\"https:\/\/mlbfrsat7ahr.i.optimole.com\/w:auto\/h:auto\/q:mauto\/ig:avif\/https:\/\/noticiasnoface.com.br\/wp-content\/uploads\/2022\/03\/img_0544.jpg\" alt=\"\" class=\"wp-image-5966\" srcset=\"https:\/\/mlbfrsat7ahr.i.optimole.com\/w:701\/h:479\/q:mauto\/ig:avif\/https:\/\/noticiasnoface.com.br\/wp-content\/uploads\/2022\/03\/img_0544.jpg 701w, https:\/\/mlbfrsat7ahr.i.optimole.com\/w:300\/h:205\/q:mauto\/ig:avif\/https:\/\/noticiasnoface.com.br\/wp-content\/uploads\/2022\/03\/img_0544.jpg 300w\" sizes=\"(max-width: 701px) 100vw, 701px\" \/><figcaption>O Rio \u00d4nibus alega que o movimento n\u00e3o resolver\u00e1 o problema da classe e agrava a atual crise de mobilidade no Rio. Segundo o porta-voz Paulo Valente, o reajuste de sal\u00e1rios exigido pela categoria depende de a\u00e7\u00f5es externas, j\u00e1 que tr\u00eas dos quatro cons\u00f3rcios se encontram em recupera\u00e7\u00e3o judicial. Al\u00e9m disso, o Rio \u00d4nibus apela para que profissionais n\u00e3o fa\u00e7am ades\u00e3o \u00e0 paralisa\u00e7\u00e3o e assumam os seus postos de trabalho, atendendo a popula\u00e7\u00e3o at\u00e9 que haja resultados dos di\u00e1logos mantidos com a prefeitura na busca por solu\u00e7\u00f5es.<br>\u2014 O Rio \u00d4nibus e os cons\u00f3rcios que ele representa est\u00e3o empenhados em colocar toda a frota em opera\u00e7\u00e3o nas ruas. A greve \u00e9 ilegal, \u00e9 preciso que a categoria compare\u00e7a \u00e0s garagens para trabalhar normalmente no Rio \u2014 ressalta Valente<\/figcaption><\/figure>\n\n\n\n<p><\/p>\n","protected":false},"excerpt":{"rendered":"<p>O Rio \u00d4nibus, sindicato que representa os cons\u00f3rcios do transporte rodovi\u00e1rio na cidade, conseguiu uma liminar judicial no in\u00edcio da [&hellip;]<\/p>\n","protected":false},"author":1,"featured_media":0,"comment_status":"open","ping_status":"open","sticky":false,"template":"","format":"standard","meta":{"site-sidebar-layout":"default","site-content-layout":"","ast-site-content-layout":"default","site-content-style":"default","site-sidebar-style":"default","ast-global-header-display":"","ast-banner-title-visibility":"","ast-main-header-display":"","ast-hfb-above-header-display":"","ast-hfb-below-header-display":"","ast-hfb-mobile-header-display":"","site-post-title":"","ast-breadcrumbs-content":"","ast-featured-img":"","footer-sml-layout":"","ast-disable-related-posts":"","theme-transparent-header-meta":"","adv-header-id-meta":"","stick-header-meta":"","header-above-stick-meta":"","header-main-stick-meta":"","header-below-stick-meta":"","astra-migrate-meta-layouts":"default","ast-page-background-enabled":"default","ast-page-background-meta":{"desktop":{"background-color":"var(--ast-global-color-4)","background-image":"","background-repeat":"repeat","background-position":"center center","background-size":"auto","background-attachment":"scroll","background-type":"","background-media":"","overlay-type":"","overlay-color":"","overlay-opacity":"","overlay-gradient":""},"tablet":{"background-color":"","background-image":"","background-repeat":"repeat","background-position":"center center","background-size":"auto","background-attachment":"scroll","background-type":"","background-media":"","overlay-type":"","overlay-color":"","overlay-opacity":"","overlay-gradient":""},"mobile":{"background-color":"","background-image":"","background-repeat":"repeat","background-position":"center center","background-size":"auto","background-attachment":"scroll","background-type":"","background-media":"","overlay-type":"","overlay-color":"","overlay-opacity":"","overlay-gradient":""}},"ast-content-background-meta":{"desktop":{"background-color":"var(--ast-global-color-5)","background-image":"","background-repeat":"repeat","background-position":"center center","background-size":"auto","background-attachment":"scroll","background-type":"","background-media":"","overlay-type":"","overlay-color":"","overlay-opacity":"","overlay-gradient":""},"tablet":{"background-color":"var(--ast-global-color-5)","background-image":"","background-repeat":"repeat","background-position":"center center","background-size":"auto","background-attachment":"scroll","background-type":"","background-media":"","overlay-type":"","overlay-color":"","overlay-opacity":"","overlay-gradient":""},"mobile":{"background-color":"var(--ast-global-color-5)","background-image":"","background-repeat":"repeat","background-position":"center center","background-size":"auto","background-attachment":"scroll","background-type":"","background-media":"","overlay-type":"","overlay-color":"","overlay-opacity":"","overlay-gradient":""}},"footnotes":""},"categories":[517],"tags":[36,386,105],"class_list":["post-5967","post","type-post","status-publish","format-standard","hentry","category-aconteceu","tag-greve","tag-onibus","tag-rio-de-janeiro"],"_links":{"self":[{"href":"https:\/\/noticiasnoface.com.br\/index.php\/wp-json\/wp\/v2\/posts\/5967","targetHints":{"allow":["GET"]}}],"collection":[{"href":"https:\/\/noticiasnoface.com.br\/index.php\/wp-json\/wp\/v2\/posts"}],"about":[{"href":"https:\/\/noticiasnoface.com.br\/index.php\/wp-json\/wp\/v2\/types\/post"}],"author":[{"embeddable":true,"href":"https:\/\/noticiasnoface.com.br\/index.php\/wp-json\/wp\/v2\/users\/1"}],"replies":[{"embeddable":true,"href":"https:\/\/noticiasnoface.com.br\/index.php\/wp-json\/wp\/v2\/comments?post=5967"}],"version-history":[{"count":1,"href":"https:\/\/noticiasnoface.com.br\/index.php\/wp-json\/wp\/v2\/posts\/5967\/revisions"}],"predecessor-version":[{"id":5968,"href":"https:\/\/noticiasnoface.com.br\/index.php\/wp-json\/wp\/v2\/posts\/5967\/revisions\/5968"}],"wp:attachment":[{"href":"https:\/\/noticiasnoface.com.br\/index.php\/wp-json\/wp\/v2\/media?parent=5967"}],"wp:term":[{"taxonomy":"category","embeddable":true,"href":"https:\/\/noticiasnoface.com.br\/index.php\/wp-json\/wp\/v2\/categories?post=5967"},{"taxonomy":"post_tag","embeddable":true,"href":"https:\/\/noticiasnoface.com.br\/index.php\/wp-json\/wp\/v2\/tags?post=5967"}],"curies":[{"name":"wp","href":"https:\/\/api.w.org\/{rel}","templated":true}]}}