{"id":5971,"date":"2022-03-29T08:27:52","date_gmt":"2022-03-29T11:27:52","guid":{"rendered":"https:\/\/noticiasnoface.com.br\/?p=5971"},"modified":"2022-03-29T08:27:53","modified_gmt":"2022-03-29T11:27:53","slug":"bolsonaro-deixa-hospital-e-retoma-agenda","status":"publish","type":"post","link":"https:\/\/noticiasnoface.com.br\/index.php\/2022\/03\/29\/bolsonaro-deixa-hospital-e-retoma-agenda\/","title":{"rendered":"Bolsonaro deixa hospital e retoma agenda!"},"content":{"rendered":"\n<figure class=\"wp-block-image size-large\"><img data-opt-id=778798408  fetchpriority=\"high\" decoding=\"async\" width=\"1242\" height=\"915\" src=\"https:\/\/mlbfrsat7ahr.i.optimole.com\/w:auto\/h:auto\/q:mauto\/ig:avif\/https:\/\/noticiasnoface.com.br\/wp-content\/uploads\/2022\/03\/img_0545.jpg\" alt=\"\" class=\"wp-image-5969\" srcset=\"https:\/\/mlbfrsat7ahr.i.optimole.com\/w:1242\/h:915\/q:mauto\/ig:avif\/https:\/\/noticiasnoface.com.br\/wp-content\/uploads\/2022\/03\/img_0545.jpg 1242w, https:\/\/mlbfrsat7ahr.i.optimole.com\/w:300\/h:221\/q:mauto\/ig:avif\/https:\/\/noticiasnoface.com.br\/wp-content\/uploads\/2022\/03\/img_0545.jpg 300w, https:\/\/mlbfrsat7ahr.i.optimole.com\/w:1024\/h:754\/q:mauto\/ig:avif\/https:\/\/noticiasnoface.com.br\/wp-content\/uploads\/2022\/03\/img_0545.jpg 1024w, https:\/\/mlbfrsat7ahr.i.optimole.com\/w:768\/h:566\/q:mauto\/ig:avif\/https:\/\/noticiasnoface.com.br\/wp-content\/uploads\/2022\/03\/img_0545.jpg 768w\" sizes=\"(max-width: 1000px) 100vw, 1000px\" \/><figcaption>BRAS\u00cdLIA (Reuters) -O presidente Jair Bolsonaro deixou na manh\u00e3 desta ter\u00e7a-feira o Hospital das For\u00e7as Armadas, em Bras\u00edlia, ap\u00f3s ter passado a noite internado para a realiza\u00e7\u00e3o de exames m\u00e9dicos devido a um desconforto abdominal, informo o Pal\u00e1cio do Planalto.<\/figcaption><\/figure>\n\n\n\n<p>A agenda do presidente est\u00e1 mantida, segundo um ministro ouvido pela reportagem. Ele viaja a Ponta Por\u00e3 (MS) de manh\u00e3 para participar de uma cerim\u00f4nia e retorna a Bras\u00edlia \u00e0 tarde, onde se encontrar\u00e1 com Pedro Cesar Sousa, Subchefe para Assuntos Jur\u00eddicos da Secretaria-Geral da Presid\u00eancia.&nbsp;<\/p>\n\n\n\n<p>O presidente se sentiu mal pouco depois do almo\u00e7o e foi para o HFA no fim da tarde de ontem.<\/p>\n\n\n\n<p>Segundo apurou o&nbsp;<strong>UOL<\/strong>, a interna\u00e7\u00e3o aconteceu para a realiza\u00e7\u00e3o de exames cujo objetivo era identificar se havia uma nova obstru\u00e7\u00e3o intestinal.<\/p>\n\n\n\n<p>Bolsonaro era esperado no<a href=\"https:\/\/www.uol.com.br\/eleicoes\/2022\/03\/28\/damares-alves-diz-que-no-republicanos-menino-veste-azul-e-menina-veste-rosa.htm\" target=\"_blank\" rel=\"noopener\">&nbsp;evento de filia\u00e7\u00e3o&nbsp;<\/a>dos ministros Tarc\u00edsio Freitas (Infraestrutura) e Damares Alves (Mulher, Fam\u00edlia e Direitos Humanos) ao Republicanos.<\/p>\n\n\n\n<p>Durante o evento, Marcos Pereira, presidente do partido, se dirigiu \u00e0 primeira-dama Michelle Bolsonaro,&nbsp;<a href=\"https:\/\/noticias.uol.com.br\/politica\/ultimas-noticias\/2022\/03\/28\/michelle-bolsonaro-defende-milton-ribeiro.htm\" target=\"_blank\" rel=\"noopener\">que participou da filia\u00e7\u00e3o<\/a>, e disse que orava pela recupera\u00e7\u00e3o do presidente. &#8220;Primeira-dama, receba nossos cumprimentos e as nossas ora\u00e7\u00f5es. Tenho certeza que o presidente est\u00e1 bem. S\u00e3o apenas uns exames que ele est\u00e1 fazendo, por isso n\u00e3o est\u00e1 presente aqui&#8221;.<\/p>\n\n\n\n<p>Em janeiro desse ano, o presidente precisou ser internado em S\u00e3o Paulo&nbsp;<a href=\"https:\/\/noticias.uol.com.br\/politica\/ultimas-noticias\/2022\/01\/03\/bolsonaro-faz-exames-em-hospital-de-sp-por-suspeita-de-obstrucao-intestinal.htm\" target=\"_blank\" rel=\"noopener\">depois de passar mal&nbsp;<\/a>enquanto passava f\u00e9rias em Santa Catarina. Na \u00e9poca, o m\u00e9dico de Bolsonaro, Ant\u00f4nio Luiz Macedo, afirmou que a obstru\u00e7\u00e3o aconteceu ap\u00f3s a<a href=\"https:\/\/noticias.uol.com.br\/ultimas-noticias\/agencia-estado\/2022\/01\/05\/camarao-nao-mastigado-causou-obstrucao-intestinal-em-bolsonaro-diz-medico.htm\" target=\"_blank\" rel=\"noopener\">&nbsp;ingest\u00e3o de um camar\u00e3o sem mastigar.<\/a><\/p>\n\n\n\n<p>Em julho de 2021, <a href=\"https:\/\/noticias.uol.com.br\/politica\/ultimas-noticias\/2021\/07\/14\/perfil-de-bolsonaro-atribui-nova-internacao-a-facada-mais-um-desafio.htm\" target=\"_blank\" rel=\"noopener\">Bolsonaro ficou quatro dias internado no hospital Vila Nova Star <\/a>para tratamento de uma obstru\u00e7\u00e3o intestinal. \u00c0 \u00e9poca, os m\u00e9dicos cogitaram uma interven\u00e7\u00e3o cir\u00fargica, que foi descartada depois que o intestino do presidente voltou a funcionar normalmente.<\/p>\n\n\n\n<figure class=\"wp-block-image size-large\"><img data-opt-id=1889019713  fetchpriority=\"high\" decoding=\"async\" width=\"679\" height=\"452\" src=\"https:\/\/mlbfrsat7ahr.i.optimole.com\/w:auto\/h:auto\/q:mauto\/ig:avif\/https:\/\/noticiasnoface.com.br\/wp-content\/uploads\/2022\/03\/img_0546.jpg\" alt=\"\" class=\"wp-image-5970\" srcset=\"https:\/\/mlbfrsat7ahr.i.optimole.com\/w:679\/h:452\/q:mauto\/ig:avif\/https:\/\/noticiasnoface.com.br\/wp-content\/uploads\/2022\/03\/img_0546.jpg 679w, https:\/\/mlbfrsat7ahr.i.optimole.com\/w:300\/h:200\/q:mauto\/ig:avif\/https:\/\/noticiasnoface.com.br\/wp-content\/uploads\/2022\/03\/img_0546.jpg 300w\" sizes=\"(max-width: 679px) 100vw, 679px\" \/><figcaption>Cirurgias ap\u00f3s a facada<br>Desde que foi atingido por uma facada durante a campanha para as elei\u00e7\u00f5es de 2018, o presidente esteve internado em hospitais em algumas ocasi\u00f5es para realizar cirurgias e exames.<br><strong>6 de setembro de 2018 &#8211;<\/strong> Santa Casa de Miseric\u00f3rdia de Juiz de Fora (MG): O candidato Jair Bolsonaro se submete a uma opera\u00e7\u00e3o de urg\u00eancia ap\u00f3s ser atacado por uma facada de Ad\u00e9lio Bispo em ato de campanha;<br><strong>12 de setembro de 2018 <\/strong>&#8211; Hospital Albert Einstein, em S\u00e3o Paulo: Bolsonaro passa por nova cirurgia de emerg\u00eancia em raz\u00e3o de uma complica\u00e7\u00e3o causada pela ader\u00eancia das paredes do intestino;<br><strong>28 de janeiro de 2019<\/strong> &#8211; Hospital Albert Einstein, S\u00e3o Paulo: j\u00e1 na Presid\u00eancia da Rep\u00fablica, Bolsonaro se submete a uma nova cirurgia para retirada da bolsa de colostomia;<br><strong>8 de setembro de 2019 <\/strong>&#8211; Hospital Vila Nova Star, S\u00e3o Paulo: nova cirurgia para corre\u00e7\u00e3o de uma h\u00e9rnia incisional na regi\u00e3o da \u00e1rea atingida pela facada;<br><strong>25 de setembro de 2020<\/strong> &#8211; Hospital Vila Nova Star, S\u00e3o Paulo: retirada de c\u00e1lculo na bexiga;<br><strong>14 de julho de 2021 <\/strong>&#8211; Hospital Vila Nova Star, S\u00e3o Paulo: Bolsonaro ficou quatro dias internado no hospital Vila Nova Star para tratamento de uma obstru\u00e7\u00e3o intestinal;<br><strong>03 de janeiro de 2022<\/strong> &#8211; Hospital Vila Nova Star, S\u00e3o Paulo &#8211; Bolsonaro fica tr\u00eas dias internado para tratamento de uma obstru\u00e7\u00e3o intestinal ap\u00f3s ingerir um camar\u00e3o sem mastigar durante f\u00e9rias em Santa Catarina.<\/figcaption><\/figure>\n","protected":false},"excerpt":{"rendered":"<p>A agenda do presidente est\u00e1 mantida, segundo um ministro ouvido pela reportagem. Ele viaja a Ponta Por\u00e3 (MS) de manh\u00e3 [&hellip;]<\/p>\n","protected":false},"author":1,"featured_media":0,"comment_status":"open","ping_status":"open","sticky":false,"template":"","format":"standard","meta":{"site-sidebar-layout":"default","site-content-layout":"","ast-site-content-layout":"default","site-content-style":"default","site-sidebar-style":"default","ast-global-header-display":"","ast-banner-title-visibility":"","ast-main-header-display":"","ast-hfb-above-header-display":"","ast-hfb-below-header-display":"","ast-hfb-mobile-header-display":"","site-post-title":"","ast-breadcrumbs-content":"","ast-featured-img":"","footer-sml-layout":"","ast-disable-related-posts":"","theme-transparent-header-meta":"","adv-header-id-meta":"","stick-header-meta":"","header-above-stick-meta":"","header-main-stick-meta":"","header-below-stick-meta":"","astra-migrate-meta-layouts":"default","ast-page-background-enabled":"default","ast-page-background-meta":{"desktop":{"background-color":"var(--ast-global-color-4)","background-image":"","background-repeat":"repeat","background-position":"center center","background-size":"auto","background-attachment":"scroll","background-type":"","background-media":"","overlay-type":"","overlay-color":"","overlay-opacity":"","overlay-gradient":""},"tablet":{"background-color":"","background-image":"","background-repeat":"repeat","background-position":"center center","background-size":"auto","background-attachment":"scroll","background-type":"","background-media":"","overlay-type":"","overlay-color":"","overlay-opacity":"","overlay-gradient":""},"mobile":{"background-color":"","background-image":"","background-repeat":"repeat","background-position":"center center","background-size":"auto","background-attachment":"scroll","background-type":"","background-media":"","overlay-type":"","overlay-color":"","overlay-opacity":"","overlay-gradient":""}},"ast-content-background-meta":{"desktop":{"background-color":"var(--ast-global-color-5)","background-image":"","background-repeat":"repeat","background-position":"center center","background-size":"auto","background-attachment":"scroll","background-type":"","background-media":"","overlay-type":"","overlay-color":"","overlay-opacity":"","overlay-gradient":""},"tablet":{"background-color":"var(--ast-global-color-5)","background-image":"","background-repeat":"repeat","background-position":"center center","background-size":"auto","background-attachment":"scroll","background-type":"","background-media":"","overlay-type":"","overlay-color":"","overlay-opacity":"","overlay-gradient":""},"mobile":{"background-color":"var(--ast-global-color-5)","background-image":"","background-repeat":"repeat","background-position":"center center","background-size":"auto","background-attachment":"scroll","background-type":"","background-media":"","overlay-type":"","overlay-color":"","overlay-opacity":"","overlay-gradient":""}},"footnotes":""},"categories":[155],"tags":[388,8,101,387],"class_list":["post-5971","post","type-post","status-publish","format-standard","hentry","category-saude","tag-agenda","tag-bolsonaro","tag-facada","tag-hospital"],"_links":{"self":[{"href":"https:\/\/noticiasnoface.com.br\/index.php\/wp-json\/wp\/v2\/posts\/5971","targetHints":{"allow":["GET"]}}],"collection":[{"href":"https:\/\/noticiasnoface.com.br\/index.php\/wp-json\/wp\/v2\/posts"}],"about":[{"href":"https:\/\/noticiasnoface.com.br\/index.php\/wp-json\/wp\/v2\/types\/post"}],"author":[{"embeddable":true,"href":"https:\/\/noticiasnoface.com.br\/index.php\/wp-json\/wp\/v2\/users\/1"}],"replies":[{"embeddable":true,"href":"https:\/\/noticiasnoface.com.br\/index.php\/wp-json\/wp\/v2\/comments?post=5971"}],"version-history":[{"count":1,"href":"https:\/\/noticiasnoface.com.br\/index.php\/wp-json\/wp\/v2\/posts\/5971\/revisions"}],"predecessor-version":[{"id":5972,"href":"https:\/\/noticiasnoface.com.br\/index.php\/wp-json\/wp\/v2\/posts\/5971\/revisions\/5972"}],"wp:attachment":[{"href":"https:\/\/noticiasnoface.com.br\/index.php\/wp-json\/wp\/v2\/media?parent=5971"}],"wp:term":[{"taxonomy":"category","embeddable":true,"href":"https:\/\/noticiasnoface.com.br\/index.php\/wp-json\/wp\/v2\/categories?post=5971"},{"taxonomy":"post_tag","embeddable":true,"href":"https:\/\/noticiasnoface.com.br\/index.php\/wp-json\/wp\/v2\/tags?post=5971"}],"curies":[{"name":"wp","href":"https:\/\/api.w.org\/{rel}","templated":true}]}}