{"id":5977,"date":"2022-03-29T09:28:36","date_gmt":"2022-03-29T12:28:36","guid":{"rendered":"https:\/\/noticiasnoface.com.br\/?p=5977"},"modified":"2022-03-29T09:28:37","modified_gmt":"2022-03-29T12:28:37","slug":"noticia-que-mendigo-era-empresario-e-fake","status":"publish","type":"post","link":"https:\/\/noticiasnoface.com.br\/index.php\/2022\/03\/29\/noticia-que-mendigo-era-empresario-e-fake\/","title":{"rendered":"Not\u00edcia que mendigo era empres\u00e1rio \u00e9 FAKE"},"content":{"rendered":"\n<figure class=\"wp-block-image size-large\"><img data-opt-id=1505926818  fetchpriority=\"high\" decoding=\"async\" width=\"2048\" height=\"2048\" src=\"https:\/\/mlbfrsat7ahr.i.optimole.com\/w:auto\/h:auto\/q:mauto\/ig:avif\/https:\/\/noticiasnoface.com.br\/wp-content\/uploads\/2022\/03\/photo-output-33.jpg\" alt=\"\" class=\"wp-image-5973\" srcset=\"https:\/\/mlbfrsat7ahr.i.optimole.com\/w:1080\/h:1080\/q:mauto\/ig:avif\/https:\/\/noticiasnoface.com.br\/wp-content\/uploads\/2022\/03\/photo-output-33.jpg 2048w, https:\/\/mlbfrsat7ahr.i.optimole.com\/w:300\/h:300\/q:mauto\/ig:avif\/https:\/\/noticiasnoface.com.br\/wp-content\/uploads\/2022\/03\/photo-output-33.jpg 300w, https:\/\/mlbfrsat7ahr.i.optimole.com\/w:1024\/h:1024\/q:mauto\/ig:avif\/https:\/\/noticiasnoface.com.br\/wp-content\/uploads\/2022\/03\/photo-output-33.jpg 1024w, https:\/\/mlbfrsat7ahr.i.optimole.com\/w:150\/h:150\/q:mauto\/ig:avif\/https:\/\/noticiasnoface.com.br\/wp-content\/uploads\/2022\/03\/photo-output-33.jpg 150w, https:\/\/mlbfrsat7ahr.i.optimole.com\/w:768\/h:768\/q:mauto\/ig:avif\/https:\/\/noticiasnoface.com.br\/wp-content\/uploads\/2022\/03\/photo-output-33.jpg 768w, https:\/\/mlbfrsat7ahr.i.optimole.com\/w:1080\/h:1080\/q:mauto\/ig:avif\/https:\/\/noticiasnoface.com.br\/wp-content\/uploads\/2022\/03\/photo-output-33.jpg 1536w\" sizes=\"(max-width: 1000px) 100vw, 1000px\" \/><figcaption><strong>FAKE \u2013 Givaldo Alves de Souza, envolvido em caso no DF, \u00e9, na realidade, um falso mendigo. Ele \u00e9 um empres\u00e1rio dono de uma transportadora e tem mais de 100 processos na justi\u00e7a.<\/strong><br>Nos \u00faltimos dias, uma hist\u00f3ria das mais desencontradas come\u00e7ou a tomar conta dos notici\u00e1rios e da Internet. No caso em quest\u00e3o, um mendigo foi agredido por um personal trainer ap\u00f3s manter rela\u00e7\u00f5es sexuais com a esposa dele em Planaltina, regi\u00e3o administrativa do Distrito Federal.<\/figcaption><\/figure>\n\n\n\n<figure class=\"wp-block-image size-large\"><img data-opt-id=255783365  fetchpriority=\"high\" decoding=\"async\" width=\"658\" height=\"886\" src=\"https:\/\/mlbfrsat7ahr.i.optimole.com\/w:auto\/h:auto\/q:mauto\/ig:avif\/https:\/\/noticiasnoface.com.br\/wp-content\/uploads\/2022\/03\/img_0554.jpg\" alt=\"\" class=\"wp-image-5974\" srcset=\"https:\/\/mlbfrsat7ahr.i.optimole.com\/w:658\/h:886\/q:mauto\/ig:avif\/https:\/\/noticiasnoface.com.br\/wp-content\/uploads\/2022\/03\/img_0554.jpg 658w, https:\/\/mlbfrsat7ahr.i.optimole.com\/w:223\/h:300\/q:mauto\/ig:avif\/https:\/\/noticiasnoface.com.br\/wp-content\/uploads\/2022\/03\/img_0554.jpg 223w\" sizes=\"(max-width: 658px) 100vw, 658px\" \/><figcaption>De um lado, h\u00e1 a acusa\u00e7\u00e3o de que houve estupro ou, ainda, que o morador em situa\u00e7\u00e3o de rua se aproveitou do estado da mulher,. Do outro, h\u00e1 a alega\u00e7\u00e3o de que a rela\u00e7\u00e3o foi consensual. No meio de tanta pol\u00eamica e mist\u00e9rios em rela\u00e7\u00e3o ao que ocorreu, o nome de Givaldo Alves de Souza tomou conta da Internet.<br>Ele j\u00e1 deu entrevista que rendeu memes (com declara\u00e7\u00f5es de gosto mais do que duvidoso), j\u00e1 foi filmado andando de Porsche e, ainda, convidado para se candidatar nas elei\u00e7\u00f5es deste ano. No \u00faltimo cap\u00edtulo desta hist\u00f3ria, come\u00e7ou a circular na Internet uma acusa\u00e7\u00e3o contra ele.<\/figcaption><\/figure>\n\n\n\n<figure class=\"wp-block-image size-large\"><img data-opt-id=111206563  data-opt-src=\"https:\/\/mlbfrsat7ahr.i.optimole.com\/w:auto\/h:auto\/q:mauto\/ig:avif\/https:\/\/noticiasnoface.com.br\/wp-content\/uploads\/2022\/03\/img_0553.jpg\"  decoding=\"async\" width=\"599\" height=\"1136\" src=\"data:image/svg+xml,%3Csvg%20viewBox%3D%220%200%20100%%20100%%22%20width%3D%22100%%22%20height%3D%22100%%22%20xmlns%3D%22http%3A%2F%2Fwww.w3.org%2F2000%2Fsvg%22%3E%3Crect%20width%3D%22100%%22%20height%3D%22100%%22%20fill%3D%22transparent%22%2F%3E%3C%2Fsvg%3E\" alt=\"\" class=\"wp-image-5975\" old-srcset=\"https:\/\/mlbfrsat7ahr.i.optimole.com\/w:569\/h:1080\/q:mauto\/ig:avif\/https:\/\/noticiasnoface.com.br\/wp-content\/uploads\/2022\/03\/img_0553.jpg 599w, https:\/\/mlbfrsat7ahr.i.optimole.com\/w:158\/h:300\/q:mauto\/ig:avif\/https:\/\/noticiasnoface.com.br\/wp-content\/uploads\/2022\/03\/img_0553.jpg 158w, https:\/\/mlbfrsat7ahr.i.optimole.com\/w:540\/h:1024\/q:mauto\/ig:avif\/https:\/\/noticiasnoface.com.br\/wp-content\/uploads\/2022\/03\/img_0553.jpg 540w\" \/><figcaption>Para come\u00e7ar, as mensagens em quest\u00e3o tem algumas caracter\u00edsticas de fake news como o car\u00e1ter vago, o tom alarmista e erros de portugu\u00eas. S\u00f3 que, ao contr\u00e1rio do que apontam a maioria dos boatos, a hist\u00f3ria at\u00e9 apresenta uma fonte confi\u00e1vel. E isso nos facilitou na busca da verdade.<br>Por meio do<a rel=\"noreferrer noopener\" href=\"https:\/\/servicos.receita.fazenda.gov.br\/servicos\/cnpjreva\/Cnpjreva_Comprovante.asp\" target=\"_blank\"> CNPJ da empresa G Frigo Transportadora de Cargas LTDA,<\/a> conseguimos chegar, <a rel=\"noreferrer noopener\" href=\"http:\/\/cnpj.info\/08856108000192\" target=\"_blank\">por meio de buscas em site p\u00fablicos ao CPF do Givaldo empres\u00e1rio.<\/a>Ao fazer mais alguns cruzamentos de dados, <a rel=\"noreferrer noopener\" href=\"https:\/\/www.jusbrasil.com.br\/diarios\/1129318967\/trt-2-judiciario-01-06-2021-pg-14210\" target=\"_blank\">descobrimos que o CPF encontrado, de fato, era citado em alguns dos processos.<\/a> A partir da\u00ed, pedimos uma ajuda aos parceiros do Metr\u00f3poles, <a rel=\"noreferrer noopener\" href=\"https:\/\/www.metropoles.com\/distrito-federal\/conheca-a-historia-do-morador-de-rua-espancado-por-personal-trainer\" target=\"_blank\">site que tem feito uma cobertura do caso.<\/a> Por meio do Boletim de Ocorr\u00eancia obtido com eles, chegamos a uma informa\u00e7\u00e3o: o CPF do \u201cGivaldo mendigo\u201d n\u00e3o \u00e9 o mesmo do \u201cGivaldo empres\u00e1rio\u201d.<br>Vale apontar que, ao colocar, o CPF do Givaldo envolvido no caso no Distrito Federal, n\u00e3o encontramos nenhuma empresa em nome dele e nenhum processo judicial contra o mesmo. <a rel=\"noreferrer noopener\" href=\"http:\/\/www.peruibe.sp.gov.br\/portal\/wp-content\/uploads\/2017\/07\/2.Edital-de-Publicacao-Classificacao-final-pos-recurso-Saude-ACE-1.pdf\" target=\"_blank\">O m\u00e1ximo que encontramos foi uma participa\u00e7\u00e3o em um concurso p\u00fablico na cidade de Peru\u00edbe (SP).<\/a> <a rel=\"noreferrer noopener\" href=\"https:\/\/www.atribuna.com.br\/cidades\/litoralsul\/homem-agredido-por-personal-e-ex-morador-do-litoral-de-sp-conheca-a-historia-de-cabelinho-\" target=\"_blank\">A informa\u00e7\u00e3o bate com essa mat\u00e9ria, que aponta que ele morou l\u00e1 por um per\u00edodo.<\/a><\/figcaption><\/figure>\n\n\n\n<figure class=\"wp-block-image size-large\"><img data-opt-id=704303904  data-opt-src=\"https:\/\/mlbfrsat7ahr.i.optimole.com\/w:auto\/h:auto\/q:mauto\/ig:avif\/https:\/\/noticiasnoface.com.br\/wp-content\/uploads\/2022\/03\/img_0555.jpg\"  decoding=\"async\" width=\"679\" height=\"701\" src=\"data:image/svg+xml,%3Csvg%20viewBox%3D%220%200%20100%%20100%%22%20width%3D%22100%%22%20height%3D%22100%%22%20xmlns%3D%22http%3A%2F%2Fwww.w3.org%2F2000%2Fsvg%22%3E%3Crect%20width%3D%22100%%22%20height%3D%22100%%22%20fill%3D%22transparent%22%2F%3E%3C%2Fsvg%3E\" alt=\"\" class=\"wp-image-5976\" old-srcset=\"https:\/\/mlbfrsat7ahr.i.optimole.com\/w:679\/h:701\/q:mauto\/ig:avif\/https:\/\/noticiasnoface.com.br\/wp-content\/uploads\/2022\/03\/img_0555.jpg 679w, https:\/\/mlbfrsat7ahr.i.optimole.com\/w:291\/h:300\/q:mauto\/ig:avif\/https:\/\/noticiasnoface.com.br\/wp-content\/uploads\/2022\/03\/img_0555.jpg 291w\" \/><figcaption>A partir da\u00ed, pedimos uma ajuda aos parceiros do Metr\u00f3poles, <a rel=\"noreferrer noopener\" href=\"https:\/\/www.metropoles.com\/distrito-federal\/conheca-a-historia-do-morador-de-rua-espancado-por-personal-trainer\" target=\"_blank\">site que tem feito uma cobertura do caso.<\/a> Por meio do Boletim de Ocorr\u00eancia obtido com eles, chegamos a uma informa\u00e7\u00e3o: o CPF do \u201cGivaldo mendigo\u201d n\u00e3o \u00e9 o mesmo do \u201cGivaldo empres\u00e1rio\u201d.<br>Vale apontar que, ao colocar, o CPF do Givaldo envolvido no caso no Distrito Federal, n\u00e3o encontramos nenhuma empresa em nome dele e nenhum processo judicial contra o mesmo. <a rel=\"noreferrer noopener\" href=\"http:\/\/www.peruibe.sp.gov.br\/portal\/wp-content\/uploads\/2017\/07\/2.Edital-de-Publicacao-Classificacao-final-pos-recurso-Saude-ACE-1.pdf\" target=\"_blank\">O m\u00e1ximo que encontramos foi uma participa\u00e7\u00e3o em um concurso p\u00fablico na cidade de Peru\u00edbe (SP).<\/a> <a rel=\"noreferrer noopener\" href=\"https:\/\/www.atribuna.com.br\/cidades\/litoralsul\/homem-agredido-por-personal-e-ex-morador-do-litoral-de-sp-conheca-a-historia-de-cabelinho-\" target=\"_blank\">A informa\u00e7\u00e3o bate com essa mat\u00e9ria, que aponta que ele morou l\u00e1 por um per\u00edodo.<\/a>sobre como a hist\u00f3ria surgiu. Algu\u00e9m pegou o nome de Givaldo Alves de Souza, jogou no Google e achou os processos e a empresa. Sem checar mais detalhes, espalhou a hist\u00f3ria, que acabou comprada por a\u00ed.<br>Resumindo: \u00e9 falsa a hist\u00f3ria que aponta que Givaldo Alves de Souza \u00e9 um falso mendigo e que ele \u00e9, na realidade, um empres\u00e1rio com mais de 100 processos. Apesar de terem o mesmo nome, n\u00e3o s\u00e3o a mesma pessoa.<\/figcaption><\/figure>\n","protected":false},"excerpt":{"rendered":"","protected":false},"author":1,"featured_media":0,"comment_status":"open","ping_status":"open","sticky":false,"template":"","format":"standard","meta":{"site-sidebar-layout":"default","site-content-layout":"","ast-site-content-layout":"default","site-content-style":"default","site-sidebar-style":"default","ast-global-header-display":"","ast-banner-title-visibility":"","ast-main-header-display":"","ast-hfb-above-header-display":"","ast-hfb-below-header-display":"","ast-hfb-mobile-header-display":"","site-post-title":"","ast-breadcrumbs-content":"","ast-featured-img":"","footer-sml-layout":"","ast-disable-related-posts":"","theme-transparent-header-meta":"","adv-header-id-meta":"","stick-header-meta":"","header-above-stick-meta":"","header-main-stick-meta":"","header-below-stick-meta":"","astra-migrate-meta-layouts":"default","ast-page-background-enabled":"default","ast-page-background-meta":{"desktop":{"background-color":"var(--ast-global-color-4)","background-image":"","background-repeat":"repeat","background-position":"center center","background-size":"auto","background-attachment":"scroll","background-type":"","background-media":"","overlay-type":"","overlay-color":"","overlay-opacity":"","overlay-gradient":""},"tablet":{"background-color":"","background-image":"","background-repeat":"repeat","background-position":"center center","background-size":"auto","background-attachment":"scroll","background-type":"","background-media":"","overlay-type":"","overlay-color":"","overlay-opacity":"","overlay-gradient":""},"mobile":{"background-color":"","background-image":"","background-repeat":"repeat","background-position":"center center","background-size":"auto","background-attachment":"scroll","background-type":"","background-media":"","overlay-type":"","overlay-color":"","overlay-opacity":"","overlay-gradient":""}},"ast-content-background-meta":{"desktop":{"background-color":"var(--ast-global-color-5)","background-image":"","background-repeat":"repeat","background-position":"center center","background-size":"auto","background-attachment":"scroll","background-type":"","background-media":"","overlay-type":"","overlay-color":"","overlay-opacity":"","overlay-gradient":""},"tablet":{"background-color":"var(--ast-global-color-5)","background-image":"","background-repeat":"repeat","background-position":"center center","background-size":"auto","background-attachment":"scroll","background-type":"","background-media":"","overlay-type":"","overlay-color":"","overlay-opacity":"","overlay-gradient":""},"mobile":{"background-color":"var(--ast-global-color-5)","background-image":"","background-repeat":"repeat","background-position":"center center","background-size":"auto","background-attachment":"scroll","background-type":"","background-media":"","overlay-type":"","overlay-color":"","overlay-opacity":"","overlay-gradient":""}},"footnotes":""},"categories":[154],"tags":[389,252,253],"class_list":["post-5977","post","type-post","status-publish","format-standard","hentry","category-comportamento","tag-boato","tag-mendigo","tag-personal"],"_links":{"self":[{"href":"https:\/\/noticiasnoface.com.br\/index.php\/wp-json\/wp\/v2\/posts\/5977","targetHints":{"allow":["GET"]}}],"collection":[{"href":"https:\/\/noticiasnoface.com.br\/index.php\/wp-json\/wp\/v2\/posts"}],"about":[{"href":"https:\/\/noticiasnoface.com.br\/index.php\/wp-json\/wp\/v2\/types\/post"}],"author":[{"embeddable":true,"href":"https:\/\/noticiasnoface.com.br\/index.php\/wp-json\/wp\/v2\/users\/1"}],"replies":[{"embeddable":true,"href":"https:\/\/noticiasnoface.com.br\/index.php\/wp-json\/wp\/v2\/comments?post=5977"}],"version-history":[{"count":1,"href":"https:\/\/noticiasnoface.com.br\/index.php\/wp-json\/wp\/v2\/posts\/5977\/revisions"}],"predecessor-version":[{"id":5978,"href":"https:\/\/noticiasnoface.com.br\/index.php\/wp-json\/wp\/v2\/posts\/5977\/revisions\/5978"}],"wp:attachment":[{"href":"https:\/\/noticiasnoface.com.br\/index.php\/wp-json\/wp\/v2\/media?parent=5977"}],"wp:term":[{"taxonomy":"category","embeddable":true,"href":"https:\/\/noticiasnoface.com.br\/index.php\/wp-json\/wp\/v2\/categories?post=5977"},{"taxonomy":"post_tag","embeddable":true,"href":"https:\/\/noticiasnoface.com.br\/index.php\/wp-json\/wp\/v2\/tags?post=5977"}],"curies":[{"name":"wp","href":"https:\/\/api.w.org\/{rel}","templated":true}]}}