{"id":5988,"date":"2022-03-29T13:20:11","date_gmt":"2022-03-29T16:20:11","guid":{"rendered":"https:\/\/noticiasnoface.com.br\/?p=5988"},"modified":"2022-03-29T19:14:04","modified_gmt":"2022-03-29T22:14:04","slug":"bomba-namorada-de-lula-e-fugitiva-da-justica","status":"publish","type":"post","link":"https:\/\/noticiasnoface.com.br\/index.php\/2022\/03\/29\/bomba-namorada-de-lula-e-fugitiva-da-justica\/","title":{"rendered":"BOMBA-Namorada de Lula \u00e9 fugitiva da justi\u00e7a!"},"content":{"rendered":"\n<figure class=\"wp-block-image size-large\"><img data-opt-id=1505402066  fetchpriority=\"high\" decoding=\"async\" width=\"680\" height=\"453\" src=\"https:\/\/mlbfrsat7ahr.i.optimole.com\/w:auto\/h:auto\/q:mauto\/ig:avif\/https:\/\/noticiasnoface.com.br\/wp-content\/uploads\/2022\/03\/img_0573.jpg\" alt=\"\" class=\"wp-image-5985\" srcset=\"https:\/\/mlbfrsat7ahr.i.optimole.com\/w:680\/h:453\/q:mauto\/ig:avif\/https:\/\/noticiasnoface.com.br\/wp-content\/uploads\/2022\/03\/img_0573.jpg 680w, https:\/\/mlbfrsat7ahr.i.optimole.com\/w:300\/h:200\/q:mauto\/ig:avif\/https:\/\/noticiasnoface.com.br\/wp-content\/uploads\/2022\/03\/img_0573.jpg 300w\" sizes=\"(max-width: 680px) 100vw, 680px\" \/><figcaption>Um dos endere\u00e7os da soci\u00f3loga Ros\u00e2ngela da Silva, a Janja, 55 anos de idade, noiva do ex-presidente <strong><a href=\"https:\/\/veja.abril.com.br\/noticias-sobre\/luiz-inacio-lula-da-silva\/\" target=\"_blank\" rel=\"noopener\">Lula<\/a><\/strong>, \u00e9 um apartamento em um sofisticado pr\u00e9dio da Avenida Vieira Souto, na beira da praia, no Rio de Janeiro, onde a di\u00e1ria custa 2.600 reais. \u00c9 um dos alugu\u00e9is mas caros do Rio de Janeiro, mas os oficiais de Justi\u00e7a n\u00e3o conseguem encontr\u00e1-la para cobrar  d\u00edvidas.<br \/>Janja deve mais de 220 mil reais, segundo a\u00e7\u00f5es na Justi\u00e7a Federal e no Tribunal de Justi\u00e7a do Paran\u00e1. Em um dos processos, a Caixa Econ\u00f4mica Federal cobra 109 mil reais da companheira do ex-presidente. A Procuradoria-Geral da Fazenda Nacional inscreveu o nome de Janja na D\u00edvida Ativa da Uni\u00e3o, com d\u00e9bitos que somam 111 mil reais. Estas d\u00edvidas est\u00e3o associadas ao Imposto de Renda. A p\u00e1gina da Procuradoria-Geral da Fazenda Nacional n\u00e3o detalha que tipo de irregularidade foi cometida junto ao Fisco.  Os d\u00e9bitos j\u00e1 transitaram pela fase administrativa e o pr\u00f3ximo passo ser\u00e1 um processo judicial.<br \/><\/figcaption><\/figure>\n\n\n\n<figure class=\"wp-block-image size-large\"><img data-opt-id=1576950779  fetchpriority=\"high\" decoding=\"async\" width=\"274\" height=\"182\" src=\"https:\/\/mlbfrsat7ahr.i.optimole.com\/w:auto\/h:auto\/q:mauto\/ig:avif\/https:\/\/noticiasnoface.com.br\/wp-content\/uploads\/2022\/03\/img_0575.jpg\" alt=\"\" class=\"wp-image-5986\"\/><figcaption>Janja tamb\u00e9m acumula d\u00edvidas de menor valor. Em outro processo, que tramita desde 2018 no Tribunal de Justi\u00e7a do Paran\u00e1, o Condom\u00ednio Edif\u00edcio Jardim Larissa, em Curitiba, cobra da namorada de Lula 3.700 reais, referentes  \u00e0 presta\u00e7\u00f5es atrasadas de condom\u00ednio. Um dos \u00faltimos andamentos da a\u00e7\u00e3o de cobran\u00e7a \u00e9 um documento assinado por um oficial de Justi\u00e7a, em fevereiro \u00faltimo,  informando que n\u00e3o ela n\u00e3o foi localizada m Curitiba \u2014 num segundo endere\u00e7o que consta como sendo da petista.<br \/>Dif\u00edcil de achar no mundo real, o mesmo n\u00e3o acontece nas redes sociais . Ela gosta de exibir fotos cozinhando com um avental do MST, exibe exibe fotografias participando de campanhas de arrecada\u00e7\u00e3o de alimentos para desassistidos e se mostra antenada com os pensamentos de Lula. Uma das camisetas que ela exibiu recentemente dizia: \u201cSalve a Energia, Diga N\u00e3o \u00e0 Privatiza\u00e7\u00e3o da Eletrobras\u201d.<\/figcaption><\/figure>\n\n\n\n<figure class=\"wp-block-image size-large\"><img data-opt-id=2030797279  data-opt-src=\"https:\/\/mlbfrsat7ahr.i.optimole.com\/w:auto\/h:auto\/q:mauto\/ig:avif\/https:\/\/noticiasnoface.com.br\/wp-content\/uploads\/2022\/03\/img_0574.jpg\"  decoding=\"async\" width=\"484\" height=\"465\" src=\"data:image/svg+xml,%3Csvg%20viewBox%3D%220%200%20100%%20100%%22%20width%3D%22100%%22%20height%3D%22100%%22%20xmlns%3D%22http%3A%2F%2Fwww.w3.org%2F2000%2Fsvg%22%3E%3Crect%20width%3D%22100%%22%20height%3D%22100%%22%20fill%3D%22transparent%22%2F%3E%3C%2Fsvg%3E\" alt=\"\" class=\"wp-image-5987\" old-srcset=\"https:\/\/mlbfrsat7ahr.i.optimole.com\/w:484\/h:465\/q:mauto\/ig:avif\/https:\/\/noticiasnoface.com.br\/wp-content\/uploads\/2022\/03\/img_0574.jpg 484w, https:\/\/mlbfrsat7ahr.i.optimole.com\/w:300\/h:288\/q:mauto\/ig:avif\/https:\/\/noticiasnoface.com.br\/wp-content\/uploads\/2022\/03\/img_0574.jpg 300w\" \/><figcaption>Lula tamb\u00e9m est\u00e1 com o nome inscrito na D\u00edvida Ativa da Uni\u00e3o com d\u00e9bitos que somam 1,3 milh\u00e3o de reais. O Instituto Lula deve mais 18 milh\u00f5es de reais. Lula tamb\u00e9m responde a dois processos na Justi\u00e7a, movidos pela Procuradoria-Geral da Fazenda Nacional. Conforme mostrou VEJA, <a href=\"https:\/\/veja.abril.com.br\/politica\/receita-acusa-lula-de-cometer-crimes-de-sonegacao-fraude-e-conluio\/\" target=\"_blank\" rel=\"noopener\">a Receita acusa o ex-presidente de crimes de sonega\u00e7\u00e3o, fraude e conluio<\/a>.<br \/>Janja informou, por interm\u00e9dio de assessoria, que a d\u00edvida com a Caixa Econ\u00f4mica Federal est\u00e1 em fase de negocia\u00e7\u00e3o.  J\u00e1 o d\u00e9bito junto \u00e0 Receita, informou a noiva de Lula,  trata-se de \u201cquest\u00f5es particulares com tratativas negociais normais\u201d.  A pend\u00eancia com o condom\u00ednio, segundo ela,  j\u00e1  foi resolvida. VIA VEJA <\/figcaption><\/figure>\n\n\n\n<p><\/p>\n","protected":false},"excerpt":{"rendered":"","protected":false},"author":1,"featured_media":0,"comment_status":"open","ping_status":"open","sticky":false,"template":"","format":"standard","meta":{"site-sidebar-layout":"default","site-content-layout":"","ast-site-content-layout":"default","site-content-style":"default","site-sidebar-style":"default","ast-global-header-display":"","ast-banner-title-visibility":"","ast-main-header-display":"","ast-hfb-above-header-display":"","ast-hfb-below-header-display":"","ast-hfb-mobile-header-display":"","site-post-title":"","ast-breadcrumbs-content":"","ast-featured-img":"","footer-sml-layout":"","ast-disable-related-posts":"","theme-transparent-header-meta":"","adv-header-id-meta":"","stick-header-meta":"","header-above-stick-meta":"","header-main-stick-meta":"","header-below-stick-meta":"","astra-migrate-meta-layouts":"default","ast-page-background-enabled":"default","ast-page-background-meta":{"desktop":{"background-color":"var(--ast-global-color-4)","background-image":"","background-repeat":"repeat","background-position":"center center","background-size":"auto","background-attachment":"scroll","background-type":"","background-media":"","overlay-type":"","overlay-color":"","overlay-opacity":"","overlay-gradient":""},"tablet":{"background-color":"","background-image":"","background-repeat":"repeat","background-position":"center center","background-size":"auto","background-attachment":"scroll","background-type":"","background-media":"","overlay-type":"","overlay-color":"","overlay-opacity":"","overlay-gradient":""},"mobile":{"background-color":"","background-image":"","background-repeat":"repeat","background-position":"center center","background-size":"auto","background-attachment":"scroll","background-type":"","background-media":"","overlay-type":"","overlay-color":"","overlay-opacity":"","overlay-gradient":""}},"ast-content-background-meta":{"desktop":{"background-color":"var(--ast-global-color-5)","background-image":"","background-repeat":"repeat","background-position":"center center","background-size":"auto","background-attachment":"scroll","background-type":"","background-media":"","overlay-type":"","overlay-color":"","overlay-opacity":"","overlay-gradient":""},"tablet":{"background-color":"var(--ast-global-color-5)","background-image":"","background-repeat":"repeat","background-position":"center center","background-size":"auto","background-attachment":"scroll","background-type":"","background-media":"","overlay-type":"","overlay-color":"","overlay-opacity":"","overlay-gradient":""},"mobile":{"background-color":"var(--ast-global-color-5)","background-image":"","background-repeat":"repeat","background-position":"center center","background-size":"auto","background-attachment":"scroll","background-type":"","background-media":"","overlay-type":"","overlay-color":"","overlay-opacity":"","overlay-gradient":""}},"footnotes":""},"categories":[517],"tags":[205,215,391],"class_list":["post-5988","post","type-post","status-publish","format-standard","hentry","category-aconteceu","tag-justica","tag-lula","tag-receita-federal"],"_links":{"self":[{"href":"https:\/\/noticiasnoface.com.br\/index.php\/wp-json\/wp\/v2\/posts\/5988","targetHints":{"allow":["GET"]}}],"collection":[{"href":"https:\/\/noticiasnoface.com.br\/index.php\/wp-json\/wp\/v2\/posts"}],"about":[{"href":"https:\/\/noticiasnoface.com.br\/index.php\/wp-json\/wp\/v2\/types\/post"}],"author":[{"embeddable":true,"href":"https:\/\/noticiasnoface.com.br\/index.php\/wp-json\/wp\/v2\/users\/1"}],"replies":[{"embeddable":true,"href":"https:\/\/noticiasnoface.com.br\/index.php\/wp-json\/wp\/v2\/comments?post=5988"}],"version-history":[{"count":3,"href":"https:\/\/noticiasnoface.com.br\/index.php\/wp-json\/wp\/v2\/posts\/5988\/revisions"}],"predecessor-version":[{"id":6014,"href":"https:\/\/noticiasnoface.com.br\/index.php\/wp-json\/wp\/v2\/posts\/5988\/revisions\/6014"}],"wp:attachment":[{"href":"https:\/\/noticiasnoface.com.br\/index.php\/wp-json\/wp\/v2\/media?parent=5988"}],"wp:term":[{"taxonomy":"category","embeddable":true,"href":"https:\/\/noticiasnoface.com.br\/index.php\/wp-json\/wp\/v2\/categories?post=5988"},{"taxonomy":"post_tag","embeddable":true,"href":"https:\/\/noticiasnoface.com.br\/index.php\/wp-json\/wp\/v2\/tags?post=5988"}],"curies":[{"name":"wp","href":"https:\/\/api.w.org\/{rel}","templated":true}]}}