{"id":5997,"date":"2022-03-29T16:38:27","date_gmt":"2022-03-29T19:38:27","guid":{"rendered":"https:\/\/noticiasnoface.com.br\/?p=5997"},"modified":"2022-03-29T16:38:28","modified_gmt":"2022-03-29T19:38:28","slug":"podemos-ja-estuda-saida-honrosa-para-moro","status":"publish","type":"post","link":"https:\/\/noticiasnoface.com.br\/index.php\/2022\/03\/29\/podemos-ja-estuda-saida-honrosa-para-moro\/","title":{"rendered":"PODEMOS j\u00e1 estuda sa\u00edda honrosa para Moro!"},"content":{"rendered":"\n<figure class=\"wp-block-image size-large\"><img data-opt-id=2018879347  fetchpriority=\"high\" decoding=\"async\" width=\"715\" height=\"429\" src=\"https:\/\/mlbfrsat7ahr.i.optimole.com\/w:auto\/h:auto\/q:mauto\/ig:avif\/https:\/\/noticiasnoface.com.br\/wp-content\/uploads\/2022\/03\/img_0592.jpg\" alt=\"\" class=\"wp-image-5994\" srcset=\"https:\/\/mlbfrsat7ahr.i.optimole.com\/w:715\/h:429\/q:mauto\/ig:avif\/https:\/\/noticiasnoface.com.br\/wp-content\/uploads\/2022\/03\/img_0592.jpg 715w, https:\/\/mlbfrsat7ahr.i.optimole.com\/w:300\/h:180\/q:mauto\/ig:avif\/https:\/\/noticiasnoface.com.br\/wp-content\/uploads\/2022\/03\/img_0592.jpg 300w\" sizes=\"(max-width: 715px) 100vw, 715px\" \/><figcaption>Juntar-se \u00e0 alian\u00e7a formada por <strong>Uni\u00e3o Brasil<\/strong>, <strong>MDB<\/strong> e <strong>PSDB<\/strong>, que querem lan\u00e7ar um candidato \u00fanico \u00e0 Presid\u00eancia para tentar romper a polariza\u00e7\u00e3o entre o ex-presidente <strong><a href=\"https:\/\/veja.abril.com.br\/noticias-sobre\/luiz-inacio-lula-da-silva\/\" target=\"_blank\" rel=\"noopener\">Luiz In\u00e1cio Lula da Silva<\/a><\/strong> (PT) e o presidente Jair Bolsonaro (PL), \u00e9 a solu\u00e7\u00e3o que pol\u00edticos do autodenominado \u201ccentro democr\u00e1tico\u201d t\u00eam apresentado a <strong><a href=\"https:\/\/veja.abril.com.br\/noticias-sobre\/sergio-moro\/\" target=\"_blank\" rel=\"noopener\">Sergio Moro<\/a><\/strong> (Podemos) como uma \u201csa\u00edda honrosa\u201d. Estacionado em 8% das inten\u00e7\u00f5es de voto, segundo o Datafolha, o ex-juiz teria nessa alian\u00e7a a justificativa perfeita para abandonar a candidatura ao Planalto, dar apoio a um nome com chances de crescer e disputar uma cadeira no Congresso, onde a probabilidade de sucesso nas urnas seria bem maior.<br><\/figcaption><\/figure>\n\n\n\n<figure class=\"wp-block-image size-large\"><img data-opt-id=725727818  fetchpriority=\"high\" decoding=\"async\" width=\"300\" height=\"168\" src=\"https:\/\/mlbfrsat7ahr.i.optimole.com\/w:auto\/h:auto\/q:mauto\/ig:avif\/https:\/\/noticiasnoface.com.br\/wp-content\/uploads\/2022\/03\/img_0593.jpg\" alt=\"\" class=\"wp-image-5996\"\/><figcaption>O MDB j\u00e1 apresentou como pr\u00e9-candidata \u00e0 Presid\u00eancia a senadora <strong>Simone Tebet<\/strong> (MS). O PSDB tem o governador de S\u00e3o Paulo, <strong>Jo\u00e3o Doria<\/strong> \u2014 e, correndo por fora, o governador do Rio Grande do Sul, <strong>Eduardo Leite<\/strong>. O Uni\u00e3o Brasil ainda deve colocar o nome do presidente da legenda, o deputado <strong>Luciano Bivar<\/strong> (PE). Embora Moro esteja melhor nos levantamentos do que Doria, Leite e Tebet \u2014 que t\u00eam 2%, 1% e 1%, respectivamente, de acordo com o \u00faltimo Datafolha \u2014, pesquisas qualitativas (que entrevistaram eleitores com determinados perfis) encomendadas por pol\u00edticos desse grupo apontam que a candidatura do ex-juiz da Lava-Jato \u201cdesintegrou\u201d. Hoje, ele \u00e9 visto por alguns nomes da terceira via como algu\u00e9m que n\u00e3o cresce e n\u00e3o deixa os outros crescerem.<\/figcaption><\/figure>\n\n\n\n<figure class=\"wp-block-image size-large\"><img data-opt-id=1588959868  data-opt-src=\"https:\/\/mlbfrsat7ahr.i.optimole.com\/w:auto\/h:auto\/q:mauto\/ig:avif\/https:\/\/noticiasnoface.com.br\/wp-content\/uploads\/2022\/03\/img_0591.jpg\"  decoding=\"async\" width=\"715\" height=\"429\" src=\"data:image/svg+xml,%3Csvg%20viewBox%3D%220%200%20100%%20100%%22%20width%3D%22100%%22%20height%3D%22100%%22%20xmlns%3D%22http%3A%2F%2Fwww.w3.org%2F2000%2Fsvg%22%3E%3Crect%20width%3D%22100%%22%20height%3D%22100%%22%20fill%3D%22transparent%22%2F%3E%3C%2Fsvg%3E\" alt=\"\" class=\"wp-image-5995\" old-srcset=\"https:\/\/mlbfrsat7ahr.i.optimole.com\/w:715\/h:429\/q:mauto\/ig:avif\/https:\/\/noticiasnoface.com.br\/wp-content\/uploads\/2022\/03\/img_0591.jpg 715w, https:\/\/mlbfrsat7ahr.i.optimole.com\/w:300\/h:180\/q:mauto\/ig:avif\/https:\/\/noticiasnoface.com.br\/wp-content\/uploads\/2022\/03\/img_0591.jpg 300w\" \/><figcaption>Diferentemente da prov\u00e1vel coliga\u00e7\u00e3o Uni\u00e3o-MDB-PSDB, que ter\u00e1 dinheiro dos fundos eleitoral e partid\u00e1rio e tempo de TV em abund\u00e2ncia, o Podemos de Moro, sem alian\u00e7as de peso, n\u00e3o deve ter recursos suficientes para uma campanha competitiva. Apostando nisso, nomes da terceira via t\u00eam defendido que Moro se junte a eles. Nesse arranjo, o ex-juiz disputaria uma vaga na C\u00e2mara dos Deputados, onde poderia se consagrar como um puxador de votos, ou no Senado \u2014 o que dependeria de mudar seu domic\u00edlio eleitoral para outro estado, porque pelo Paran\u00e1 o senador Alvaro Dias, correligion\u00e1rio de Moro, tentar\u00e1 a reelei\u00e7\u00e3o.<\/figcaption><\/figure>\n","protected":false},"excerpt":{"rendered":"","protected":false},"author":1,"featured_media":0,"comment_status":"open","ping_status":"open","sticky":false,"template":"","format":"standard","meta":{"site-sidebar-layout":"default","site-content-layout":"","ast-site-content-layout":"default","site-content-style":"default","site-sidebar-style":"default","ast-global-header-display":"","ast-banner-title-visibility":"","ast-main-header-display":"","ast-hfb-above-header-display":"","ast-hfb-below-header-display":"","ast-hfb-mobile-header-display":"","site-post-title":"","ast-breadcrumbs-content":"","ast-featured-img":"","footer-sml-layout":"","ast-disable-related-posts":"","theme-transparent-header-meta":"","adv-header-id-meta":"","stick-header-meta":"","header-above-stick-meta":"","header-main-stick-meta":"","header-below-stick-meta":"","astra-migrate-meta-layouts":"default","ast-page-background-enabled":"default","ast-page-background-meta":{"desktop":{"background-color":"var(--ast-global-color-4)","background-image":"","background-repeat":"repeat","background-position":"center center","background-size":"auto","background-attachment":"scroll","background-type":"","background-media":"","overlay-type":"","overlay-color":"","overlay-opacity":"","overlay-gradient":""},"tablet":{"background-color":"","background-image":"","background-repeat":"repeat","background-position":"center center","background-size":"auto","background-attachment":"scroll","background-type":"","background-media":"","overlay-type":"","overlay-color":"","overlay-opacity":"","overlay-gradient":""},"mobile":{"background-color":"","background-image":"","background-repeat":"repeat","background-position":"center center","background-size":"auto","background-attachment":"scroll","background-type":"","background-media":"","overlay-type":"","overlay-color":"","overlay-opacity":"","overlay-gradient":""}},"ast-content-background-meta":{"desktop":{"background-color":"var(--ast-global-color-5)","background-image":"","background-repeat":"repeat","background-position":"center center","background-size":"auto","background-attachment":"scroll","background-type":"","background-media":"","overlay-type":"","overlay-color":"","overlay-opacity":"","overlay-gradient":""},"tablet":{"background-color":"var(--ast-global-color-5)","background-image":"","background-repeat":"repeat","background-position":"center center","background-size":"auto","background-attachment":"scroll","background-type":"","background-media":"","overlay-type":"","overlay-color":"","overlay-opacity":"","overlay-gradient":""},"mobile":{"background-color":"var(--ast-global-color-5)","background-image":"","background-repeat":"repeat","background-position":"center center","background-size":"auto","background-attachment":"scroll","background-type":"","background-media":"","overlay-type":"","overlay-color":"","overlay-opacity":"","overlay-gradient":""}},"footnotes":""},"categories":[517],"tags":[317,266,366],"class_list":["post-5997","post","type-post","status-publish","format-standard","hentry","category-aconteceu","tag-eleicoes","tag-moro","tag-podemos"],"_links":{"self":[{"href":"https:\/\/noticiasnoface.com.br\/index.php\/wp-json\/wp\/v2\/posts\/5997","targetHints":{"allow":["GET"]}}],"collection":[{"href":"https:\/\/noticiasnoface.com.br\/index.php\/wp-json\/wp\/v2\/posts"}],"about":[{"href":"https:\/\/noticiasnoface.com.br\/index.php\/wp-json\/wp\/v2\/types\/post"}],"author":[{"embeddable":true,"href":"https:\/\/noticiasnoface.com.br\/index.php\/wp-json\/wp\/v2\/users\/1"}],"replies":[{"embeddable":true,"href":"https:\/\/noticiasnoface.com.br\/index.php\/wp-json\/wp\/v2\/comments?post=5997"}],"version-history":[{"count":1,"href":"https:\/\/noticiasnoface.com.br\/index.php\/wp-json\/wp\/v2\/posts\/5997\/revisions"}],"predecessor-version":[{"id":5998,"href":"https:\/\/noticiasnoface.com.br\/index.php\/wp-json\/wp\/v2\/posts\/5997\/revisions\/5998"}],"wp:attachment":[{"href":"https:\/\/noticiasnoface.com.br\/index.php\/wp-json\/wp\/v2\/media?parent=5997"}],"wp:term":[{"taxonomy":"category","embeddable":true,"href":"https:\/\/noticiasnoface.com.br\/index.php\/wp-json\/wp\/v2\/categories?post=5997"},{"taxonomy":"post_tag","embeddable":true,"href":"https:\/\/noticiasnoface.com.br\/index.php\/wp-json\/wp\/v2\/tags?post=5997"}],"curies":[{"name":"wp","href":"https:\/\/api.w.org\/{rel}","templated":true}]}}