{"id":6001,"date":"2022-03-29T17:20:11","date_gmt":"2022-03-29T20:20:11","guid":{"rendered":"https:\/\/noticiasnoface.com.br\/?p=6001"},"modified":"2022-03-29T17:20:11","modified_gmt":"2022-03-29T20:20:11","slug":"urgente-daniel-silveira-desafia-ministro-alexandre-de-moraes-e-diz-que-nao-cumprir-ordens","status":"publish","type":"post","link":"https:\/\/noticiasnoface.com.br\/index.php\/2022\/03\/29\/urgente-daniel-silveira-desafia-ministro-alexandre-de-moraes-e-diz-que-nao-cumprir-ordens\/","title":{"rendered":"URGENTE- Daniel Silveira desafia ministro Alexandre de Moraes e diz que n\u00e3o cumprir ordens!"},"content":{"rendered":"\n<figure class=\"wp-block-image size-large\"><img data-opt-id=1311694367  fetchpriority=\"high\" decoding=\"async\" width=\"1050\" height=\"700\" src=\"https:\/\/mlbfrsat7ahr.i.optimole.com\/w:auto\/h:auto\/q:mauto\/ig:avif\/https:\/\/noticiasnoface.com.br\/wp-content\/uploads\/2022\/03\/img_0597.jpg\" alt=\"\" class=\"wp-image-5999\" srcset=\"https:\/\/mlbfrsat7ahr.i.optimole.com\/w:1050\/h:700\/q:mauto\/ig:avif\/https:\/\/noticiasnoface.com.br\/wp-content\/uploads\/2022\/03\/img_0597.jpg 1050w, https:\/\/mlbfrsat7ahr.i.optimole.com\/w:300\/h:200\/q:mauto\/ig:avif\/https:\/\/noticiasnoface.com.br\/wp-content\/uploads\/2022\/03\/img_0597.jpg 300w, https:\/\/mlbfrsat7ahr.i.optimole.com\/w:1024\/h:683\/q:mauto\/ig:avif\/https:\/\/noticiasnoface.com.br\/wp-content\/uploads\/2022\/03\/img_0597.jpg 1024w, https:\/\/mlbfrsat7ahr.i.optimole.com\/w:768\/h:512\/q:mauto\/ig:avif\/https:\/\/noticiasnoface.com.br\/wp-content\/uploads\/2022\/03\/img_0597.jpg 768w\" sizes=\"(max-width: 1000px) 100vw, 1000px\" \/><figcaption><br>O deputado federal Daniel Silveira (Uni\u00e3o Brasil-RJ) afirmou nesta ter\u00e7a-feira (29) que n\u00e3o acatar\u00e1 decis\u00e3o do ministro do Supremo Tribunal Federal (STF) Alexandre de Moraes, que determinou que o parlamentar deve utilizar tornozeleira eletr\u00f4nica. <br>De acordo com Silveira, a decis\u00e3o de Moraes deve passar pelo crivo dos parlamentares. <br><br><br><br>&#8220;No dia 25, na calada da noite, mais uma vez o ministro Alexandre de Moraes, um sujeito med\u00edocre, que desonra o STF, adotou medidas protetivas contra este parlamentar. Acontece que monocraticamente isso n\u00e3o cabe. Ele esquece do julgamento da ADI 5526, que diz que o par\u00e1grafo 302 do CPP, pris\u00e3o preventiva, n\u00e3o se aplica em hip\u00f3tese alguma aos parlamentares. Vejam bem. J\u00e1 o artigo 319 do CPP, trata de medidas cautelares que s\u00f3 se aplicam se atrapalhar direta ou indiretamente o livre exerc\u00edcio do mandato parlamentar, que tem que passar pelo crivo da Casa&#8221;, disse o deputado da tribuna da C\u00e2mara. <\/figcaption><\/figure>\n\n\n\n<figure class=\"wp-block-image size-large\"><img data-opt-id=10257007  fetchpriority=\"high\" decoding=\"async\" width=\"739\" height=\"415\" src=\"https:\/\/mlbfrsat7ahr.i.optimole.com\/w:auto\/h:auto\/q:mauto\/ig:avif\/https:\/\/noticiasnoface.com.br\/wp-content\/uploads\/2022\/03\/img_0598.jpg\" alt=\"\" class=\"wp-image-6000\" srcset=\"https:\/\/mlbfrsat7ahr.i.optimole.com\/w:739\/h:415\/q:mauto\/ig:avif\/https:\/\/noticiasnoface.com.br\/wp-content\/uploads\/2022\/03\/img_0598.jpg 739w, https:\/\/mlbfrsat7ahr.i.optimole.com\/w:300\/h:168\/q:mauto\/ig:avif\/https:\/\/noticiasnoface.com.br\/wp-content\/uploads\/2022\/03\/img_0598.jpg 300w\" sizes=\"(max-width: 739px) 100vw, 739px\" \/><figcaption>Moraes acatou pedido da Procuradoria-Geral da Rep\u00fablica (PGR) e determinou que Oliveira deve usar tornozeleira eletr\u00f4nica e n\u00e3o pode visitar qualquer cidade do Brasil &#8211; com exce\u00e7\u00e3o de Petr\u00f3polis, no Rio de Janeiro, sua cidade, e Bras\u00edlia, local que desempenha trabalhos legislativos. <br>Daniel Oliveira disse que n\u00e3o cumprir\u00e1 a decis\u00e3o. &#8220;Eu avoco o artigo 17, al\u00ednea G, do Regimento Interno da C\u00e2mara dos Deputados. O presidente Arthur Lira tem que zelar e garantir prerrogativas constitucionais. N\u00e3o ser\u00e1 acatado a decis\u00e3o de Moraes at\u00e9 que se passe pelo crivo dos parlamentares&#8221;, afirmou. <\/figcaption><\/figure>\n","protected":false},"excerpt":{"rendered":"","protected":false},"author":1,"featured_media":0,"comment_status":"open","ping_status":"open","sticky":false,"template":"","format":"standard","meta":{"site-sidebar-layout":"default","site-content-layout":"","ast-site-content-layout":"default","site-content-style":"default","site-sidebar-style":"default","ast-global-header-display":"","ast-banner-title-visibility":"","ast-main-header-display":"","ast-hfb-above-header-display":"","ast-hfb-below-header-display":"","ast-hfb-mobile-header-display":"","site-post-title":"","ast-breadcrumbs-content":"","ast-featured-img":"","footer-sml-layout":"","ast-disable-related-posts":"","theme-transparent-header-meta":"","adv-header-id-meta":"","stick-header-meta":"","header-above-stick-meta":"","header-main-stick-meta":"","header-below-stick-meta":"","astra-migrate-meta-layouts":"default","ast-page-background-enabled":"default","ast-page-background-meta":{"desktop":{"background-color":"var(--ast-global-color-4)","background-image":"","background-repeat":"repeat","background-position":"center center","background-size":"auto","background-attachment":"scroll","background-type":"","background-media":"","overlay-type":"","overlay-color":"","overlay-opacity":"","overlay-gradient":""},"tablet":{"background-color":"","background-image":"","background-repeat":"repeat","background-position":"center center","background-size":"auto","background-attachment":"scroll","background-type":"","background-media":"","overlay-type":"","overlay-color":"","overlay-opacity":"","overlay-gradient":""},"mobile":{"background-color":"","background-image":"","background-repeat":"repeat","background-position":"center center","background-size":"auto","background-attachment":"scroll","background-type":"","background-media":"","overlay-type":"","overlay-color":"","overlay-opacity":"","overlay-gradient":""}},"ast-content-background-meta":{"desktop":{"background-color":"var(--ast-global-color-5)","background-image":"","background-repeat":"repeat","background-position":"center center","background-size":"auto","background-attachment":"scroll","background-type":"","background-media":"","overlay-type":"","overlay-color":"","overlay-opacity":"","overlay-gradient":""},"tablet":{"background-color":"var(--ast-global-color-5)","background-image":"","background-repeat":"repeat","background-position":"center center","background-size":"auto","background-attachment":"scroll","background-type":"","background-media":"","overlay-type":"","overlay-color":"","overlay-opacity":"","overlay-gradient":""},"mobile":{"background-color":"var(--ast-global-color-5)","background-image":"","background-repeat":"repeat","background-position":"center center","background-size":"auto","background-attachment":"scroll","background-type":"","background-media":"","overlay-type":"","overlay-color":"","overlay-opacity":"","overlay-gradient":""}},"footnotes":""},"categories":[517],"tags":[9,395,303,396],"class_list":["post-6001","post","type-post","status-publish","format-standard","hentry","category-aconteceu","tag-alexandre-de-moraes","tag-congresso-nacional","tag-daniel-silveira","tag-tornozeleira"],"_links":{"self":[{"href":"https:\/\/noticiasnoface.com.br\/index.php\/wp-json\/wp\/v2\/posts\/6001","targetHints":{"allow":["GET"]}}],"collection":[{"href":"https:\/\/noticiasnoface.com.br\/index.php\/wp-json\/wp\/v2\/posts"}],"about":[{"href":"https:\/\/noticiasnoface.com.br\/index.php\/wp-json\/wp\/v2\/types\/post"}],"author":[{"embeddable":true,"href":"https:\/\/noticiasnoface.com.br\/index.php\/wp-json\/wp\/v2\/users\/1"}],"replies":[{"embeddable":true,"href":"https:\/\/noticiasnoface.com.br\/index.php\/wp-json\/wp\/v2\/comments?post=6001"}],"version-history":[{"count":1,"href":"https:\/\/noticiasnoface.com.br\/index.php\/wp-json\/wp\/v2\/posts\/6001\/revisions"}],"predecessor-version":[{"id":6002,"href":"https:\/\/noticiasnoface.com.br\/index.php\/wp-json\/wp\/v2\/posts\/6001\/revisions\/6002"}],"wp:attachment":[{"href":"https:\/\/noticiasnoface.com.br\/index.php\/wp-json\/wp\/v2\/media?parent=6001"}],"wp:term":[{"taxonomy":"category","embeddable":true,"href":"https:\/\/noticiasnoface.com.br\/index.php\/wp-json\/wp\/v2\/categories?post=6001"},{"taxonomy":"post_tag","embeddable":true,"href":"https:\/\/noticiasnoface.com.br\/index.php\/wp-json\/wp\/v2\/tags?post=6001"}],"curies":[{"name":"wp","href":"https:\/\/api.w.org\/{rel}","templated":true}]}}