{"id":6007,"date":"2022-03-29T17:43:43","date_gmt":"2022-03-29T20:43:43","guid":{"rendered":"https:\/\/noticiasnoface.com.br\/?p=6007"},"modified":"2022-03-29T17:43:44","modified_gmt":"2022-03-29T20:43:44","slug":"daniel-silveira-diz-que-vai-morar-no-congresso-para-nao-ser-preso","status":"publish","type":"post","link":"https:\/\/noticiasnoface.com.br\/index.php\/2022\/03\/29\/daniel-silveira-diz-que-vai-morar-no-congresso-para-nao-ser-preso\/","title":{"rendered":"Daniel Silveira diz que vai \u201cmorar no congresso\u201d para n\u00e3o ser preso!"},"content":{"rendered":"\n<figure class=\"wp-block-image size-large\"><img data-opt-id=1567777356  fetchpriority=\"high\" decoding=\"async\" width=\"300\" height=\"168\" src=\"https:\/\/mlbfrsat7ahr.i.optimole.com\/w:auto\/h:auto\/q:mauto\/ig:avif\/https:\/\/noticiasnoface.com.br\/wp-content\/uploads\/2022\/03\/img_0601.jpg\" alt=\"\" class=\"wp-image-6004\"\/><figcaption>O deputado federal Daniel Silveira, alvo de uma verdadeira e injusta ca\u00e7ada promovida pelo ministro do STF, Alexandre de Moraes, subiu o tom nesta ter\u00e7a-feira (29) ao dizer que n\u00e3o vai cumprir as ordens ilegais do STF e anunciou que vai se mudar para as depend\u00eancias da C\u00e2mara dos Deputados, em Bras\u00edlia. &#8220;Aqui dentro do Parlamento a minha imunidade \u00e9 inquestion\u00e1vel&#8221;, disse.<br><\/figcaption><\/figure>\n\n\n\n<figure class=\"wp-block-image size-large\"><img data-opt-id=1809084869  fetchpriority=\"high\" decoding=\"async\" width=\"274\" height=\"182\" src=\"https:\/\/mlbfrsat7ahr.i.optimole.com\/w:auto\/h:auto\/q:mauto\/ig:avif\/https:\/\/noticiasnoface.com.br\/wp-content\/uploads\/2022\/03\/img_0600.jpg\" alt=\"\" class=\"wp-image-6006\"\/><figcaption>Silveira defende que a ordem de Alexandre de Moraes que determinou que ele voltasse a usar tornozeleira eletr\u00f4nica \u00e9 ilegal e inconstitucional, pois h\u00e1 um entendimento de Plen\u00e1rio do STF que a imposi\u00e7\u00e3o de medidas cautelares que dificultem ou impe\u00e7am, direta ou indiretamente, o exerc\u00edcio regular do mandato parlamentar deve ser enviada, em at\u00e9 24 horas, a  respectiva Casa Legislativa para delibera\u00e7\u00e3o, nos termos do artigo <a href=\"http:\/\/www.jusbrasil.com.br\/topicos\/10634270\/artigo-53-da-constitui%C3%A7%C3%A3o-federal-de-1988\" target=\"_blank\" rel=\"noopener\">53<\/a>, <a href=\"http:\/\/www.jusbrasil.com.br\/topicos\/10703661\/par%C3%A1grafo-2-artigo-53-da-constitui%C3%A7%C3%A3o-federal-de-1988\" target=\"_blank\" rel=\"noopener\">par\u00e1grafo 2\u00ba<\/a>, da <a href=\"http:\/\/www.jusbrasil.com.br\/legislacao\/188546065\/constitui%C3%A7%C3%A3o-federal-constitui%C3%A7%C3%A3o-da-republica-federativa-do-brasil-1988\" target=\"_blank\" rel=\"noopener\">Constitui\u00e7\u00e3o FederalContinua depois da publicidade<ins class=\"adsbygoogle\"><\/ins><\/a>.<\/figcaption><\/figure>\n\n\n\n<figure class=\"wp-block-image size-large\"><img data-opt-id=1338073635  data-opt-src=\"https:\/\/mlbfrsat7ahr.i.optimole.com\/w:auto\/h:auto\/q:mauto\/ig:avif\/https:\/\/noticiasnoface.com.br\/wp-content\/uploads\/2022\/03\/img_0599-1.jpg\"  decoding=\"async\" width=\"278\" height=\"182\" src=\"data:image/svg+xml,%3Csvg%20viewBox%3D%220%200%20100%%20100%%22%20width%3D%22100%%22%20height%3D%22100%%22%20xmlns%3D%22http%3A%2F%2Fwww.w3.org%2F2000%2Fsvg%22%3E%3Crect%20width%3D%22100%%22%20height%3D%22100%%22%20fill%3D%22transparent%22%2F%3E%3C%2Fsvg%3E\" alt=\"\" class=\"wp-image-6005\"\/><figcaption>O parlamentar pediu ajuda do povo com um colchonete e algo para comer. &#8220;Daqui eu s\u00f3 saio quando a C\u00e2mara deliberar,&#8221; afirmou.<br>O deputado disse ainda que se os oficiais de justi\u00e7a do STF forem at\u00e9 a C\u00e2mara para obrig\u00e1-lo a usar o dispositivo de monitoramento n\u00e3o conseguir\u00e3o fazer com que ele use. &#8220;Eu n\u00e3o estou desobedecendo nada. Estou obedecendo \u00e0 Constitui\u00e7\u00e3o e defendendo a liberdade do povo Brasileiro. eu falo aqui por milh\u00f5es de pessoas indignadas&#8221;, complementou.<\/figcaption><\/figure>\n","protected":false},"excerpt":{"rendered":"","protected":false},"author":1,"featured_media":0,"comment_status":"open","ping_status":"open","sticky":false,"template":"","format":"standard","meta":{"site-sidebar-layout":"default","site-content-layout":"","ast-site-content-layout":"default","site-content-style":"default","site-sidebar-style":"default","ast-global-header-display":"","ast-banner-title-visibility":"","ast-main-header-display":"","ast-hfb-above-header-display":"","ast-hfb-below-header-display":"","ast-hfb-mobile-header-display":"","site-post-title":"","ast-breadcrumbs-content":"","ast-featured-img":"","footer-sml-layout":"","ast-disable-related-posts":"","theme-transparent-header-meta":"","adv-header-id-meta":"","stick-header-meta":"","header-above-stick-meta":"","header-main-stick-meta":"","header-below-stick-meta":"","astra-migrate-meta-layouts":"default","ast-page-background-enabled":"default","ast-page-background-meta":{"desktop":{"background-color":"var(--ast-global-color-4)","background-image":"","background-repeat":"repeat","background-position":"center center","background-size":"auto","background-attachment":"scroll","background-type":"","background-media":"","overlay-type":"","overlay-color":"","overlay-opacity":"","overlay-gradient":""},"tablet":{"background-color":"","background-image":"","background-repeat":"repeat","background-position":"center center","background-size":"auto","background-attachment":"scroll","background-type":"","background-media":"","overlay-type":"","overlay-color":"","overlay-opacity":"","overlay-gradient":""},"mobile":{"background-color":"","background-image":"","background-repeat":"repeat","background-position":"center center","background-size":"auto","background-attachment":"scroll","background-type":"","background-media":"","overlay-type":"","overlay-color":"","overlay-opacity":"","overlay-gradient":""}},"ast-content-background-meta":{"desktop":{"background-color":"var(--ast-global-color-5)","background-image":"","background-repeat":"repeat","background-position":"center center","background-size":"auto","background-attachment":"scroll","background-type":"","background-media":"","overlay-type":"","overlay-color":"","overlay-opacity":"","overlay-gradient":""},"tablet":{"background-color":"var(--ast-global-color-5)","background-image":"","background-repeat":"repeat","background-position":"center center","background-size":"auto","background-attachment":"scroll","background-type":"","background-media":"","overlay-type":"","overlay-color":"","overlay-opacity":"","overlay-gradient":""},"mobile":{"background-color":"var(--ast-global-color-5)","background-image":"","background-repeat":"repeat","background-position":"center center","background-size":"auto","background-attachment":"scroll","background-type":"","background-media":"","overlay-type":"","overlay-color":"","overlay-opacity":"","overlay-gradient":""}},"footnotes":""},"categories":[517],"tags":[],"class_list":["post-6007","post","type-post","status-publish","format-standard","hentry","category-aconteceu"],"_links":{"self":[{"href":"https:\/\/noticiasnoface.com.br\/index.php\/wp-json\/wp\/v2\/posts\/6007","targetHints":{"allow":["GET"]}}],"collection":[{"href":"https:\/\/noticiasnoface.com.br\/index.php\/wp-json\/wp\/v2\/posts"}],"about":[{"href":"https:\/\/noticiasnoface.com.br\/index.php\/wp-json\/wp\/v2\/types\/post"}],"author":[{"embeddable":true,"href":"https:\/\/noticiasnoface.com.br\/index.php\/wp-json\/wp\/v2\/users\/1"}],"replies":[{"embeddable":true,"href":"https:\/\/noticiasnoface.com.br\/index.php\/wp-json\/wp\/v2\/comments?post=6007"}],"version-history":[{"count":1,"href":"https:\/\/noticiasnoface.com.br\/index.php\/wp-json\/wp\/v2\/posts\/6007\/revisions"}],"predecessor-version":[{"id":6008,"href":"https:\/\/noticiasnoface.com.br\/index.php\/wp-json\/wp\/v2\/posts\/6007\/revisions\/6008"}],"wp:attachment":[{"href":"https:\/\/noticiasnoface.com.br\/index.php\/wp-json\/wp\/v2\/media?parent=6007"}],"wp:term":[{"taxonomy":"category","embeddable":true,"href":"https:\/\/noticiasnoface.com.br\/index.php\/wp-json\/wp\/v2\/categories?post=6007"},{"taxonomy":"post_tag","embeddable":true,"href":"https:\/\/noticiasnoface.com.br\/index.php\/wp-json\/wp\/v2\/tags?post=6007"}],"curies":[{"name":"wp","href":"https:\/\/api.w.org\/{rel}","templated":true}]}}