{"id":6017,"date":"2022-03-29T21:23:14","date_gmt":"2022-03-30T00:23:14","guid":{"rendered":"https:\/\/noticiasnoface.com.br\/?p=6017"},"modified":"2022-03-29T21:23:52","modified_gmt":"2022-03-30T00:23:52","slug":"tcu-fecha-o-cerco-a-moro-e-da-5-dias-para-apresentar-imposto-de-renda","status":"publish","type":"post","link":"https:\/\/noticiasnoface.com.br\/index.php\/2022\/03\/29\/tcu-fecha-o-cerco-a-moro-e-da-5-dias-para-apresentar-imposto-de-renda\/","title":{"rendered":"TCU fecha o cerco a MORO e da 5 dias para apresentar imposto de renda"},"content":{"rendered":"\n<figure class=\"wp-block-image size-large\"><img data-opt-id=2057611140  fetchpriority=\"high\" decoding=\"async\" width=\"675\" height=\"450\" src=\"https:\/\/mlbfrsat7ahr.i.optimole.com\/w:auto\/h:auto\/q:mauto\/ig:avif\/https:\/\/noticiasnoface.com.br\/wp-content\/uploads\/2022\/03\/img_0616.jpg\" alt=\"\" class=\"wp-image-6015\" srcset=\"https:\/\/mlbfrsat7ahr.i.optimole.com\/w:675\/h:450\/q:mauto\/ig:avif\/https:\/\/noticiasnoface.com.br\/wp-content\/uploads\/2022\/03\/img_0616.jpg 675w, https:\/\/mlbfrsat7ahr.i.optimole.com\/w:300\/h:200\/q:mauto\/ig:avif\/https:\/\/noticiasnoface.com.br\/wp-content\/uploads\/2022\/03\/img_0616.jpg 300w\" sizes=\"(max-width: 675px) 100vw, 675px\" \/><figcaption>O ministro Bruno Dantas <strong>acolheu novo pedido do subprocurador Lucas Furtado e determinou aos minist\u00e9rios da Economia e da Justi\u00e7a que forne\u00e7am ao TCU a declara\u00e7\u00e3o de imposto de renda apresentada por Sergio Moro (foto) quando ministro. <\/strong><br \/>Os dados se referem ao ano de 2019.<br \/>A medida faz parte do cerco judicial ao presidenci\u00e1vel do Podemos. Como registramos dias atr\u00e1s, o subprocurador junto ao TCU <strong>entrou com uma nova representa\u00e7\u00e3o contra o ex-juiz por sua atua\u00e7\u00e3o na Lava Jato.<\/strong><br \/>Ele defende a esdr\u00faxula tese de que as investiga\u00e7\u00f5es do Petrol\u00e3o provocaram preju\u00edzos ao pa\u00eds. Diz que houve perda de arrecada\u00e7\u00e3o tribut\u00e1ria decorrente da quebra da Odebrecht.<br \/><\/figcaption><\/figure>\n\n\n\n<figure class=\"wp-block-image size-large\"><img data-opt-id=1743210260  fetchpriority=\"high\" decoding=\"async\" width=\"1086\" height=\"652\" src=\"https:\/\/mlbfrsat7ahr.i.optimole.com\/w:auto\/h:auto\/q:mauto\/ig:avif\/https:\/\/noticiasnoface.com.br\/wp-content\/uploads\/2022\/03\/img_0614.jpg\" alt=\"\" class=\"wp-image-6016\" srcset=\"https:\/\/mlbfrsat7ahr.i.optimole.com\/w:1086\/h:652\/q:mauto\/ig:avif\/https:\/\/noticiasnoface.com.br\/wp-content\/uploads\/2022\/03\/img_0614.jpg 1086w, https:\/\/mlbfrsat7ahr.i.optimole.com\/w:300\/h:180\/q:mauto\/ig:avif\/https:\/\/noticiasnoface.com.br\/wp-content\/uploads\/2022\/03\/img_0614.jpg 300w, https:\/\/mlbfrsat7ahr.i.optimole.com\/w:1024\/h:615\/q:mauto\/ig:avif\/https:\/\/noticiasnoface.com.br\/wp-content\/uploads\/2022\/03\/img_0614.jpg 1024w, https:\/\/mlbfrsat7ahr.i.optimole.com\/w:768\/h:461\/q:mauto\/ig:avif\/https:\/\/noticiasnoface.com.br\/wp-content\/uploads\/2022\/03\/img_0614.jpg 768w\" sizes=\"(max-width: 1000px) 100vw, 1000px\" \/><figcaption>Ano passado, o <strong>subprocurador-geral <\/strong>pediu ao ministro <strong>Bruno Dantas o arquivamento da investiga\u00e7\u00e3o sobre a rela\u00e7\u00e3o do ex-juiz com a empresa Alvarez &amp; Marsal. <\/strong>Furtado queria que as conclus\u00f5es das investiga\u00e7\u00f5es fossem enviadas \u00e0 Receita Federal.<\/figcaption><\/figure>\n\n\n","protected":false},"excerpt":{"rendered":"","protected":false},"author":1,"featured_media":0,"comment_status":"open","ping_status":"open","sticky":false,"template":"","format":"standard","meta":{"site-sidebar-layout":"default","site-content-layout":"","ast-site-content-layout":"default","site-content-style":"default","site-sidebar-style":"default","ast-global-header-display":"","ast-banner-title-visibility":"","ast-main-header-display":"","ast-hfb-above-header-display":"","ast-hfb-below-header-display":"","ast-hfb-mobile-header-display":"","site-post-title":"","ast-breadcrumbs-content":"","ast-featured-img":"","footer-sml-layout":"","ast-disable-related-posts":"","theme-transparent-header-meta":"","adv-header-id-meta":"","stick-header-meta":"","header-above-stick-meta":"","header-main-stick-meta":"","header-below-stick-meta":"","astra-migrate-meta-layouts":"default","ast-page-background-enabled":"default","ast-page-background-meta":{"desktop":{"background-color":"var(--ast-global-color-4)","background-image":"","background-repeat":"repeat","background-position":"center center","background-size":"auto","background-attachment":"scroll","background-type":"","background-media":"","overlay-type":"","overlay-color":"","overlay-opacity":"","overlay-gradient":""},"tablet":{"background-color":"","background-image":"","background-repeat":"repeat","background-position":"center center","background-size":"auto","background-attachment":"scroll","background-type":"","background-media":"","overlay-type":"","overlay-color":"","overlay-opacity":"","overlay-gradient":""},"mobile":{"background-color":"","background-image":"","background-repeat":"repeat","background-position":"center center","background-size":"auto","background-attachment":"scroll","background-type":"","background-media":"","overlay-type":"","overlay-color":"","overlay-opacity":"","overlay-gradient":""}},"ast-content-background-meta":{"desktop":{"background-color":"var(--ast-global-color-5)","background-image":"","background-repeat":"repeat","background-position":"center center","background-size":"auto","background-attachment":"scroll","background-type":"","background-media":"","overlay-type":"","overlay-color":"","overlay-opacity":"","overlay-gradient":""},"tablet":{"background-color":"var(--ast-global-color-5)","background-image":"","background-repeat":"repeat","background-position":"center center","background-size":"auto","background-attachment":"scroll","background-type":"","background-media":"","overlay-type":"","overlay-color":"","overlay-opacity":"","overlay-gradient":""},"mobile":{"background-color":"var(--ast-global-color-5)","background-image":"","background-repeat":"repeat","background-position":"center center","background-size":"auto","background-attachment":"scroll","background-type":"","background-media":"","overlay-type":"","overlay-color":"","overlay-opacity":"","overlay-gradient":""}},"footnotes":""},"categories":[517],"tags":[399,390,398],"class_list":["post-6017","post","type-post","status-publish","format-standard","hentry","category-aconteceu","tag-imposto-de-renda","tag-sergio-moro","tag-tcu"],"_links":{"self":[{"href":"https:\/\/noticiasnoface.com.br\/index.php\/wp-json\/wp\/v2\/posts\/6017","targetHints":{"allow":["GET"]}}],"collection":[{"href":"https:\/\/noticiasnoface.com.br\/index.php\/wp-json\/wp\/v2\/posts"}],"about":[{"href":"https:\/\/noticiasnoface.com.br\/index.php\/wp-json\/wp\/v2\/types\/post"}],"author":[{"embeddable":true,"href":"https:\/\/noticiasnoface.com.br\/index.php\/wp-json\/wp\/v2\/users\/1"}],"replies":[{"embeddable":true,"href":"https:\/\/noticiasnoface.com.br\/index.php\/wp-json\/wp\/v2\/comments?post=6017"}],"version-history":[{"count":2,"href":"https:\/\/noticiasnoface.com.br\/index.php\/wp-json\/wp\/v2\/posts\/6017\/revisions"}],"predecessor-version":[{"id":6019,"href":"https:\/\/noticiasnoface.com.br\/index.php\/wp-json\/wp\/v2\/posts\/6017\/revisions\/6019"}],"wp:attachment":[{"href":"https:\/\/noticiasnoface.com.br\/index.php\/wp-json\/wp\/v2\/media?parent=6017"}],"wp:term":[{"taxonomy":"category","embeddable":true,"href":"https:\/\/noticiasnoface.com.br\/index.php\/wp-json\/wp\/v2\/categories?post=6017"},{"taxonomy":"post_tag","embeddable":true,"href":"https:\/\/noticiasnoface.com.br\/index.php\/wp-json\/wp\/v2\/tags?post=6017"}],"curies":[{"name":"wp","href":"https:\/\/api.w.org\/{rel}","templated":true}]}}