{"id":6023,"date":"2022-03-29T21:45:56","date_gmt":"2022-03-30T00:45:56","guid":{"rendered":"https:\/\/noticiasnoface.com.br\/?p=6023"},"modified":"2022-03-29T21:45:57","modified_gmt":"2022-03-30T00:45:57","slug":"daniel-silveira-vai-dormir-no-plenario-lugar-onde-a-pf-nao-pode-entrar","status":"publish","type":"post","link":"https:\/\/noticiasnoface.com.br\/index.php\/2022\/03\/29\/daniel-silveira-vai-dormir-no-plenario-lugar-onde-a-pf-nao-pode-entrar\/","title":{"rendered":"Daniel Silveira vai dormir no plen\u00e1rio, lugar onde a PF n\u00e3o pode entrar!"},"content":{"rendered":"\n<figure class=\"wp-block-image size-large\"><img data-opt-id=1549343706  fetchpriority=\"high\" decoding=\"async\" width=\"1086\" height=\"652\" src=\"https:\/\/mlbfrsat7ahr.i.optimole.com\/w:auto\/h:auto\/q:mauto\/ig:avif\/https:\/\/noticiasnoface.com.br\/wp-content\/uploads\/2022\/03\/img_0623.jpg\" alt=\"\" class=\"wp-image-6020\" srcset=\"https:\/\/mlbfrsat7ahr.i.optimole.com\/w:1086\/h:652\/q:mauto\/ig:avif\/https:\/\/noticiasnoface.com.br\/wp-content\/uploads\/2022\/03\/img_0623.jpg 1086w, https:\/\/mlbfrsat7ahr.i.optimole.com\/w:300\/h:180\/q:mauto\/ig:avif\/https:\/\/noticiasnoface.com.br\/wp-content\/uploads\/2022\/03\/img_0623.jpg 300w, https:\/\/mlbfrsat7ahr.i.optimole.com\/w:1024\/h:615\/q:mauto\/ig:avif\/https:\/\/noticiasnoface.com.br\/wp-content\/uploads\/2022\/03\/img_0623.jpg 1024w, https:\/\/mlbfrsat7ahr.i.optimole.com\/w:768\/h:461\/q:mauto\/ig:avif\/https:\/\/noticiasnoface.com.br\/wp-content\/uploads\/2022\/03\/img_0623.jpg 768w\" sizes=\"(max-width: 1000px) 100vw, 1000px\" \/><figcaption>BRAS\u00cdLIA \u2014 Ap\u00f3s anunciar que n\u00e3o cumpriria a <a href=\"https:\/\/oglobo.globo.com\/politica\/moraes-cobra-instalacao-de-tornozeleira-daniel-silveira-volta-desafiar-stf-nao-vou-colocar-25453914?utm_source=globo.com&#038;utm_medium=oglobo\" target=\"_blank\" rel=\"noopener\">ordem judicial de usar a tornozeleira eletr\u00f4nica<\/a>, o deputado Daniel Silveira (PTB-RJ) se refugiou na noite desta ter\u00e7a-feira no plen\u00e1rio da C\u00e2mara dos Deputados. No fim da tarde, policiais legislativos chegaram a cercar o gabinete de Silveira para que a decis\u00e3o do ministro Alexandre de Moraes, do Supremo Tribunal Federal (STF), fosse cumprida \u2014 o que n\u00e3o ocorreu.Avisado da imin\u00eancia de uma poss\u00edvel abordagem, Silveira saiu do escrit\u00f3rio funcional e resolveu ir ao local onde se desenrolava a sess\u00e3o da Casa.  Mesmo ap\u00f3s a sess\u00e3o, ele continuava no principal espa\u00e7o da Casa. Teve ainda a companhia de Carla Zambelli (PL-SP), Bia Kicis (PL-DF) e Filipe Barros (Uni\u00e3o PR), que pretendiam evitar uma \u201cinvas\u00e3o\u201d da Secretaria de Administra\u00e7\u00e3o Penitenci\u00e1ria do Distrito Federal ou da Pol\u00edcia Federal. <br>Aliados demandam que a decis\u00e3o de Moraes seja votada em plen\u00e1rio.<br>\u2014 N\u00f3s vamos ficar com ele at\u00e9 que haja uma decis\u00e3o da Mesa sobre isso e a Constitui\u00e7\u00e3o seja cumprida \u2014 disse Felipe Barros, indicando que Silveira dormiria em plen\u00e1rio.<\/figcaption><\/figure>\n\n\n\n<figure class=\"wp-block-image size-large\"><img data-opt-id=512863153  fetchpriority=\"high\" decoding=\"async\" width=\"739\" height=\"415\" src=\"https:\/\/mlbfrsat7ahr.i.optimole.com\/w:auto\/h:auto\/q:mauto\/ig:avif\/https:\/\/noticiasnoface.com.br\/wp-content\/uploads\/2022\/03\/img_0598-1.jpg\" alt=\"\" class=\"wp-image-6021\" srcset=\"https:\/\/mlbfrsat7ahr.i.optimole.com\/w:739\/h:415\/q:mauto\/ig:avif\/https:\/\/noticiasnoface.com.br\/wp-content\/uploads\/2022\/03\/img_0598-1.jpg 739w, https:\/\/mlbfrsat7ahr.i.optimole.com\/w:300\/h:168\/q:mauto\/ig:avif\/https:\/\/noticiasnoface.com.br\/wp-content\/uploads\/2022\/03\/img_0598-1.jpg 300w\" sizes=\"(max-width: 739px) 100vw, 739px\" \/><figcaption>Na \u00faltima sexta-feira, Alexandre de Moraes <a href=\"https:\/\/oglobo.globo.com\/politica\/moraes-cobra-instalacao-de-tornozeleira-daniel-silveira-volta-desafiar-stf-nao-vou-colocar-25453914?utm_source=globo.com&#038;utm_medium=oglobo\" target=\"_blank\" rel=\"noopener\">determinou que o parlamentar voltasse a usar o equipamento<\/a> ap\u00f3s participar de um evento p\u00fablico, descumprindo ordem da Corte. <br>Enquanto se dirigia ao local de vota\u00e7\u00e3o, no elevador, O GLOBO perguntou se Silveira estava indo ao plen\u00e1rio para evitar a a\u00e7\u00e3o.<br>\u2014 Vamos ver se eles v\u00e3o ter coragem \u2014 declarou.<br>No caminho, ainda tocou no assunto mais uma vez: <br>\u2014 Vamos ver qual ser\u00e1 a aud\u00e1cia dele (Alexandre de Moraes). Se ele tem respeito ao Legislativo ou se \u00e9 dono do Brasil. Os deputados t\u00eam um dever muito claro: proteger as prerrogativas. Eu acredito que eles querem proteger. Afinal, eles defendem o povo.<\/figcaption><\/figure>\n\n\n\n<figure class=\"wp-block-image size-large\"><img data-opt-id=278047037  data-opt-src=\"https:\/\/mlbfrsat7ahr.i.optimole.com\/w:auto\/h:auto\/q:mauto\/ig:avif\/https:\/\/noticiasnoface.com.br\/wp-content\/uploads\/2022\/03\/img_0625.jpg\"  decoding=\"async\" width=\"1086\" height=\"652\" src=\"data:image/svg+xml,%3Csvg%20viewBox%3D%220%200%20100%%20100%%22%20width%3D%22100%%22%20height%3D%22100%%22%20xmlns%3D%22http%3A%2F%2Fwww.w3.org%2F2000%2Fsvg%22%3E%3Crect%20width%3D%22100%%22%20height%3D%22100%%22%20fill%3D%22transparent%22%2F%3E%3C%2Fsvg%3E\" alt=\"\" class=\"wp-image-6022\" old-srcset=\"https:\/\/mlbfrsat7ahr.i.optimole.com\/w:1086\/h:652\/q:mauto\/ig:avif\/https:\/\/noticiasnoface.com.br\/wp-content\/uploads\/2022\/03\/img_0625.jpg 1086w, https:\/\/mlbfrsat7ahr.i.optimole.com\/w:300\/h:180\/q:mauto\/ig:avif\/https:\/\/noticiasnoface.com.br\/wp-content\/uploads\/2022\/03\/img_0625.jpg 300w, https:\/\/mlbfrsat7ahr.i.optimole.com\/w:1024\/h:615\/q:mauto\/ig:avif\/https:\/\/noticiasnoface.com.br\/wp-content\/uploads\/2022\/03\/img_0625.jpg 1024w, https:\/\/mlbfrsat7ahr.i.optimole.com\/w:768\/h:461\/q:mauto\/ig:avif\/https:\/\/noticiasnoface.com.br\/wp-content\/uploads\/2022\/03\/img_0625.jpg 768w\" \/><figcaption>Nesta ter\u00e7a-feira, o ministro determinou a instala\u00e7\u00e3o imediata da tornozeleira eletr\u00f4nica. O magistrado apontou que a decis\u00e3o j\u00e1 havia sido comunicada \u00e0 autoridade policial e \u00e0 Secretaria de Administra\u00e7\u00e3o Penitenci\u00e1ria do Estado do Rio de Janeiro (SEAP\/RJ), mas que havia se passado tr\u00eas dias desde que a ordem fora expedida. <br>Moraes ainda completa que, caso seja necess\u00e1rio, o procedimento pode ocorrer &#8220;nas depend\u00eancias da C\u00e2mara dos Deputados, em Bras\u00edlia\/DF, devendo esta CORTE ser comunicada imediatamente&#8221;.<br>Avisado sobre a situa\u00e7\u00e3o, o presidente da C\u00e2mara, Arthur Lira (PP-AL), acompanha a movimenta\u00e7\u00e3o. Ele, por\u00e9m, n\u00e3o tomou qualquer decis\u00e3o. Em tese, segundo interlocutores, o entendimento \u00e9 que a ordem poderia ser cumprida em plen\u00e1rio. N\u00e3o h\u00e1, contudo, precendetes sobre uma a\u00e7\u00e3o deste tipo. <br>Deputados aliados devem refor\u00e7ar a vig\u00edlia de Silveira durante a madruga. A preocupa\u00e7\u00e3o \u00e9 que a ordem seja cumprida a partir de 5h desta quarta-feira. <br>Durante a tarde, em uma entrevista \u00e0 Jovem Pan concedida no Sal\u00e3o Verde da C\u00e2mara, Silveira afirmou que iria &#8220;morar&#8221; nas depend\u00eancias da Casa Legislativa, e que iria descumprir a decis\u00e3o de Moraes.\u2014  N\u00e3o v\u00e3o colocar. Aqui dentro eu tenho imunidade \u2014 disse \u00e0 emissora.  <br>Depois, ao ser questionado pelo GLOBO sobre a declara\u00e7\u00e3o, Silveira voltou a repetir que o ministro do STF n\u00e3o pode determinar o uso da tornozeleira eletr\u00f4nica enquanto ele estiver na C\u00e2mara.<br>\u2014 Ele (Alexandre) n\u00e3o deixa nada porque n\u00e3o sou vereador. Quando ele me imp\u00f5e em Petr\u00f3polis, minha comarca e Bras\u00edlia. Eu sou vereador, ent\u00e3o. N\u00e3o sou deputado federal. Isso influi diretamente no livre exerc\u00edcio do meu mandato. Isso \u00e9 crime de impedimento \u2014 , afirmou. <br>Perguntado se estava preparado caso a ordem seja cumprida nas depend\u00eancias da C\u00e2mara, ele reagiu:<br>\u2014 N\u00e3o v\u00e3o cumprir porque eu n\u00e3o vou aceitar. A ordem \u00e9 ilegal e eu n\u00e3o aceitar. N\u00e3o aceito de jeito nenhum, em hip\u00f3tese nenhuma \u2014 , declarou.<br>E disse ainda:<br>\u2014 Vai ser no Congresso. To aqui dentro, na Casa do povo. Vou ficar aqui. Algu\u00e9m traz (um colch\u00e3o) para mim. Isso \u00e9 o de menos. Mas j\u00e1 dizia a milenar sabedoria japonesa. Todo luxo \u00e9 dispens\u00e1vel. Se eu puder deitar nesse sof\u00e1 (do sal\u00e3o verde), eu deito a\u00ed.<\/figcaption><\/figure>\n\n\n\n<p><\/p>\n\n\n\n<p><\/p>\n","protected":false},"excerpt":{"rendered":"","protected":false},"author":1,"featured_media":0,"comment_status":"open","ping_status":"open","sticky":false,"template":"","format":"standard","meta":{"site-sidebar-layout":"default","site-content-layout":"","ast-site-content-layout":"default","site-content-style":"default","site-sidebar-style":"default","ast-global-header-display":"","ast-banner-title-visibility":"","ast-main-header-display":"","ast-hfb-above-header-display":"","ast-hfb-below-header-display":"","ast-hfb-mobile-header-display":"","site-post-title":"","ast-breadcrumbs-content":"","ast-featured-img":"","footer-sml-layout":"","ast-disable-related-posts":"","theme-transparent-header-meta":"","adv-header-id-meta":"","stick-header-meta":"","header-above-stick-meta":"","header-main-stick-meta":"","header-below-stick-meta":"","astra-migrate-meta-layouts":"default","ast-page-background-enabled":"default","ast-page-background-meta":{"desktop":{"background-color":"var(--ast-global-color-4)","background-image":"","background-repeat":"repeat","background-position":"center center","background-size":"auto","background-attachment":"scroll","background-type":"","background-media":"","overlay-type":"","overlay-color":"","overlay-opacity":"","overlay-gradient":""},"tablet":{"background-color":"","background-image":"","background-repeat":"repeat","background-position":"center center","background-size":"auto","background-attachment":"scroll","background-type":"","background-media":"","overlay-type":"","overlay-color":"","overlay-opacity":"","overlay-gradient":""},"mobile":{"background-color":"","background-image":"","background-repeat":"repeat","background-position":"center center","background-size":"auto","background-attachment":"scroll","background-type":"","background-media":"","overlay-type":"","overlay-color":"","overlay-opacity":"","overlay-gradient":""}},"ast-content-background-meta":{"desktop":{"background-color":"var(--ast-global-color-5)","background-image":"","background-repeat":"repeat","background-position":"center center","background-size":"auto","background-attachment":"scroll","background-type":"","background-media":"","overlay-type":"","overlay-color":"","overlay-opacity":"","overlay-gradient":""},"tablet":{"background-color":"var(--ast-global-color-5)","background-image":"","background-repeat":"repeat","background-position":"center center","background-size":"auto","background-attachment":"scroll","background-type":"","background-media":"","overlay-type":"","overlay-color":"","overlay-opacity":"","overlay-gradient":""},"mobile":{"background-color":"var(--ast-global-color-5)","background-image":"","background-repeat":"repeat","background-position":"center center","background-size":"auto","background-attachment":"scroll","background-type":"","background-media":"","overlay-type":"","overlay-color":"","overlay-opacity":"","overlay-gradient":""}},"footnotes":""},"categories":[517],"tags":[9,303,126,50,6,396],"class_list":["post-6023","post","type-post","status-publish","format-standard","hentry","category-aconteceu","tag-alexandre-de-moraes","tag-daniel-silveira","tag-ministro-alexandre-de-moraes","tag-noticias-do-face","tag-stf","tag-tornozeleira"],"_links":{"self":[{"href":"https:\/\/noticiasnoface.com.br\/index.php\/wp-json\/wp\/v2\/posts\/6023","targetHints":{"allow":["GET"]}}],"collection":[{"href":"https:\/\/noticiasnoface.com.br\/index.php\/wp-json\/wp\/v2\/posts"}],"about":[{"href":"https:\/\/noticiasnoface.com.br\/index.php\/wp-json\/wp\/v2\/types\/post"}],"author":[{"embeddable":true,"href":"https:\/\/noticiasnoface.com.br\/index.php\/wp-json\/wp\/v2\/users\/1"}],"replies":[{"embeddable":true,"href":"https:\/\/noticiasnoface.com.br\/index.php\/wp-json\/wp\/v2\/comments?post=6023"}],"version-history":[{"count":1,"href":"https:\/\/noticiasnoface.com.br\/index.php\/wp-json\/wp\/v2\/posts\/6023\/revisions"}],"predecessor-version":[{"id":6024,"href":"https:\/\/noticiasnoface.com.br\/index.php\/wp-json\/wp\/v2\/posts\/6023\/revisions\/6024"}],"wp:attachment":[{"href":"https:\/\/noticiasnoface.com.br\/index.php\/wp-json\/wp\/v2\/media?parent=6023"}],"wp:term":[{"taxonomy":"category","embeddable":true,"href":"https:\/\/noticiasnoface.com.br\/index.php\/wp-json\/wp\/v2\/categories?post=6023"},{"taxonomy":"post_tag","embeddable":true,"href":"https:\/\/noticiasnoface.com.br\/index.php\/wp-json\/wp\/v2\/tags?post=6023"}],"curies":[{"name":"wp","href":"https:\/\/api.w.org\/{rel}","templated":true}]}}