{"id":6032,"date":"2022-03-30T02:31:37","date_gmt":"2022-03-30T05:31:37","guid":{"rendered":"https:\/\/noticiasnoface.com.br\/?p=6032"},"modified":"2022-03-30T02:31:38","modified_gmt":"2022-03-30T05:31:38","slug":"deputada-carla-zambeli-leva-travesseiro-e-agua-para-daniel-silveira","status":"publish","type":"post","link":"https:\/\/noticiasnoface.com.br\/index.php\/2022\/03\/30\/deputada-carla-zambeli-leva-travesseiro-e-agua-para-daniel-silveira\/","title":{"rendered":"Deputada Carla Zambeli leva travesseiro e \u00e1gua para Daniel Silveira"},"content":{"rendered":"\n<figure class=\"wp-block-image size-large\"><img data-opt-id=1178874968  fetchpriority=\"high\" decoding=\"async\" width=\"450\" height=\"600\" src=\"https:\/\/mlbfrsat7ahr.i.optimole.com\/w:auto\/h:auto\/q:mauto\/ig:avif\/https:\/\/noticiasnoface.com.br\/wp-content\/uploads\/2022\/03\/img_0635.jpg\" alt=\"\" class=\"wp-image-6029\" srcset=\"https:\/\/mlbfrsat7ahr.i.optimole.com\/w:450\/h:600\/q:mauto\/ig:avif\/https:\/\/noticiasnoface.com.br\/wp-content\/uploads\/2022\/03\/img_0635.jpg 450w, https:\/\/mlbfrsat7ahr.i.optimole.com\/w:225\/h:300\/q:mauto\/ig:avif\/https:\/\/noticiasnoface.com.br\/wp-content\/uploads\/2022\/03\/img_0635.jpg 225w\" sizes=\"(max-width: 450px) 100vw, 450px\" \/><figcaption>A deputada federal Carla Zambelli (PL-SP) levou hoje \u00e1gua e travesseiro para o deputado federal Daniel Silveira (Uni\u00e3o Brasil-RJ), que deve passar \u00e0 noite nas instala\u00e7\u00f5es da C\u00e2mara para n\u00e3o ter que cumprir uma decis\u00e3o judicial do ministro Alexandre de Moraes, do <a href=\"https:\/\/noticias.uol.com.br\/politica\/stf-supremo-tribunal-federal\/\" target=\"_blank\" rel=\"noopener\">STF<\/a> (Supremo Tribunal Federal).<br>No \u00faltimo s\u00e1bado (26), <a href=\"https:\/\/noticias.uol.com.br\/politica\/ultimas-noticias\/2022\/03\/29\/daniel-silveira-desafia-moraes-nao-vai-usar-tornozeleira.htm\" target=\"_blank\" rel=\"noopener\">Moraes determinou que o parlamentar voltasse a usar a tornozeleira,<\/a> e o proibiu de deixar o Rio de Janeiro, <a href=\"https:\/\/noticias.uol.com.br\/politica\/ultimas-noticias\/2022\/03\/26\/moraes-manda-daniel-silveira-voltar-a-usar-tornozeleira-eletronica.htm\" target=\"_blank\" rel=\"noopener\">exceto para idas a Bras\u00edlia que sejam relacionadas ao exerc\u00edcio do mandato na C\u00e2mara<\/a>. A decis\u00e3o do ministro atende a um pedido feito pela subprocuradora-geral da Rep\u00fablica Lind\u00f4ra Ara\u00fajo, em manifesta\u00e7\u00e3o enviada na sexta-feira (25) ao STF.<\/figcaption><\/figure>\n\n\n\n<figure class=\"wp-block-image size-large\"><img data-opt-id=44223935  fetchpriority=\"high\" decoding=\"async\" width=\"1086\" height=\"652\" src=\"https:\/\/mlbfrsat7ahr.i.optimole.com\/w:auto\/h:auto\/q:mauto\/ig:avif\/https:\/\/noticiasnoface.com.br\/wp-content\/uploads\/2022\/03\/img_0625-1.jpg\" alt=\"\" class=\"wp-image-6030\" srcset=\"https:\/\/mlbfrsat7ahr.i.optimole.com\/w:1086\/h:652\/q:mauto\/ig:avif\/https:\/\/noticiasnoface.com.br\/wp-content\/uploads\/2022\/03\/img_0625-1.jpg 1086w, https:\/\/mlbfrsat7ahr.i.optimole.com\/w:300\/h:180\/q:mauto\/ig:avif\/https:\/\/noticiasnoface.com.br\/wp-content\/uploads\/2022\/03\/img_0625-1.jpg 300w, https:\/\/mlbfrsat7ahr.i.optimole.com\/w:1024\/h:615\/q:mauto\/ig:avif\/https:\/\/noticiasnoface.com.br\/wp-content\/uploads\/2022\/03\/img_0625-1.jpg 1024w, https:\/\/mlbfrsat7ahr.i.optimole.com\/w:768\/h:461\/q:mauto\/ig:avif\/https:\/\/noticiasnoface.com.br\/wp-content\/uploads\/2022\/03\/img_0625-1.jpg 768w\" sizes=\"(max-width: 1000px) 100vw, 1000px\" \/><figcaption>Como resposta, Silveira afirmou em discurso na tribuna da C\u00e2mara que n\u00e3o iria acatar a ordem de Moraes e avisou a outros parlamentares que, se fosse preciso, iria dormir nas instala\u00e7\u00f5es da Casa para n\u00e3o ter que cumprir a decis\u00e3o. Segundo ele, ser\u00e3o os deputados que tomar\u00e3o a decis\u00e3o final. <strong>(Assista ao v\u00eddeo abaixo)<\/strong><br>Em v\u00eddeo publicado nas redes sociais, Carla Zambelli anunciou que estava saindo de casa para se encontrar com o colega parlamentar e, em tom de cobran\u00e7a, perguntou a apoiadores o que eles iriam fazer para ajud\u00e1-lo.<br>No nosso governo Bolsonaro e as pessoas bolsonarianas&#8230; ningu\u00e9m fica para tr\u00e1s. Eu t\u00f4 saindo daqui de casa agora, estava indo j\u00e1 deitar, para ir na C\u00e2mara me encontrar com o Daniel Silveira. E voc\u00ea vai fazer o qu\u00ea? <br>none<strong>Carla Zambelli, em seu perfil, no Twitter<\/strong><br>Em outra grava\u00e7\u00e3o, j\u00e1 na chegada \u00e0 C\u00e2mara, Carla disse a rep\u00f3rteres que estava levando \u00e1gua e travesseiro para o aliado bolsonarista e que pelo menos oito pessoas estavam com ele naquele momento (mas n\u00e3o soube responder quantos passariam \u00e0 noite no local).<br>Estou levando \u00e1gua e dois travesseiros (um pra mim e outro para o Daniel, porque ele merece). <\/figcaption><\/figure>\n\n\n\n<figure class=\"wp-block-image size-large\"><img data-opt-id=1248186132  data-opt-src=\"https:\/\/mlbfrsat7ahr.i.optimole.com\/w:auto\/h:auto\/q:mauto\/ig:avif\/https:\/\/noticiasnoface.com.br\/wp-content\/uploads\/2022\/03\/img_0598-2.jpg\"  decoding=\"async\" width=\"739\" height=\"415\" src=\"data:image/svg+xml,%3Csvg%20viewBox%3D%220%200%20100%%20100%%22%20width%3D%22100%%22%20height%3D%22100%%22%20xmlns%3D%22http%3A%2F%2Fwww.w3.org%2F2000%2Fsvg%22%3E%3Crect%20width%3D%22100%%22%20height%3D%22100%%22%20fill%3D%22transparent%22%2F%3E%3C%2Fsvg%3E\" alt=\"\" class=\"wp-image-6031\" old-srcset=\"https:\/\/mlbfrsat7ahr.i.optimole.com\/w:739\/h:415\/q:mauto\/ig:avif\/https:\/\/noticiasnoface.com.br\/wp-content\/uploads\/2022\/03\/img_0598-2.jpg 739w, https:\/\/mlbfrsat7ahr.i.optimole.com\/w:300\/h:168\/q:mauto\/ig:avif\/https:\/\/noticiasnoface.com.br\/wp-content\/uploads\/2022\/03\/img_0598-2.jpg 300w\" \/><figcaption><strong>Moraes cobra cumprimento da decis\u00e3o<\/strong><br>No despacho de hoje, Moraes ressalta que a determina\u00e7\u00e3o foi comunicada \u00e0 Seap do Rio de Janeiro (Secretaria de Administra\u00e7\u00e3o Penitenci\u00e1ria do Estado) e \u00e0 Pol\u00edcia Federal para sua &#8220;imediata efetiva\u00e7\u00e3o&#8221;, mas que j\u00e1 se passaram tr\u00eas dias desde a decis\u00e3o e ainda n\u00e3o h\u00e1 not\u00edcias &#8220;acerca de seu cumprimento&#8221;.<br>&#8220;Diante do exposto, determino \u00e0 autoridade policial e \u00e0 Secretaria de Estado de Administra\u00e7\u00e3o Penitenci\u00e1ria do Distrito Federal (SEAPE\/DF) que procedam \u00e0 fixa\u00e7\u00e3o imediata do equipamento de monitoramento eletr\u00f4nico do deputado federal Daniel Silveira&#8221;, determinou Moraes.<br>O ministro do STF tamb\u00e9m ressaltou que, se for preciso, a reinstala\u00e7\u00e3o da tornozeleira pode ser feito &#8220;<a href=\"https:\/\/noticias.uol.com.br\/politica\/ultimas-noticias\/2022\/03\/29\/daniel-silveira-desafia-moraes-nao-vai-usar-tornozeleira.htm\" target=\"_blank\" rel=\"noopener\">nas depend\u00eancias dos Deputados, em Bras\u00edlia\/DF, devendo esta Corte ser comunicada perfeitamente<\/a>&#8220;. Al\u00e9m disso, o magistrado informou que n\u00e3o h\u00e1 necessidade de oficiar a C\u00e2mara porque a decis\u00e3o &#8220;n\u00e3o impede o exerc\u00edcio do mandato&#8221;.<br><strong>Ataques reiterados<\/strong><br>Preso em fevereiro de 2021, <a href=\"https:\/\/noticias.uol.com.br\/politica\/ultimas-noticias\/2021\/02\/16\/prisao-deputado-daniel-silveira-psl.htm\" target=\"_blank\" rel=\"noopener\">ap\u00f3s divulgar um v\u00eddeo com amea\u00e7as aos ministros do STF<\/a>, Silveira passou por regime domiciliar, e foi solto definitivamente em novembro. Na ocasi\u00e3o, por\u00e9m, o parlamentar foi submetido a uma s\u00e9rie de<a href=\"https:\/\/noticias.uol.com.br\/politica\/ultimas-noticias\/2021\/11\/14\/daniel-silveira-stf-moraes.htm\" target=\"_blank\" rel=\"noopener\"> medidas cautelares, incluindo a proibi\u00e7\u00e3o de acesso a redes sociais e de contato com outros investigados nos inqu\u00e9ritos das fake news e das mil\u00edcias digitais<\/a>.<br>Na decis\u00e3o, o ministro disse ainda que &#8220;o descumprimento injustificado de quaisquer dessas medidas ensejar\u00e1, natural e imediatamente, o restabelecimento da ordem de pris\u00e3o&#8221;.<br>Apesar das restri\u00e7\u00f5es, o deputado voltou a atacar o STF e descumpriu ordens da Corte em duas oportunidades neste m\u00eas. Em <a href=\"https:\/\/noticias.uol.com.br\/politica\/ultimas-noticias\/2022\/03\/21\/daniel-silveira-alexandre-de-moraes-freedom-day-stf-deputado-federal.htm\" target=\"_blank\" rel=\"noopener\">evento que reuniu conservadores<\/a>, onde esteve com o empres\u00e1rio <a href=\"https:\/\/noticias.uol.com.br\/ultimas-noticias\/agencia-brasil\/2021\/09\/30\/cpi-empresario-otavio-fakhoury-diz-que-e-alvo-de-campanha-difamatoria.htm\" target=\"_blank\" rel=\"noopener\">Ot\u00e1vio Fakhoury, que tamb\u00e9m \u00e9 investigado no STF<\/a>, Silveira disse que &#8220;est\u00e1 ficando complicado&#8221; para Moraes continuar vivendo no Brasil.<br>Antes disso, Daniel Silveira <a href=\"https:\/\/noticias.uol.com.br\/politica\/ultimas-noticias\/2022\/03\/13\/solto-ha-quatro-meses-daniel-silveira-volta-a-atacar-ministros-do-stf.htm\" target=\"_blank\" rel=\"noopener\">falou em um evento conservador em Londrina (PR)<\/a> que o Supremo \u00e9 uma Corte &#8220;deficit\u00e1ria de pessoas que tenham b\u00fassola moral&#8221;. Segundo ele, os \u00fanicos ministros &#8220;decentes&#8221; do Tribunal s\u00e3o os dois indicados pelo presidente <a href=\"https:\/\/noticias.uol.com.br\/politica\/governo-bolsonaro\/\" target=\"_blank\" rel=\"noopener\">Jair Bolsonaro<\/a> (PL). O encontro teve a presen\u00e7a do deputado federal <a href=\"https:\/\/noticias.uol.com.br\/politica\/eduardo-bolsonaro\/\" target=\"_blank\" rel=\"noopener\">Eduardo Bolsonaro<\/a>(Uni\u00e3o Brasil-SP) e v\u00e1rios outros pol\u00edticos bolsonaristas<\/figcaption><\/figure>\n\n\n\n<p><\/p>\n","protected":false},"excerpt":{"rendered":"","protected":false},"author":1,"featured_media":0,"comment_status":"open","ping_status":"open","sticky":false,"template":"","format":"standard","meta":{"site-sidebar-layout":"default","site-content-layout":"","ast-site-content-layout":"default","site-content-style":"default","site-sidebar-style":"default","ast-global-header-display":"","ast-banner-title-visibility":"","ast-main-header-display":"","ast-hfb-above-header-display":"","ast-hfb-below-header-display":"","ast-hfb-mobile-header-display":"","site-post-title":"","ast-breadcrumbs-content":"","ast-featured-img":"","footer-sml-layout":"","ast-disable-related-posts":"","theme-transparent-header-meta":"","adv-header-id-meta":"","stick-header-meta":"","header-above-stick-meta":"","header-main-stick-meta":"","header-below-stick-meta":"","astra-migrate-meta-layouts":"default","ast-page-background-enabled":"default","ast-page-background-meta":{"desktop":{"background-color":"var(--ast-global-color-4)","background-image":"","background-repeat":"repeat","background-position":"center center","background-size":"auto","background-attachment":"scroll","background-type":"","background-media":"","overlay-type":"","overlay-color":"","overlay-opacity":"","overlay-gradient":""},"tablet":{"background-color":"","background-image":"","background-repeat":"repeat","background-position":"center center","background-size":"auto","background-attachment":"scroll","background-type":"","background-media":"","overlay-type":"","overlay-color":"","overlay-opacity":"","overlay-gradient":""},"mobile":{"background-color":"","background-image":"","background-repeat":"repeat","background-position":"center center","background-size":"auto","background-attachment":"scroll","background-type":"","background-media":"","overlay-type":"","overlay-color":"","overlay-opacity":"","overlay-gradient":""}},"ast-content-background-meta":{"desktop":{"background-color":"var(--ast-global-color-5)","background-image":"","background-repeat":"repeat","background-position":"center center","background-size":"auto","background-attachment":"scroll","background-type":"","background-media":"","overlay-type":"","overlay-color":"","overlay-opacity":"","overlay-gradient":""},"tablet":{"background-color":"var(--ast-global-color-5)","background-image":"","background-repeat":"repeat","background-position":"center center","background-size":"auto","background-attachment":"scroll","background-type":"","background-media":"","overlay-type":"","overlay-color":"","overlay-opacity":"","overlay-gradient":""},"mobile":{"background-color":"var(--ast-global-color-5)","background-image":"","background-repeat":"repeat","background-position":"center center","background-size":"auto","background-attachment":"scroll","background-type":"","background-media":"","overlay-type":"","overlay-color":"","overlay-opacity":"","overlay-gradient":""}},"footnotes":""},"categories":[517],"tags":[395,303,50,22,396],"class_list":["post-6032","post","type-post","status-publish","format-standard","hentry","category-aconteceu","tag-congresso-nacional","tag-daniel-silveira","tag-noticias-do-face","tag-noticias-no-face","tag-tornozeleira"],"_links":{"self":[{"href":"https:\/\/noticiasnoface.com.br\/index.php\/wp-json\/wp\/v2\/posts\/6032","targetHints":{"allow":["GET"]}}],"collection":[{"href":"https:\/\/noticiasnoface.com.br\/index.php\/wp-json\/wp\/v2\/posts"}],"about":[{"href":"https:\/\/noticiasnoface.com.br\/index.php\/wp-json\/wp\/v2\/types\/post"}],"author":[{"embeddable":true,"href":"https:\/\/noticiasnoface.com.br\/index.php\/wp-json\/wp\/v2\/users\/1"}],"replies":[{"embeddable":true,"href":"https:\/\/noticiasnoface.com.br\/index.php\/wp-json\/wp\/v2\/comments?post=6032"}],"version-history":[{"count":1,"href":"https:\/\/noticiasnoface.com.br\/index.php\/wp-json\/wp\/v2\/posts\/6032\/revisions"}],"predecessor-version":[{"id":6033,"href":"https:\/\/noticiasnoface.com.br\/index.php\/wp-json\/wp\/v2\/posts\/6032\/revisions\/6033"}],"wp:attachment":[{"href":"https:\/\/noticiasnoface.com.br\/index.php\/wp-json\/wp\/v2\/media?parent=6032"}],"wp:term":[{"taxonomy":"category","embeddable":true,"href":"https:\/\/noticiasnoface.com.br\/index.php\/wp-json\/wp\/v2\/categories?post=6032"},{"taxonomy":"post_tag","embeddable":true,"href":"https:\/\/noticiasnoface.com.br\/index.php\/wp-json\/wp\/v2\/tags?post=6032"}],"curies":[{"name":"wp","href":"https:\/\/api.w.org\/{rel}","templated":true}]}}