{"id":6054,"date":"2022-03-30T08:56:22","date_gmt":"2022-03-30T11:56:22","guid":{"rendered":"https:\/\/noticiasnoface.com.br\/?p=6054"},"modified":"2022-03-30T08:56:22","modified_gmt":"2022-03-30T11:56:22","slug":"colchao-e-entregue-no-gabinete-de-daniel-silveira","status":"publish","type":"post","link":"https:\/\/noticiasnoface.com.br\/index.php\/2022\/03\/30\/colchao-e-entregue-no-gabinete-de-daniel-silveira\/","title":{"rendered":"Colch\u00e3o \u00e9 entregue no gabinete de Daniel Silveira"},"content":{"rendered":"\n<figure class=\"wp-block-image size-large\"><img data-opt-id=1247520835  fetchpriority=\"high\" decoding=\"async\" width=\"1086\" height=\"652\" src=\"https:\/\/mlbfrsat7ahr.i.optimole.com\/w:auto\/h:auto\/q:mauto\/ig:avif\/https:\/\/noticiasnoface.com.br\/wp-content\/uploads\/2022\/03\/img_0653.jpg\" alt=\"\" class=\"wp-image-6052\" srcset=\"https:\/\/mlbfrsat7ahr.i.optimole.com\/w:1086\/h:652\/q:mauto\/ig:avif\/https:\/\/noticiasnoface.com.br\/wp-content\/uploads\/2022\/03\/img_0653.jpg 1086w, https:\/\/mlbfrsat7ahr.i.optimole.com\/w:300\/h:180\/q:mauto\/ig:avif\/https:\/\/noticiasnoface.com.br\/wp-content\/uploads\/2022\/03\/img_0653.jpg 300w, https:\/\/mlbfrsat7ahr.i.optimole.com\/w:1024\/h:615\/q:mauto\/ig:avif\/https:\/\/noticiasnoface.com.br\/wp-content\/uploads\/2022\/03\/img_0653.jpg 1024w, https:\/\/mlbfrsat7ahr.i.optimole.com\/w:768\/h:461\/q:mauto\/ig:avif\/https:\/\/noticiasnoface.com.br\/wp-content\/uploads\/2022\/03\/img_0653.jpg 768w\" sizes=\"(max-width: 1000px) 100vw, 1000px\" \/><figcaption>BRAS\u00cdLIA \u2014 O deputado federal Daniel Silveira (Uni\u00e3o-RJ) passou a noite em seu gabinete, na C\u00e2mara dos Deputados, <a rel=\"noreferrer noopener\" href=\"https:\/\/oglobo.globo.com\/politica\/daniel-silveira-planeja-dormir-no-plenario-da-camara-para-evitar-tornozeleira-1-25454431\" target=\"_blank\">para n\u00e3o <\/a>atender ordem ilehal do ministro Alexandre de Moraes, do Supremo Tribunal Federal (STF).<br>Na noite de ter\u00e7a-feira, Silveira foi para o plen\u00e1rio da C\u00e2mara e indicou que dormiria l\u00e1 para evitar que a ordem fosse cumprida. Depois, no entanto, voltou ao seu gabinete e ficou l\u00e1 durante a noite.<br>A GloboNews filmou o parlamentar voltando para o gabinete com um travesseiro. Depois, o deputado Luiz Lima (PL-RJ) chegou ao local com um colch\u00e3o. <\/figcaption><\/figure>\n\n\n\n<figure class=\"wp-block-image size-large\"><img data-opt-id=1576850103  fetchpriority=\"high\" decoding=\"async\" width=\"426\" height=\"238\" src=\"https:\/\/mlbfrsat7ahr.i.optimole.com\/w:auto\/h:auto\/q:mauto\/ig:avif\/https:\/\/noticiasnoface.com.br\/wp-content\/uploads\/2022\/03\/img_0646.jpg\" alt=\"\" class=\"wp-image-6053\" srcset=\"https:\/\/mlbfrsat7ahr.i.optimole.com\/w:426\/h:238\/q:mauto\/ig:avif\/https:\/\/noticiasnoface.com.br\/wp-content\/uploads\/2022\/03\/img_0646.jpg 426w, https:\/\/mlbfrsat7ahr.i.optimole.com\/w:300\/h:168\/q:mauto\/ig:avif\/https:\/\/noticiasnoface.com.br\/wp-content\/uploads\/2022\/03\/img_0646.jpg 300w\" sizes=\"(max-width: 426px) 100vw, 426px\" \/><figcaption>Na \u00faltima sexta-feira, <a rel=\"noreferrer noopener\" href=\"https:\/\/oglobo.globo.com\/politica\/apos-descumprimento-de-decisao-do-stf-moraes-determina-que-daniel-silveira-volte-usar-tornozeleira-eletronica-25449955\" target=\"_blank\">Alexandre de Moraes determinou<\/a> que o parlamentar voltasse a usar o equipamento ap\u00f3s participar de um evento p\u00fablico, descumprindo ordem da Corte. Na ter\u00e7a-feira, o ministro <a rel=\"noreferrer noopener\" href=\"https:\/\/oglobo.globo.com\/politica\/moraes-cobra-instalacao-de-tornozeleira-daniel-silveira-volta-desafiar-stf-nao-vou-colocar-25453914\" target=\"_blank\">cobrou a instala\u00e7\u00e3o<\/a>imediata da tornozeleira eletr\u00f4nica.<br><strong>U\u00edsque, camar\u00f5es, shows de Belo e Alcione: <\/strong><a href=\"https:\/\/oglobo.globo.com\/politica\/uisque-camaroes-shows-de-belo-alcione-os-bastidores-do-aniversario-de-claudio-castro-com-2-mil-convidados-25454590\" target=\"_blank\" rel=\"noopener\">Os bastidores do anivers\u00e1rio de Cl\u00e1udio Castro com 2 mil convidados<\/a><br>Moraes registrou que, caso seja necess\u00e1rio, o procedimento poderia ocorrer &#8220;nas depend\u00eancias da C\u00e2mara dos Deputados, em Bras\u00edlia\/DF, devendo esta CORTE ser comunicada imediatamente&#8221;.<br>Silveira, no entanto, disse que n\u00e3o iria cumprir a decis\u00e3o.<br>\u2014 N\u00e3o v\u00e3o cumprir porque eu n\u00e3o vou aceitar. A ordem \u00e9 ilegal e eu n\u00e3o aceitar. N\u00e3o aceito de jeito nenhum, em hip\u00f3tese nenhuma \u2014  declarou.<br>A decis\u00e3o de Alexandre de Moraes atendeu a um pedido feito pela subprocuradora-geral da Rep\u00fablica Lind\u00f4ra Ara\u00fajo, que afirmou que Silveira vem agindo contra a democracia e tem aproveitado apari\u00e7\u00f5es p\u00fablicas para atacar o tribunal e seus membros.<br>Aliado do presidente Jair Bolsonaro, o deputado federal foi detido em fevereiro de 2021 ap\u00f3s divulgar um v\u00eddeo com amea\u00e7as aos magistrados. Em novembro de 2021, Moraes autorizou a soltura, mas fixou medidas cautelares. A lista inclu\u00eda proibi\u00e7\u00e3o de contato com outros investigados e de acesso \u00e0s redes sociais.<br>O parlamentar virour\u00e9u no STF por atos antidemocr\u00e1ticos diante da divulga\u00e7\u00e3o de v\u00eddeos com ataques a ministros da Corte e \u00e0s institui\u00e7\u00f5es do pa\u00eds.<\/figcaption><\/figure>\n","protected":false},"excerpt":{"rendered":"","protected":false},"author":1,"featured_media":0,"comment_status":"open","ping_status":"open","sticky":false,"template":"","format":"standard","meta":{"site-sidebar-layout":"default","site-content-layout":"","ast-site-content-layout":"default","site-content-style":"default","site-sidebar-style":"default","ast-global-header-display":"","ast-banner-title-visibility":"","ast-main-header-display":"","ast-hfb-above-header-display":"","ast-hfb-below-header-display":"","ast-hfb-mobile-header-display":"","site-post-title":"","ast-breadcrumbs-content":"","ast-featured-img":"","footer-sml-layout":"","ast-disable-related-posts":"","theme-transparent-header-meta":"","adv-header-id-meta":"","stick-header-meta":"","header-above-stick-meta":"","header-main-stick-meta":"","header-below-stick-meta":"","astra-migrate-meta-layouts":"default","ast-page-background-enabled":"default","ast-page-background-meta":{"desktop":{"background-color":"var(--ast-global-color-4)","background-image":"","background-repeat":"repeat","background-position":"center center","background-size":"auto","background-attachment":"scroll","background-type":"","background-media":"","overlay-type":"","overlay-color":"","overlay-opacity":"","overlay-gradient":""},"tablet":{"background-color":"","background-image":"","background-repeat":"repeat","background-position":"center center","background-size":"auto","background-attachment":"scroll","background-type":"","background-media":"","overlay-type":"","overlay-color":"","overlay-opacity":"","overlay-gradient":""},"mobile":{"background-color":"","background-image":"","background-repeat":"repeat","background-position":"center center","background-size":"auto","background-attachment":"scroll","background-type":"","background-media":"","overlay-type":"","overlay-color":"","overlay-opacity":"","overlay-gradient":""}},"ast-content-background-meta":{"desktop":{"background-color":"var(--ast-global-color-5)","background-image":"","background-repeat":"repeat","background-position":"center center","background-size":"auto","background-attachment":"scroll","background-type":"","background-media":"","overlay-type":"","overlay-color":"","overlay-opacity":"","overlay-gradient":""},"tablet":{"background-color":"var(--ast-global-color-5)","background-image":"","background-repeat":"repeat","background-position":"center center","background-size":"auto","background-attachment":"scroll","background-type":"","background-media":"","overlay-type":"","overlay-color":"","overlay-opacity":"","overlay-gradient":""},"mobile":{"background-color":"var(--ast-global-color-5)","background-image":"","background-repeat":"repeat","background-position":"center center","background-size":"auto","background-attachment":"scroll","background-type":"","background-media":"","overlay-type":"","overlay-color":"","overlay-opacity":"","overlay-gradient":""}},"footnotes":""},"categories":[517],"tags":[9,403,303,50,396],"class_list":["post-6054","post","type-post","status-publish","format-standard","hentry","category-aconteceu","tag-alexandre-de-moraes","tag-congresso","tag-daniel-silveira","tag-noticias-do-face","tag-tornozeleira"],"_links":{"self":[{"href":"https:\/\/noticiasnoface.com.br\/index.php\/wp-json\/wp\/v2\/posts\/6054","targetHints":{"allow":["GET"]}}],"collection":[{"href":"https:\/\/noticiasnoface.com.br\/index.php\/wp-json\/wp\/v2\/posts"}],"about":[{"href":"https:\/\/noticiasnoface.com.br\/index.php\/wp-json\/wp\/v2\/types\/post"}],"author":[{"embeddable":true,"href":"https:\/\/noticiasnoface.com.br\/index.php\/wp-json\/wp\/v2\/users\/1"}],"replies":[{"embeddable":true,"href":"https:\/\/noticiasnoface.com.br\/index.php\/wp-json\/wp\/v2\/comments?post=6054"}],"version-history":[{"count":1,"href":"https:\/\/noticiasnoface.com.br\/index.php\/wp-json\/wp\/v2\/posts\/6054\/revisions"}],"predecessor-version":[{"id":6055,"href":"https:\/\/noticiasnoface.com.br\/index.php\/wp-json\/wp\/v2\/posts\/6054\/revisions\/6055"}],"wp:attachment":[{"href":"https:\/\/noticiasnoface.com.br\/index.php\/wp-json\/wp\/v2\/media?parent=6054"}],"wp:term":[{"taxonomy":"category","embeddable":true,"href":"https:\/\/noticiasnoface.com.br\/index.php\/wp-json\/wp\/v2\/categories?post=6054"},{"taxonomy":"post_tag","embeddable":true,"href":"https:\/\/noticiasnoface.com.br\/index.php\/wp-json\/wp\/v2\/tags?post=6054"}],"curies":[{"name":"wp","href":"https:\/\/api.w.org\/{rel}","templated":true}]}}