{"id":6151,"date":"2022-03-31T10:15:40","date_gmt":"2022-03-31T13:15:40","guid":{"rendered":"https:\/\/noticiasnoface.com.br\/?p=6151"},"modified":"2022-03-31T10:18:04","modified_gmt":"2022-03-31T13:18:04","slug":"bomba-moro-abandona-o-podemos-e-vai-para-o-uniao-brasil","status":"publish","type":"post","link":"https:\/\/noticiasnoface.com.br\/index.php\/2022\/03\/31\/bomba-moro-abandona-o-podemos-e-vai-para-o-uniao-brasil\/","title":{"rendered":"BOMBA- Moro abandona candidatura sai do PODEMOS e vai para o UNI\u00c3O BRASIL"},"content":{"rendered":"\n<figure class=\"wp-block-image size-large\"><img data-opt-id=251870849  fetchpriority=\"high\" decoding=\"async\" width=\"2048\" height=\"2048\" src=\"https:\/\/mlbfrsat7ahr.i.optimole.com\/w:auto\/h:auto\/q:mauto\/ig:avif\/https:\/\/noticiasnoface.com.br\/wp-content\/uploads\/2022\/03\/photo-output-38.jpg\" alt=\"\" class=\"wp-image-6149\" srcset=\"https:\/\/mlbfrsat7ahr.i.optimole.com\/w:1080\/h:1080\/q:mauto\/ig:avif\/https:\/\/noticiasnoface.com.br\/wp-content\/uploads\/2022\/03\/photo-output-38.jpg 2048w, https:\/\/mlbfrsat7ahr.i.optimole.com\/w:300\/h:300\/q:mauto\/ig:avif\/https:\/\/noticiasnoface.com.br\/wp-content\/uploads\/2022\/03\/photo-output-38.jpg 300w, https:\/\/mlbfrsat7ahr.i.optimole.com\/w:1024\/h:1024\/q:mauto\/ig:avif\/https:\/\/noticiasnoface.com.br\/wp-content\/uploads\/2022\/03\/photo-output-38.jpg 1024w, https:\/\/mlbfrsat7ahr.i.optimole.com\/w:150\/h:150\/q:mauto\/ig:avif\/https:\/\/noticiasnoface.com.br\/wp-content\/uploads\/2022\/03\/photo-output-38.jpg 150w, https:\/\/mlbfrsat7ahr.i.optimole.com\/w:768\/h:768\/q:mauto\/ig:avif\/https:\/\/noticiasnoface.com.br\/wp-content\/uploads\/2022\/03\/photo-output-38.jpg 768w, https:\/\/mlbfrsat7ahr.i.optimole.com\/w:1080\/h:1080\/q:mauto\/ig:avif\/https:\/\/noticiasnoface.com.br\/wp-content\/uploads\/2022\/03\/photo-output-38.jpg 1536w\" sizes=\"(max-width: 1000px) 100vw, 1000px\" \/><figcaption>Presidenci\u00e1vel vai anunciar sa\u00edda do Podemos nas pr\u00f3ximas horas a convite de Luciano Bivar, tem como condi\u00e7\u00e3o abrir m\u00e3o da pr\u00e9-candidatura neste momento<br \/>.<br \/><strong>H\u00e1 tempos n\u00e3o se via um 31 de mar\u00e7o t\u00e3o agitado.<\/strong> <a href=\"https:\/\/oantagonista.uol.com.br\/brasil\/a-jogada-de-doria\/\" target=\"_blank\" rel=\"noopener\">Depois de Jo\u00e3o Doria dizer a aliados que n\u00e3o vai mais concorrer \u00e0 Presid\u00eancia da Rep\u00fablica<\/a>, outro que anunciar\u00e1 seu destino nas pr\u00f3ximas horas \u00e9 Sergio Moro (Podemos). <strong>O ex-juiz decidiu aceitar o convite de Luciano Bivar e se filiar \u00e0 Uni\u00e3o Brasil. <\/strong><br \/><a href=\"https:\/\/oantagonista.uol.com.br\/opiniao\/a-uniao-faz-a-forca-2\/\" target=\"_blank\" rel=\"noopener\">Como j\u00e1 publicamos<\/a>, Bivar tem conversado tamb\u00e9m com Doria, Eduardo Leite e Simone Tebet sobre a candidatura \u00fanica do chamado Centro Democr\u00e1tico. <strong>A condi\u00e7\u00e3o pr\u00e9via \u00e9 que todos abandonem suas pr\u00e9-candidaturas neste momento e passem a trabalhar em prol de um projeto comum<\/strong>.<br \/>. <br \/><\/figcaption><\/figure>\n\n\n\n<figure class=\"wp-block-image size-large\"><img data-opt-id=160538007  fetchpriority=\"high\" decoding=\"async\" width=\"715\" height=\"429\" src=\"https:\/\/mlbfrsat7ahr.i.optimole.com\/w:auto\/h:auto\/q:mauto\/ig:avif\/https:\/\/noticiasnoface.com.br\/wp-content\/uploads\/2022\/03\/img_0743.jpg\" alt=\"\" class=\"wp-image-6150\" srcset=\"https:\/\/mlbfrsat7ahr.i.optimole.com\/w:715\/h:429\/q:mauto\/ig:avif\/https:\/\/noticiasnoface.com.br\/wp-content\/uploads\/2022\/03\/img_0743.jpg 715w, https:\/\/mlbfrsat7ahr.i.optimole.com\/w:300\/h:180\/q:mauto\/ig:avif\/https:\/\/noticiasnoface.com.br\/wp-content\/uploads\/2022\/03\/img_0743.jpg 300w\" sizes=\"(max-width: 715px) 100vw, 715px\" \/><figcaption>O candidato \u00e0 Presid\u00eancia seria escolhido dentro de dois ou tr\u00eas meses, seguindo crit\u00e9rios a serem estabelecidos, n\u00e3o apenas a lideran\u00e7a nas pesquisas. <a href=\"https:\/\/oantagonista.uol.com.br\/brasil\/bivar-seria-otimo-vice-ou-cabeca-de-chapa-diz-moro\/\" target=\"_blank\" rel=\"noopener\">Na segunda-feira, Moro jantou com Bivar e ensaiou um gesto de desprendimento ao dizer que o cacique <em>\u201cseria um \u00f3timo vice ou <strong>cabe\u00e7a de chapa<\/strong>\u201c<\/em>.<\/a><br \/>\u00c9 um terremoto pol\u00edtico.<br \/><\/figcaption><\/figure>\n","protected":false},"excerpt":{"rendered":"","protected":false},"author":1,"featured_media":0,"comment_status":"open","ping_status":"open","sticky":false,"template":"","format":"standard","meta":{"site-sidebar-layout":"default","site-content-layout":"","ast-site-content-layout":"default","site-content-style":"default","site-sidebar-style":"default","ast-global-header-display":"","ast-banner-title-visibility":"","ast-main-header-display":"","ast-hfb-above-header-display":"","ast-hfb-below-header-display":"","ast-hfb-mobile-header-display":"","site-post-title":"","ast-breadcrumbs-content":"","ast-featured-img":"","footer-sml-layout":"","ast-disable-related-posts":"","theme-transparent-header-meta":"","adv-header-id-meta":"","stick-header-meta":"","header-above-stick-meta":"","header-main-stick-meta":"","header-below-stick-meta":"","astra-migrate-meta-layouts":"default","ast-page-background-enabled":"default","ast-page-background-meta":{"desktop":{"background-color":"var(--ast-global-color-4)","background-image":"","background-repeat":"repeat","background-position":"center center","background-size":"auto","background-attachment":"scroll","background-type":"","background-media":"","overlay-type":"","overlay-color":"","overlay-opacity":"","overlay-gradient":""},"tablet":{"background-color":"","background-image":"","background-repeat":"repeat","background-position":"center center","background-size":"auto","background-attachment":"scroll","background-type":"","background-media":"","overlay-type":"","overlay-color":"","overlay-opacity":"","overlay-gradient":""},"mobile":{"background-color":"","background-image":"","background-repeat":"repeat","background-position":"center center","background-size":"auto","background-attachment":"scroll","background-type":"","background-media":"","overlay-type":"","overlay-color":"","overlay-opacity":"","overlay-gradient":""}},"ast-content-background-meta":{"desktop":{"background-color":"var(--ast-global-color-5)","background-image":"","background-repeat":"repeat","background-position":"center center","background-size":"auto","background-attachment":"scroll","background-type":"","background-media":"","overlay-type":"","overlay-color":"","overlay-opacity":"","overlay-gradient":""},"tablet":{"background-color":"var(--ast-global-color-5)","background-image":"","background-repeat":"repeat","background-position":"center center","background-size":"auto","background-attachment":"scroll","background-type":"","background-media":"","overlay-type":"","overlay-color":"","overlay-opacity":"","overlay-gradient":""},"mobile":{"background-color":"var(--ast-global-color-5)","background-image":"","background-repeat":"repeat","background-position":"center center","background-size":"auto","background-attachment":"scroll","background-type":"","background-media":"","overlay-type":"","overlay-color":"","overlay-opacity":"","overlay-gradient":""}},"footnotes":""},"categories":[517],"tags":[317,366,390],"class_list":["post-6151","post","type-post","status-publish","format-standard","hentry","category-aconteceu","tag-eleicoes","tag-podemos","tag-sergio-moro"],"_links":{"self":[{"href":"https:\/\/noticiasnoface.com.br\/index.php\/wp-json\/wp\/v2\/posts\/6151","targetHints":{"allow":["GET"]}}],"collection":[{"href":"https:\/\/noticiasnoface.com.br\/index.php\/wp-json\/wp\/v2\/posts"}],"about":[{"href":"https:\/\/noticiasnoface.com.br\/index.php\/wp-json\/wp\/v2\/types\/post"}],"author":[{"embeddable":true,"href":"https:\/\/noticiasnoface.com.br\/index.php\/wp-json\/wp\/v2\/users\/1"}],"replies":[{"embeddable":true,"href":"https:\/\/noticiasnoface.com.br\/index.php\/wp-json\/wp\/v2\/comments?post=6151"}],"version-history":[{"count":2,"href":"https:\/\/noticiasnoface.com.br\/index.php\/wp-json\/wp\/v2\/posts\/6151\/revisions"}],"predecessor-version":[{"id":6153,"href":"https:\/\/noticiasnoface.com.br\/index.php\/wp-json\/wp\/v2\/posts\/6151\/revisions\/6153"}],"wp:attachment":[{"href":"https:\/\/noticiasnoface.com.br\/index.php\/wp-json\/wp\/v2\/media?parent=6151"}],"wp:term":[{"taxonomy":"category","embeddable":true,"href":"https:\/\/noticiasnoface.com.br\/index.php\/wp-json\/wp\/v2\/categories?post=6151"},{"taxonomy":"post_tag","embeddable":true,"href":"https:\/\/noticiasnoface.com.br\/index.php\/wp-json\/wp\/v2\/tags?post=6151"}],"curies":[{"name":"wp","href":"https:\/\/api.w.org\/{rel}","templated":true}]}}