{"id":6167,"date":"2022-03-31T15:55:44","date_gmt":"2022-03-31T18:55:44","guid":{"rendered":"https:\/\/noticiasnoface.com.br\/?p=6167"},"modified":"2022-03-31T15:55:45","modified_gmt":"2022-03-31T18:55:45","slug":"podemos-acusa-moro-de-traicao-serio-num-diga","status":"publish","type":"post","link":"https:\/\/noticiasnoface.com.br\/index.php\/2022\/03\/31\/podemos-acusa-moro-de-traicao-serio-num-diga\/","title":{"rendered":"PODEMOS acusa Moro de trai\u00e7\u00e3o, s\u00e9rio? Num diga\u2026"},"content":{"rendered":"\n<figure class=\"wp-block-image size-large\"><img data-opt-id=243668795  fetchpriority=\"high\" decoding=\"async\" width=\"679\" height=\"451\" src=\"https:\/\/mlbfrsat7ahr.i.optimole.com\/w:auto\/h:auto\/q:mauto\/ig:avif\/https:\/\/noticiasnoface.com.br\/wp-content\/uploads\/2022\/03\/img_0773.jpg\" alt=\"\" class=\"wp-image-6165\" srcset=\"https:\/\/mlbfrsat7ahr.i.optimole.com\/w:679\/h:451\/q:mauto\/ig:avif\/https:\/\/noticiasnoface.com.br\/wp-content\/uploads\/2022\/03\/img_0773.jpg 679w, https:\/\/mlbfrsat7ahr.i.optimole.com\/w:300\/h:199\/q:mauto\/ig:avif\/https:\/\/noticiasnoface.com.br\/wp-content\/uploads\/2022\/03\/img_0773.jpg 300w\" sizes=\"(max-width: 679px) 100vw, 679px\" \/><figcaption>TLideran\u00e7as do <a rel=\"noreferrer noopener\" href=\"https:\/\/www.metropoles.com\/tag\/podemos?amp\" target=\"_blank\">Podemos<\/a> reagiram \u00e0 decis\u00e3o de <a rel=\"noreferrer noopener\" href=\"https:\/\/www.metropoles.com\/tag\/sergio-moro?amp\" target=\"_blank\">Sergio Moro<\/a> de deixar o partido e <a rel=\"noreferrer noopener\" href=\"https:\/\/www.metropoles.com\/brasil\/moro-assina-filiacao-ao-uniao-brasil-para-ser-candidato-a-deputado?amp\" target=\"_blank\">se filiar<\/a> ao <a rel=\"noreferrer noopener\" href=\"https:\/\/www.metropoles.com\/tag\/uniao-brasil?amp\" target=\"_blank\">Uni\u00e3o Brasil<\/a>, nesta quinta-feira (31). Nos bastidores, dirigentes do Podemos investem no discurso de que o ex-juiz \u201ctraiu\u201d a sigla.<br><br><br>Como <a rel=\"noreferrer noopener\" href=\"https:\/\/www.metropoles.com\/colunas\/igor-gadelha\/sergio-moro-decide-trocar-o-podemos-pelo-uniao-brasil?amp\" target=\"_blank\">a coluna antecipou na manh\u00e3 desta quinta<\/a>, Moro decidiu migrar para o Uni\u00e3o Brasil ap\u00f3s senadores do Podemos <a rel=\"noreferrer noopener\" href=\"https:\/\/www.metropoles.com\/colunas\/igor-gadelha\/senadores-do-podemos-pressionam-e-moro-pode-ir-para-o-uniao-brasil?amp\" target=\"_blank\">o pressionarem a mudar seu domic\u00edlio eleitoral<\/a> do Paran\u00e1 para S\u00e3o Paulo.<br><br><br><br>O temor dos senadores era de que, ao manter seu t\u00edtulo no Paran\u00e1, o ex-juiz decidisse disputar o Senado pelo estado e, com isso, inviabilizasse a reelei\u00e7\u00e3o do senador paranaense <a rel=\"noreferrer noopener\" href=\"https:\/\/www.metropoles.com\/tag\/alvaro-dias?amp\" target=\"_blank\">Alvaro Dias<\/a>, l\u00edder do Podemos na Casa.<br><br>Moro ent\u00e3o retomou negocia\u00e7\u00f5es e fechou com o Uni\u00e3o Brasil. Isso mesmo ap\u00f3s lideran\u00e7as do novo partido deixarem claro que s\u00f3 o aceitariam caso ele seja candidato \u00e0 C\u00e2mara dos Deputados ou no Senado por S\u00e3o Paulo.<\/figcaption><\/figure>\n\n\n\n<figure class=\"wp-block-image size-large\"><img data-opt-id=1650608696  fetchpriority=\"high\" decoding=\"async\" width=\"554\" height=\"554\" src=\"https:\/\/mlbfrsat7ahr.i.optimole.com\/w:auto\/h:auto\/q:mauto\/ig:avif\/https:\/\/noticiasnoface.com.br\/wp-content\/uploads\/2022\/03\/img_0774.jpg\" alt=\"\" class=\"wp-image-6166\" srcset=\"https:\/\/mlbfrsat7ahr.i.optimole.com\/w:554\/h:554\/q:mauto\/ig:avif\/https:\/\/noticiasnoface.com.br\/wp-content\/uploads\/2022\/03\/img_0774.jpg 554w, https:\/\/mlbfrsat7ahr.i.optimole.com\/w:300\/h:300\/q:mauto\/ig:avif\/https:\/\/noticiasnoface.com.br\/wp-content\/uploads\/2022\/03\/img_0774.jpg 300w, https:\/\/mlbfrsat7ahr.i.optimole.com\/w:150\/h:150\/q:mauto\/ig:avif\/https:\/\/noticiasnoface.com.br\/wp-content\/uploads\/2022\/03\/img_0774.jpg 150w\" sizes=\"(max-width: 554px) 100vw, 554px\" \/><figcaption>A filia\u00e7\u00e3o foi negociada pelo <a rel=\"noreferrer noopener\" href=\"https:\/\/www.metropoles.com\/colunas\/igor-gadelha\/o-dono-da-chave-do-cofre-da-campanha-de-moro?amp\" target=\"_blank\">advogado Luis Felipe Cunha<\/a>, bra\u00e7o direito de Moro, durante uma reuni\u00e3o dele com o deputado federal J\u00fanior Bozzella (Uni\u00e3o Brasil), na tarde dessa quarta-feira (30\/3), em Bras\u00edlia.<br>Ap\u00f3s o acerto, Bozzella e Cunha viajaram na manh\u00e3 desta quinta a S\u00e3o Paulo para encontrar o ex-juiz. A ficha de filia\u00e7\u00e3o foi assinada por Moro durante uma reuni\u00e3o em um hotel na capital paulista.<\/figcaption><\/figure>\n","protected":false},"excerpt":{"rendered":"","protected":false},"author":1,"featured_media":0,"comment_status":"open","ping_status":"open","sticky":false,"template":"","format":"standard","meta":{"site-sidebar-layout":"default","site-content-layout":"","ast-site-content-layout":"default","site-content-style":"default","site-sidebar-style":"default","ast-global-header-display":"","ast-banner-title-visibility":"","ast-main-header-display":"","ast-hfb-above-header-display":"","ast-hfb-below-header-display":"","ast-hfb-mobile-header-display":"","site-post-title":"","ast-breadcrumbs-content":"","ast-featured-img":"","footer-sml-layout":"","ast-disable-related-posts":"","theme-transparent-header-meta":"","adv-header-id-meta":"","stick-header-meta":"","header-above-stick-meta":"","header-main-stick-meta":"","header-below-stick-meta":"","astra-migrate-meta-layouts":"default","ast-page-background-enabled":"default","ast-page-background-meta":{"desktop":{"background-color":"var(--ast-global-color-4)","background-image":"","background-repeat":"repeat","background-position":"center center","background-size":"auto","background-attachment":"scroll","background-type":"","background-media":"","overlay-type":"","overlay-color":"","overlay-opacity":"","overlay-gradient":""},"tablet":{"background-color":"","background-image":"","background-repeat":"repeat","background-position":"center center","background-size":"auto","background-attachment":"scroll","background-type":"","background-media":"","overlay-type":"","overlay-color":"","overlay-opacity":"","overlay-gradient":""},"mobile":{"background-color":"","background-image":"","background-repeat":"repeat","background-position":"center center","background-size":"auto","background-attachment":"scroll","background-type":"","background-media":"","overlay-type":"","overlay-color":"","overlay-opacity":"","overlay-gradient":""}},"ast-content-background-meta":{"desktop":{"background-color":"var(--ast-global-color-5)","background-image":"","background-repeat":"repeat","background-position":"center center","background-size":"auto","background-attachment":"scroll","background-type":"","background-media":"","overlay-type":"","overlay-color":"","overlay-opacity":"","overlay-gradient":""},"tablet":{"background-color":"var(--ast-global-color-5)","background-image":"","background-repeat":"repeat","background-position":"center center","background-size":"auto","background-attachment":"scroll","background-type":"","background-media":"","overlay-type":"","overlay-color":"","overlay-opacity":"","overlay-gradient":""},"mobile":{"background-color":"var(--ast-global-color-5)","background-image":"","background-repeat":"repeat","background-position":"center center","background-size":"auto","background-attachment":"scroll","background-type":"","background-media":"","overlay-type":"","overlay-color":"","overlay-opacity":"","overlay-gradient":""}},"footnotes":""},"categories":[517],"tags":[266,366,390,417],"class_list":["post-6167","post","type-post","status-publish","format-standard","hentry","category-aconteceu","tag-moro","tag-podemos","tag-sergio-moro","tag-traicao"],"_links":{"self":[{"href":"https:\/\/noticiasnoface.com.br\/index.php\/wp-json\/wp\/v2\/posts\/6167","targetHints":{"allow":["GET"]}}],"collection":[{"href":"https:\/\/noticiasnoface.com.br\/index.php\/wp-json\/wp\/v2\/posts"}],"about":[{"href":"https:\/\/noticiasnoface.com.br\/index.php\/wp-json\/wp\/v2\/types\/post"}],"author":[{"embeddable":true,"href":"https:\/\/noticiasnoface.com.br\/index.php\/wp-json\/wp\/v2\/users\/1"}],"replies":[{"embeddable":true,"href":"https:\/\/noticiasnoface.com.br\/index.php\/wp-json\/wp\/v2\/comments?post=6167"}],"version-history":[{"count":1,"href":"https:\/\/noticiasnoface.com.br\/index.php\/wp-json\/wp\/v2\/posts\/6167\/revisions"}],"predecessor-version":[{"id":6168,"href":"https:\/\/noticiasnoface.com.br\/index.php\/wp-json\/wp\/v2\/posts\/6167\/revisions\/6168"}],"wp:attachment":[{"href":"https:\/\/noticiasnoface.com.br\/index.php\/wp-json\/wp\/v2\/media?parent=6167"}],"wp:term":[{"taxonomy":"category","embeddable":true,"href":"https:\/\/noticiasnoface.com.br\/index.php\/wp-json\/wp\/v2\/categories?post=6167"},{"taxonomy":"post_tag","embeddable":true,"href":"https:\/\/noticiasnoface.com.br\/index.php\/wp-json\/wp\/v2\/tags?post=6167"}],"curies":[{"name":"wp","href":"https:\/\/api.w.org\/{rel}","templated":true}]}}