{"id":6186,"date":"2022-03-31T22:49:52","date_gmt":"2022-04-01T01:49:52","guid":{"rendered":"https:\/\/noticiasnoface.com.br\/?p=6186"},"modified":"2022-03-31T22:53:35","modified_gmt":"2022-04-01T01:53:35","slug":"doria-ameaca-implodir-o-psdb","status":"publish","type":"post","link":"https:\/\/noticiasnoface.com.br\/index.php\/2022\/03\/31\/doria-ameaca-implodir-o-psdb\/","title":{"rendered":"D\u00f3ria amea\u00e7a implodir o PSDB"},"content":{"rendered":"\n<figure class=\"wp-block-image size-large\"><img data-opt-id=213240667  fetchpriority=\"high\" decoding=\"async\" width=\"333\" height=\"392\" src=\"https:\/\/mlbfrsat7ahr.i.optimole.com\/w:auto\/h:auto\/q:mauto\/ig:avif\/https:\/\/noticiasnoface.com.br\/wp-content\/uploads\/2022\/03\/img_0746.jpg\" alt=\"\" class=\"wp-image-6185\" srcset=\"https:\/\/mlbfrsat7ahr.i.optimole.com\/w:333\/h:392\/q:mauto\/ig:avif\/https:\/\/noticiasnoface.com.br\/wp-content\/uploads\/2022\/03\/img_0746.jpg 333w, https:\/\/mlbfrsat7ahr.i.optimole.com\/w:255\/h:300\/q:mauto\/ig:avif\/https:\/\/noticiasnoface.com.br\/wp-content\/uploads\/2022\/03\/img_0746.jpg 255w\" sizes=\"(max-width: 333px) 100vw, 333px\" \/><figcaption>Em contra-ataque, Doria amea\u00e7a implodir PSDB<br \/>Governador se sentiu tra\u00eddo por parte do partido e sinalizou que deve desistir da candidatura \u00e0 Presid\u00eancia para continuar no Pal\u00e1cio dos Bandeirantes \u2013 minando pr\u00e9-candidatura de Rodrigo Garcia \u00e0 sua sucess\u00e3o.A sinaliza\u00e7\u00e3o de Jo\u00e3o Doria<a href=\"https:\/\/g1.globo.com\/politica\/blog\/julia-duailibi\/post\/2022\/03\/31\/doria-diz-a-aliados-que-desistiu-de-candidatura-a-presidencia-da-republica.ghtml\" target=\"_blank\" rel=\"noopener\"> de que vai permanecer no cargo de governador e desistir da disputa pela Presid\u00eancia em 2022<\/a> mostra que ele, ap\u00f3s se sentir isolado dentro do PSDB, decidiu implodir o partido \u2013 come\u00e7ando por S\u00e3o Paulo. <br \/>O an\u00fancio da decis\u00e3o est\u00e1 previsto para a tarde desta quinta-feira (31). E todo o esfor\u00e7o do PSDB neste momento \u00e9 para que Doria desista da ideia de ficar no governo de SP.<br \/><a rel=\"noreferrer noopener\" href=\"https:\/\/api.whatsapp.com\/send?text=https:\/\/g1.globo.com\/politica\/blog\/andreia-sadi\/post\/2022\/03\/31\/em-contra-ataque-doria-ameaca-implodir-psdb.ghtml?utm_source%3Dwhatsapp%26utm_medium%3Dshare-engagement%26utm_campaign%3Dte-materias\" target=\"_blank\">Compartilhe no WhatsApp<\/a><br \/>.<br \/><br \/>Doria, que sempre foi visto com um estranho no ninho tucano, venceu as pr\u00e9vias para disputar a presid\u00eancia da Rep\u00fablica pelo PSDB. <br \/>Para tanto, Doria precisaria anunciar a desist\u00eancia do cargo de governador de SP at\u00e9 o fim desta semana, entregando o cargo para Rodrigo Garcia \u2013 que \u00e9 o pr\u00e9-candidato do PSDB ao governo de S\u00e3o Paulo. <br \/>Uma parte do partido, entretanto, est\u00e1 disposta a driblar Doria e fazer com que o PSDB lance o governador do Rio Grande do Sul, Eduardo Leite, ao Planalto. <br \/>E a ideia desse grupo era, segundo aliados de Doria, esperar o governador de SP deixar o cargo para s\u00f3 ent\u00e3o iniciar formalmente o movimento para sagrar Eduardo Leite candidato \u2013 deixando Doria sem mandato e sem candidatura ao Planalto.<\/figcaption><\/figure>\n\n\n\n<figure class=\"wp-block-image size-large\"><img data-opt-id=1563825636  fetchpriority=\"high\" decoding=\"async\" width=\"194\" height=\"260\" src=\"https:\/\/mlbfrsat7ahr.i.optimole.com\/w:auto\/h:auto\/q:mauto\/ig:avif\/https:\/\/noticiasnoface.com.br\/wp-content\/uploads\/2022\/03\/img_0731-2.jpg\" alt=\"\" class=\"wp-image-6188\"\/><figcaption>Sentindo-se tra\u00eddo, Doria resolveu contra-atacar, abandonando a disputa presidencial e ficando no cargo de governador. <br \/>Com isso, a candidatura de Rodrigo Garcia ficaria comprometida se n\u00e3o fizer a campanha eleitoral no posto de governador. E corre o risco de desidratar. Aliados, como PP e do Uni\u00e3o Brasil, por exemplo, j\u00e1 discutem migrar para a campanha de Tarc\u00edsio Freitas, apoiado por Bolsonaro. <br \/>A avalia\u00e7\u00e3o \u00e9 a de que, sem uma candidatura forte, partidos aliados n\u00e3o conseguem fazer bancada de deputados federais em SP. <br \/>Sem ser consultado e com seu futuro pol\u00edtico amea\u00e7ado em meio a esse tiroteio entre Doria e A\u00e9cio, Garcia decidiu entregar o cargo de secret\u00e1rio de governo de Doria. <br \/>Aliados de Garcia tentam convencer Doria a renunciar ao governo de S\u00e3o Paulo. Um grupo de tucanos tamb\u00e9m tenta demov\u00ea-lo da ideia permanecer no cargo.<\/figcaption><\/figure>\n","protected":false},"excerpt":{"rendered":"","protected":false},"author":1,"featured_media":0,"comment_status":"open","ping_status":"open","sticky":false,"template":"","format":"standard","meta":{"site-sidebar-layout":"default","site-content-layout":"","ast-site-content-layout":"default","site-content-style":"default","site-sidebar-style":"default","ast-global-header-display":"","ast-banner-title-visibility":"","ast-main-header-display":"","ast-hfb-above-header-display":"","ast-hfb-below-header-display":"","ast-hfb-mobile-header-display":"","site-post-title":"","ast-breadcrumbs-content":"","ast-featured-img":"","footer-sml-layout":"","ast-disable-related-posts":"","theme-transparent-header-meta":"","adv-header-id-meta":"","stick-header-meta":"","header-above-stick-meta":"","header-main-stick-meta":"","header-below-stick-meta":"","astra-migrate-meta-layouts":"default","ast-page-background-enabled":"default","ast-page-background-meta":{"desktop":{"background-color":"var(--ast-global-color-4)","background-image":"","background-repeat":"repeat","background-position":"center center","background-size":"auto","background-attachment":"scroll","background-type":"","background-media":"","overlay-type":"","overlay-color":"","overlay-opacity":"","overlay-gradient":""},"tablet":{"background-color":"","background-image":"","background-repeat":"repeat","background-position":"center center","background-size":"auto","background-attachment":"scroll","background-type":"","background-media":"","overlay-type":"","overlay-color":"","overlay-opacity":"","overlay-gradient":""},"mobile":{"background-color":"","background-image":"","background-repeat":"repeat","background-position":"center center","background-size":"auto","background-attachment":"scroll","background-type":"","background-media":"","overlay-type":"","overlay-color":"","overlay-opacity":"","overlay-gradient":""}},"ast-content-background-meta":{"desktop":{"background-color":"var(--ast-global-color-5)","background-image":"","background-repeat":"repeat","background-position":"center center","background-size":"auto","background-attachment":"scroll","background-type":"","background-media":"","overlay-type":"","overlay-color":"","overlay-opacity":"","overlay-gradient":""},"tablet":{"background-color":"var(--ast-global-color-5)","background-image":"","background-repeat":"repeat","background-position":"center center","background-size":"auto","background-attachment":"scroll","background-type":"","background-media":"","overlay-type":"","overlay-color":"","overlay-opacity":"","overlay-gradient":""},"mobile":{"background-color":"var(--ast-global-color-5)","background-image":"","background-repeat":"repeat","background-position":"center center","background-size":"auto","background-attachment":"scroll","background-type":"","background-media":"","overlay-type":"","overlay-color":"","overlay-opacity":"","overlay-gradient":""}},"footnotes":""},"categories":[517],"tags":[331,419,317,418],"class_list":["post-6186","post","type-post","status-publish","format-standard","hentry","category-aconteceu","tag-doria","tag-eduardo-leite","tag-eleicoes","tag-psdb"],"_links":{"self":[{"href":"https:\/\/noticiasnoface.com.br\/index.php\/wp-json\/wp\/v2\/posts\/6186","targetHints":{"allow":["GET"]}}],"collection":[{"href":"https:\/\/noticiasnoface.com.br\/index.php\/wp-json\/wp\/v2\/posts"}],"about":[{"href":"https:\/\/noticiasnoface.com.br\/index.php\/wp-json\/wp\/v2\/types\/post"}],"author":[{"embeddable":true,"href":"https:\/\/noticiasnoface.com.br\/index.php\/wp-json\/wp\/v2\/users\/1"}],"replies":[{"embeddable":true,"href":"https:\/\/noticiasnoface.com.br\/index.php\/wp-json\/wp\/v2\/comments?post=6186"}],"version-history":[{"count":3,"href":"https:\/\/noticiasnoface.com.br\/index.php\/wp-json\/wp\/v2\/posts\/6186\/revisions"}],"predecessor-version":[{"id":6190,"href":"https:\/\/noticiasnoface.com.br\/index.php\/wp-json\/wp\/v2\/posts\/6186\/revisions\/6190"}],"wp:attachment":[{"href":"https:\/\/noticiasnoface.com.br\/index.php\/wp-json\/wp\/v2\/media?parent=6186"}],"wp:term":[{"taxonomy":"category","embeddable":true,"href":"https:\/\/noticiasnoface.com.br\/index.php\/wp-json\/wp\/v2\/categories?post=6186"},{"taxonomy":"post_tag","embeddable":true,"href":"https:\/\/noticiasnoface.com.br\/index.php\/wp-json\/wp\/v2\/tags?post=6186"}],"curies":[{"name":"wp","href":"https:\/\/api.w.org\/{rel}","templated":true}]}}