{"id":6978,"date":"2022-04-21T11:18:38","date_gmt":"2022-04-21T14:18:38","guid":{"rendered":"https:\/\/noticiasnoface.com.br\/?p=6978"},"modified":"2022-04-21T11:18:38","modified_gmt":"2022-04-21T14:18:38","slug":"bandidos-tentam-arrombar-a-arban-na-afonso-pena","status":"publish","type":"post","link":"https:\/\/noticiasnoface.com.br\/index.php\/2022\/04\/21\/bandidos-tentam-arrombar-a-arban-na-afonso-pena\/","title":{"rendered":"Bandidos tentam arrombar a ARBAN na Afonso Pena"},"content":{"rendered":"\n<figure class=\"wp-block-image size-large\"><img data-opt-id=886690539  fetchpriority=\"high\" decoding=\"async\" width=\"930\" height=\"524\" src=\"https:\/\/mlbfrsat7ahr.i.optimole.com\/w:auto\/h:auto\/q:mauto\/ig:avif\/https:\/\/noticiasnoface.com.br\/wp-content\/uploads\/2022\/04\/img_2328.jpg\" alt=\"\" class=\"wp-image-6977\" srcset=\"https:\/\/mlbfrsat7ahr.i.optimole.com\/w:930\/h:524\/q:mauto\/ig:avif\/https:\/\/noticiasnoface.com.br\/wp-content\/uploads\/2022\/04\/img_2328.jpg 930w, https:\/\/mlbfrsat7ahr.i.optimole.com\/w:300\/h:169\/q:mauto\/ig:avif\/https:\/\/noticiasnoface.com.br\/wp-content\/uploads\/2022\/04\/img_2328.jpg 300w, https:\/\/mlbfrsat7ahr.i.optimole.com\/w:768\/h:433\/q:mauto\/ig:avif\/https:\/\/noticiasnoface.com.br\/wp-content\/uploads\/2022\/04\/img_2328.jpg 768w, https:\/\/mlbfrsat7ahr.i.optimole.com\/w:800\/h:450\/q:mauto\/ig:avif\/https:\/\/noticiasnoface.com.br\/wp-content\/uploads\/2022\/04\/img_2328.jpg 800w\" sizes=\"(max-width: 930px) 100vw, 930px\" \/><figcaption>Uma das lojas mais tradicionais de Natal no segmento de decora\u00e7\u00e3o de interiores, situada na avenida Afonso Pena, em Petr\u00f3polis, foi alvo dos bandidos nessa quarta-feira. <br>.<br>A poucos metros do quartel do Comando Geral da Pol\u00edcia Miliar, a Arban por muito pouco n\u00e3o foi saqueada pelos ladr\u00f5es.<br>.<br><br>Eles teriam subido pela lateral do estabelecimento, onde est\u00e3o instalados os aparelhos de ar condicionado. Um dos equipamentos foi danificado, ap\u00f3s ter fios e parte da estrutura met\u00e1lica quebrada pelos criminosos, que pretendiam furt\u00e1-lo.<br>.<br><br>Ap\u00f3s a a\u00e7\u00e3o ter sido presenciada por um cidad\u00e3o, os ladr\u00f5es fugiram e at\u00e9 o momento ningu\u00e9m foi preso. A avenida Afonso Pena est\u00e1 situada em \u00e1rea nobre da capital.<\/figcaption><\/figure>\n","protected":false},"excerpt":{"rendered":"","protected":false},"author":1,"featured_media":0,"comment_status":"open","ping_status":"open","sticky":false,"template":"","format":"standard","meta":{"site-sidebar-layout":"default","site-content-layout":"","ast-site-content-layout":"default","site-content-style":"default","site-sidebar-style":"default","ast-global-header-display":"","ast-banner-title-visibility":"","ast-main-header-display":"","ast-hfb-above-header-display":"","ast-hfb-below-header-display":"","ast-hfb-mobile-header-display":"","site-post-title":"","ast-breadcrumbs-content":"","ast-featured-img":"","footer-sml-layout":"","ast-disable-related-posts":"","theme-transparent-header-meta":"","adv-header-id-meta":"","stick-header-meta":"","header-above-stick-meta":"","header-main-stick-meta":"","header-below-stick-meta":"","astra-migrate-meta-layouts":"default","ast-page-background-enabled":"default","ast-page-background-meta":{"desktop":{"background-color":"var(--ast-global-color-4)","background-image":"","background-repeat":"repeat","background-position":"center center","background-size":"auto","background-attachment":"scroll","background-type":"","background-media":"","overlay-type":"","overlay-color":"","overlay-opacity":"","overlay-gradient":""},"tablet":{"background-color":"","background-image":"","background-repeat":"repeat","background-position":"center center","background-size":"auto","background-attachment":"scroll","background-type":"","background-media":"","overlay-type":"","overlay-color":"","overlay-opacity":"","overlay-gradient":""},"mobile":{"background-color":"","background-image":"","background-repeat":"repeat","background-position":"center center","background-size":"auto","background-attachment":"scroll","background-type":"","background-media":"","overlay-type":"","overlay-color":"","overlay-opacity":"","overlay-gradient":""}},"ast-content-background-meta":{"desktop":{"background-color":"var(--ast-global-color-5)","background-image":"","background-repeat":"repeat","background-position":"center center","background-size":"auto","background-attachment":"scroll","background-type":"","background-media":"","overlay-type":"","overlay-color":"","overlay-opacity":"","overlay-gradient":""},"tablet":{"background-color":"var(--ast-global-color-5)","background-image":"","background-repeat":"repeat","background-position":"center center","background-size":"auto","background-attachment":"scroll","background-type":"","background-media":"","overlay-type":"","overlay-color":"","overlay-opacity":"","overlay-gradient":""},"mobile":{"background-color":"var(--ast-global-color-5)","background-image":"","background-repeat":"repeat","background-position":"center center","background-size":"auto","background-attachment":"scroll","background-type":"","background-media":"","overlay-type":"","overlay-color":"","overlay-opacity":"","overlay-gradient":""}},"footnotes":""},"categories":[517],"tags":[657,656,120,86,658,50,22,659,566,64],"class_list":["post-6978","post","type-post","status-publish","format-standard","hentry","category-aconteceu","tag-arban","tag-decoracao","tag-governo-do-estado","tag-governo-do-rn","tag-natal","tag-noticias-do-face","tag-noticias-no-face","tag-policia-militar","tag-prefeitura-de-natal","tag-rio-grande-do-norte"],"_links":{"self":[{"href":"https:\/\/noticiasnoface.com.br\/index.php\/wp-json\/wp\/v2\/posts\/6978","targetHints":{"allow":["GET"]}}],"collection":[{"href":"https:\/\/noticiasnoface.com.br\/index.php\/wp-json\/wp\/v2\/posts"}],"about":[{"href":"https:\/\/noticiasnoface.com.br\/index.php\/wp-json\/wp\/v2\/types\/post"}],"author":[{"embeddable":true,"href":"https:\/\/noticiasnoface.com.br\/index.php\/wp-json\/wp\/v2\/users\/1"}],"replies":[{"embeddable":true,"href":"https:\/\/noticiasnoface.com.br\/index.php\/wp-json\/wp\/v2\/comments?post=6978"}],"version-history":[{"count":1,"href":"https:\/\/noticiasnoface.com.br\/index.php\/wp-json\/wp\/v2\/posts\/6978\/revisions"}],"predecessor-version":[{"id":6979,"href":"https:\/\/noticiasnoface.com.br\/index.php\/wp-json\/wp\/v2\/posts\/6978\/revisions\/6979"}],"wp:attachment":[{"href":"https:\/\/noticiasnoface.com.br\/index.php\/wp-json\/wp\/v2\/media?parent=6978"}],"wp:term":[{"taxonomy":"category","embeddable":true,"href":"https:\/\/noticiasnoface.com.br\/index.php\/wp-json\/wp\/v2\/categories?post=6978"},{"taxonomy":"post_tag","embeddable":true,"href":"https:\/\/noticiasnoface.com.br\/index.php\/wp-json\/wp\/v2\/tags?post=6978"}],"curies":[{"name":"wp","href":"https:\/\/api.w.org\/{rel}","templated":true}]}}