{"id":6997,"date":"2022-04-22T10:31:36","date_gmt":"2022-04-22T13:31:36","guid":{"rendered":"https:\/\/noticiasnoface.com.br\/?p=6997"},"modified":"2022-04-22T10:34:02","modified_gmt":"2022-04-22T13:34:02","slug":"gollllllllll-e-de-bolsonaro-do-brasillllllllllllll","status":"publish","type":"post","link":"https:\/\/noticiasnoface.com.br\/index.php\/2022\/04\/22\/gollllllllll-e-de-bolsonaro-do-brasillllllllllllll\/","title":{"rendered":"Gooooolllll\u2026..\u00e9 de Bolsonaro do Brasillllllllllllll\u2026."},"content":{"rendered":"\n<figure class=\"wp-block-image size-large\"><img data-opt-id=211132012  fetchpriority=\"high\" decoding=\"async\" width=\"745\" height=\"411\" src=\"https:\/\/mlbfrsat7ahr.i.optimole.com\/w:auto\/h:auto\/q:mauto\/ig:avif\/https:\/\/noticiasnoface.com.br\/wp-content\/uploads\/2022\/04\/img_2367.jpg\" alt=\"\" class=\"wp-image-6996\" srcset=\"https:\/\/mlbfrsat7ahr.i.optimole.com\/w:745\/h:411\/q:mauto\/ig:avif\/https:\/\/noticiasnoface.com.br\/wp-content\/uploads\/2022\/04\/img_2367.jpg 745w, https:\/\/mlbfrsat7ahr.i.optimole.com\/w:300\/h:166\/q:mauto\/ig:avif\/https:\/\/noticiasnoface.com.br\/wp-content\/uploads\/2022\/04\/img_2367.jpg 300w\" sizes=\"(max-width: 745px) 100vw, 745px\" \/><figcaption>O presidente Bolsonaro marcou ontem um dos maiores gola\u00e7os da hist\u00f3ria pol\u00edtica do Brasil. <br \/>.<br \/>.<br \/>O Brasil assistia o STF tratorar o Daniel Silveira, mesmo sabendo que n\u00e3o faz sentido um ministro ser a v\u00edtima e o julgador do mesmo processo, o Brasil amedrontado estava calado, Daniel Silveira seria atirado aos le\u00f5es, e foi atirado aos le\u00f5es famintos. <br \/>.<br \/>.<br \/>O que ningu\u00e9m imaginava era que naquele momento o presidente Bolsonaro estava reunido com sua equipe, tentando n\u00e3o salvar Daniel Silveira, mas tentando impedir uma injusti\u00e7a contra um Brasileiro. <br \/><br \/>.<br \/>.<br \/>Bolsonaro teve a frieza suficiente para ser atacado ap\u00f3s a condena\u00e7\u00e3o de Daniel Silveira, esperou o momento certo. <br \/>.<br \/>.<br \/>E no dia 21 de abril de 2022 as 17 horas, o presidente Bolsonaro saca a constitui\u00e7\u00e3o,  ler o artigo que baseava sua decis\u00e3o, indulta o condenado Daniel Silveira e deixa o STF com as m\u00e3os atadas, pois o indulto da GRA\u00c7A n\u00e3o \u00e9 um ato jur\u00eddico pass\u00edvel de an\u00e1lises, \u00e9 um ato do executivo cabendo apenas o cumprimento. <br \/>.<br \/>O que chamamos no futebol de UM GOL DE PLACA<\/figcaption><\/figure>\n","protected":false},"excerpt":{"rendered":"","protected":false},"author":1,"featured_media":0,"comment_status":"open","ping_status":"open","sticky":false,"template":"","format":"standard","meta":{"site-sidebar-layout":"default","site-content-layout":"","ast-site-content-layout":"default","site-content-style":"default","site-sidebar-style":"default","ast-global-header-display":"","ast-banner-title-visibility":"","ast-main-header-display":"","ast-hfb-above-header-display":"","ast-hfb-below-header-display":"","ast-hfb-mobile-header-display":"","site-post-title":"","ast-breadcrumbs-content":"","ast-featured-img":"","footer-sml-layout":"","ast-disable-related-posts":"","theme-transparent-header-meta":"","adv-header-id-meta":"","stick-header-meta":"","header-above-stick-meta":"","header-main-stick-meta":"","header-below-stick-meta":"","astra-migrate-meta-layouts":"default","ast-page-background-enabled":"default","ast-page-background-meta":{"desktop":{"background-color":"var(--ast-global-color-4)","background-image":"","background-repeat":"repeat","background-position":"center center","background-size":"auto","background-attachment":"scroll","background-type":"","background-media":"","overlay-type":"","overlay-color":"","overlay-opacity":"","overlay-gradient":""},"tablet":{"background-color":"","background-image":"","background-repeat":"repeat","background-position":"center center","background-size":"auto","background-attachment":"scroll","background-type":"","background-media":"","overlay-type":"","overlay-color":"","overlay-opacity":"","overlay-gradient":""},"mobile":{"background-color":"","background-image":"","background-repeat":"repeat","background-position":"center center","background-size":"auto","background-attachment":"scroll","background-type":"","background-media":"","overlay-type":"","overlay-color":"","overlay-opacity":"","overlay-gradient":""}},"ast-content-background-meta":{"desktop":{"background-color":"var(--ast-global-color-5)","background-image":"","background-repeat":"repeat","background-position":"center center","background-size":"auto","background-attachment":"scroll","background-type":"","background-media":"","overlay-type":"","overlay-color":"","overlay-opacity":"","overlay-gradient":""},"tablet":{"background-color":"var(--ast-global-color-5)","background-image":"","background-repeat":"repeat","background-position":"center center","background-size":"auto","background-attachment":"scroll","background-type":"","background-media":"","overlay-type":"","overlay-color":"","overlay-opacity":"","overlay-gradient":""},"mobile":{"background-color":"var(--ast-global-color-5)","background-image":"","background-repeat":"repeat","background-position":"center center","background-size":"auto","background-attachment":"scroll","background-type":"","background-media":"","overlay-type":"","overlay-color":"","overlay-opacity":"","overlay-gradient":""}},"footnotes":""},"categories":[517],"tags":[9,8,82,202,126,50,22,344,6,28],"class_list":["post-6997","post","type-post","status-publish","format-standard","hentry","category-aconteceu","tag-alexandre-de-moraes","tag-bolsonaro","tag-bolsonaro-tem-razao","tag-brasil","tag-ministro-alexandre-de-moraes","tag-noticias-do-face","tag-noticias-no-face","tag-presidente-bolsonaro","tag-stf","tag-stf-bolsonaro"],"_links":{"self":[{"href":"https:\/\/noticiasnoface.com.br\/index.php\/wp-json\/wp\/v2\/posts\/6997","targetHints":{"allow":["GET"]}}],"collection":[{"href":"https:\/\/noticiasnoface.com.br\/index.php\/wp-json\/wp\/v2\/posts"}],"about":[{"href":"https:\/\/noticiasnoface.com.br\/index.php\/wp-json\/wp\/v2\/types\/post"}],"author":[{"embeddable":true,"href":"https:\/\/noticiasnoface.com.br\/index.php\/wp-json\/wp\/v2\/users\/1"}],"replies":[{"embeddable":true,"href":"https:\/\/noticiasnoface.com.br\/index.php\/wp-json\/wp\/v2\/comments?post=6997"}],"version-history":[{"count":2,"href":"https:\/\/noticiasnoface.com.br\/index.php\/wp-json\/wp\/v2\/posts\/6997\/revisions"}],"predecessor-version":[{"id":6999,"href":"https:\/\/noticiasnoface.com.br\/index.php\/wp-json\/wp\/v2\/posts\/6997\/revisions\/6999"}],"wp:attachment":[{"href":"https:\/\/noticiasnoface.com.br\/index.php\/wp-json\/wp\/v2\/media?parent=6997"}],"wp:term":[{"taxonomy":"category","embeddable":true,"href":"https:\/\/noticiasnoface.com.br\/index.php\/wp-json\/wp\/v2\/categories?post=6997"},{"taxonomy":"post_tag","embeddable":true,"href":"https:\/\/noticiasnoface.com.br\/index.php\/wp-json\/wp\/v2\/tags?post=6997"}],"curies":[{"name":"wp","href":"https:\/\/api.w.org\/{rel}","templated":true}]}}