{"id":7001,"date":"2022-04-22T11:00:51","date_gmt":"2022-04-22T14:00:51","guid":{"rendered":"https:\/\/noticiasnoface.com.br\/?p=7001"},"modified":"2022-04-22T11:00:52","modified_gmt":"2022-04-22T14:00:52","slug":"bolsonaro-indulta-a-liberdade-lula-indultou-um-assassino-diz-marinho","status":"publish","type":"post","link":"https:\/\/noticiasnoface.com.br\/index.php\/2022\/04\/22\/bolsonaro-indulta-a-liberdade-lula-indultou-um-assassino-diz-marinho\/","title":{"rendered":"\u201cBolsonaro indulta a liberdade, Lula indultou um assassino\u201d diz Marinho"},"content":{"rendered":"\n<figure class=\"wp-block-image size-large\"><img data-opt-id=727254537  fetchpriority=\"high\" decoding=\"async\" width=\"1163\" height=\"741\" src=\"https:\/\/mlbfrsat7ahr.i.optimole.com\/w:auto\/h:auto\/q:mauto\/ig:avif\/https:\/\/noticiasnoface.com.br\/wp-content\/uploads\/2022\/04\/img_2370.jpg\" alt=\"\" class=\"wp-image-7000\" srcset=\"https:\/\/mlbfrsat7ahr.i.optimole.com\/w:1163\/h:741\/q:mauto\/ig:avif\/https:\/\/noticiasnoface.com.br\/wp-content\/uploads\/2022\/04\/img_2370.jpg 1163w, https:\/\/mlbfrsat7ahr.i.optimole.com\/w:300\/h:191\/q:mauto\/ig:avif\/https:\/\/noticiasnoface.com.br\/wp-content\/uploads\/2022\/04\/img_2370.jpg 300w, https:\/\/mlbfrsat7ahr.i.optimole.com\/w:1024\/h:652\/q:mauto\/ig:avif\/https:\/\/noticiasnoface.com.br\/wp-content\/uploads\/2022\/04\/img_2370.jpg 1024w, https:\/\/mlbfrsat7ahr.i.optimole.com\/w:768\/h:489\/q:mauto\/ig:avif\/https:\/\/noticiasnoface.com.br\/wp-content\/uploads\/2022\/04\/img_2370.jpg 768w\" sizes=\"(max-width: 1000px) 100vw, 1000px\" \/><figcaption>\u201cEnquanto @jairbolsonaro concede indulto para preservar liberdade de express\u00e3o o @LulaOficial indultou terrorista assassino, Ambos amparados pela prerrogativa do cargo com motiva\u00e7\u00f5es diferentes . Vamos em frente\u201d, <br>Esse \u00e9 o trecho de uma postagem do ex-ministro Rog\u00e9rio Marinho sobre o decreto assinado pelo presidente Jair Bolsonaro que livra o deputado federal Daniel Silveira (PTB-RJ) de condena\u00e7\u00e3o do STF. <br>O presidente Jair Bolsonaro (PL) anunciou, nesta quinta-feira (21\/4), que assinou um decreto de \u201cgra\u00e7a constitucional\u201d ao deputado federal Daniel Silveira (PTB-RJ). \u201cUm decreto que vai ser cumprido\u201d, disse Bolsonaro, em uma transmiss\u00e3o ao vivo nas redes sociais. Via BLOG DO FM<\/figcaption><\/figure>\n","protected":false},"excerpt":{"rendered":"","protected":false},"author":1,"featured_media":0,"comment_status":"open","ping_status":"open","sticky":false,"template":"","format":"standard","meta":{"site-sidebar-layout":"default","site-content-layout":"","ast-site-content-layout":"default","site-content-style":"default","site-sidebar-style":"default","ast-global-header-display":"","ast-banner-title-visibility":"","ast-main-header-display":"","ast-hfb-above-header-display":"","ast-hfb-below-header-display":"","ast-hfb-mobile-header-display":"","site-post-title":"","ast-breadcrumbs-content":"","ast-featured-img":"","footer-sml-layout":"","ast-disable-related-posts":"","theme-transparent-header-meta":"","adv-header-id-meta":"","stick-header-meta":"","header-above-stick-meta":"","header-main-stick-meta":"","header-below-stick-meta":"","astra-migrate-meta-layouts":"default","ast-page-background-enabled":"default","ast-page-background-meta":{"desktop":{"background-color":"var(--ast-global-color-4)","background-image":"","background-repeat":"repeat","background-position":"center center","background-size":"auto","background-attachment":"scroll","background-type":"","background-media":"","overlay-type":"","overlay-color":"","overlay-opacity":"","overlay-gradient":""},"tablet":{"background-color":"","background-image":"","background-repeat":"repeat","background-position":"center center","background-size":"auto","background-attachment":"scroll","background-type":"","background-media":"","overlay-type":"","overlay-color":"","overlay-opacity":"","overlay-gradient":""},"mobile":{"background-color":"","background-image":"","background-repeat":"repeat","background-position":"center center","background-size":"auto","background-attachment":"scroll","background-type":"","background-media":"","overlay-type":"","overlay-color":"","overlay-opacity":"","overlay-gradient":""}},"ast-content-background-meta":{"desktop":{"background-color":"var(--ast-global-color-5)","background-image":"","background-repeat":"repeat","background-position":"center center","background-size":"auto","background-attachment":"scroll","background-type":"","background-media":"","overlay-type":"","overlay-color":"","overlay-opacity":"","overlay-gradient":""},"tablet":{"background-color":"var(--ast-global-color-5)","background-image":"","background-repeat":"repeat","background-position":"center center","background-size":"auto","background-attachment":"scroll","background-type":"","background-media":"","overlay-type":"","overlay-color":"","overlay-opacity":"","overlay-gradient":""},"mobile":{"background-color":"var(--ast-global-color-5)","background-image":"","background-repeat":"repeat","background-position":"center center","background-size":"auto","background-attachment":"scroll","background-type":"","background-media":"","overlay-type":"","overlay-color":"","overlay-opacity":"","overlay-gradient":""}},"footnotes":""},"categories":[517],"tags":[8,82,610,344,228],"class_list":["post-7001","post","type-post","status-publish","format-standard","hentry","category-aconteceu","tag-bolsonaro","tag-bolsonaro-tem-razao","tag-ministro-rogerio-marinho","tag-presidente-bolsonaro","tag-rogerio-marinho"],"_links":{"self":[{"href":"https:\/\/noticiasnoface.com.br\/index.php\/wp-json\/wp\/v2\/posts\/7001","targetHints":{"allow":["GET"]}}],"collection":[{"href":"https:\/\/noticiasnoface.com.br\/index.php\/wp-json\/wp\/v2\/posts"}],"about":[{"href":"https:\/\/noticiasnoface.com.br\/index.php\/wp-json\/wp\/v2\/types\/post"}],"author":[{"embeddable":true,"href":"https:\/\/noticiasnoface.com.br\/index.php\/wp-json\/wp\/v2\/users\/1"}],"replies":[{"embeddable":true,"href":"https:\/\/noticiasnoface.com.br\/index.php\/wp-json\/wp\/v2\/comments?post=7001"}],"version-history":[{"count":1,"href":"https:\/\/noticiasnoface.com.br\/index.php\/wp-json\/wp\/v2\/posts\/7001\/revisions"}],"predecessor-version":[{"id":7002,"href":"https:\/\/noticiasnoface.com.br\/index.php\/wp-json\/wp\/v2\/posts\/7001\/revisions\/7002"}],"wp:attachment":[{"href":"https:\/\/noticiasnoface.com.br\/index.php\/wp-json\/wp\/v2\/media?parent=7001"}],"wp:term":[{"taxonomy":"category","embeddable":true,"href":"https:\/\/noticiasnoface.com.br\/index.php\/wp-json\/wp\/v2\/categories?post=7001"},{"taxonomy":"post_tag","embeddable":true,"href":"https:\/\/noticiasnoface.com.br\/index.php\/wp-json\/wp\/v2\/tags?post=7001"}],"curies":[{"name":"wp","href":"https:\/\/api.w.org\/{rel}","templated":true}]}}