{"id":7334,"date":"2022-05-03T00:07:51","date_gmt":"2022-05-03T03:07:51","guid":{"rendered":"https:\/\/noticiasnoface.com.br\/?p=7334"},"modified":"2022-05-03T00:07:52","modified_gmt":"2022-05-03T03:07:52","slug":"alexandre-de-moraes-se-declara-impedido-de-julgar-allan-dos-santos","status":"publish","type":"post","link":"https:\/\/noticiasnoface.com.br\/index.php\/2022\/05\/03\/alexandre-de-moraes-se-declara-impedido-de-julgar-allan-dos-santos\/","title":{"rendered":"Alexandre de Moraes se declara impedido de julgar ALLAN dos santos!"},"content":{"rendered":"\n<figure class=\"wp-block-image size-large\"><img data-opt-id=1453342482  fetchpriority=\"high\" decoding=\"async\" width=\"739\" height=\"415\" src=\"https:\/\/mlbfrsat7ahr.i.optimole.com\/w:auto\/h:auto\/q:mauto\/ig:avif\/https:\/\/noticiasnoface.com.br\/wp-content\/uploads\/2022\/05\/img_3158.jpg\" alt=\"\" class=\"wp-image-7333\" srcset=\"https:\/\/mlbfrsat7ahr.i.optimole.com\/w:739\/h:415\/q:mauto\/ig:avif\/https:\/\/noticiasnoface.com.br\/wp-content\/uploads\/2022\/05\/img_3158.jpg 739w, https:\/\/mlbfrsat7ahr.i.optimole.com\/w:300\/h:168\/q:mauto\/ig:avif\/https:\/\/noticiasnoface.com.br\/wp-content\/uploads\/2022\/05\/img_3158.jpg 300w\" sizes=\"(max-width: 739px) 100vw, 739px\" \/><figcaption>Corte analisa a\u00e7\u00e3o para suspender um pedido de pris\u00e3o do jornalista<br>Na \u00faltima semana, o <a class=\"st_tag internal_tag \" href=\"https:\/\/www.contrafatos.com.br\/tag\/supremo\/\" target=\"_blank\" rel=\"noopener\">Supremo<\/a> Tribunal Federal (STF) come\u00e7ou o julgamento de um pedido para suspender uma decis\u00e3o do ministro Alexandre de Moraes que determinou a pris\u00e3o do jornalista Allan dos Santos. E em manifesta\u00e7\u00e3o dada no julgamento, Moraes se declarou impedido para votar o pedido. <br><br><br>O  pedido de pris\u00e3o de Allan dos Santos, que mora nos <a class=\"st_tag internal_tag \" href=\"https:\/\/www.contrafatos.com.br\/tag\/estados-unidos\/\" target=\"_blank\" rel=\"noopener\">Estados Unidos<\/a> desde 2020, foi estipulado no final de 2021 pelo pr\u00f3prio Moraes. Al\u00e9m disso, o ministro tamb\u00e9m determinou a extradi\u00e7\u00e3o do jornalista. Ele atendeu a uma solicita\u00e7\u00e3o da Pol\u00edcia Federal (PF). De acordo com o ministro, o \u00f3rg\u00e3o \u201capresentou ind\u00edcios fortes, plaus\u00edveis e razo\u00e1veis da vincula\u00e7\u00e3o do representado Allan Lopes dos Santos \u00e0 pr\u00e1tica de diversos crimes\u201d.<br><br><br>O primeiro a votar foi o ministro Edson Fachin, relator do caso. Ele negou o pedido da defesa.<\/figcaption><\/figure>\n","protected":false},"excerpt":{"rendered":"","protected":false},"author":1,"featured_media":0,"comment_status":"open","ping_status":"open","sticky":false,"template":"","format":"standard","meta":{"site-sidebar-layout":"default","site-content-layout":"","ast-site-content-layout":"default","site-content-style":"default","site-sidebar-style":"default","ast-global-header-display":"","ast-banner-title-visibility":"","ast-main-header-display":"","ast-hfb-above-header-display":"","ast-hfb-below-header-display":"","ast-hfb-mobile-header-display":"","site-post-title":"","ast-breadcrumbs-content":"","ast-featured-img":"","footer-sml-layout":"","ast-disable-related-posts":"","theme-transparent-header-meta":"","adv-header-id-meta":"","stick-header-meta":"","header-above-stick-meta":"","header-main-stick-meta":"","header-below-stick-meta":"","astra-migrate-meta-layouts":"default","ast-page-background-enabled":"default","ast-page-background-meta":{"desktop":{"background-color":"var(--ast-global-color-4)","background-image":"","background-repeat":"repeat","background-position":"center center","background-size":"auto","background-attachment":"scroll","background-type":"","background-media":"","overlay-type":"","overlay-color":"","overlay-opacity":"","overlay-gradient":""},"tablet":{"background-color":"","background-image":"","background-repeat":"repeat","background-position":"center center","background-size":"auto","background-attachment":"scroll","background-type":"","background-media":"","overlay-type":"","overlay-color":"","overlay-opacity":"","overlay-gradient":""},"mobile":{"background-color":"","background-image":"","background-repeat":"repeat","background-position":"center center","background-size":"auto","background-attachment":"scroll","background-type":"","background-media":"","overlay-type":"","overlay-color":"","overlay-opacity":"","overlay-gradient":""}},"ast-content-background-meta":{"desktop":{"background-color":"var(--ast-global-color-5)","background-image":"","background-repeat":"repeat","background-position":"center center","background-size":"auto","background-attachment":"scroll","background-type":"","background-media":"","overlay-type":"","overlay-color":"","overlay-opacity":"","overlay-gradient":""},"tablet":{"background-color":"var(--ast-global-color-5)","background-image":"","background-repeat":"repeat","background-position":"center center","background-size":"auto","background-attachment":"scroll","background-type":"","background-media":"","overlay-type":"","overlay-color":"","overlay-opacity":"","overlay-gradient":""},"mobile":{"background-color":"var(--ast-global-color-5)","background-image":"","background-repeat":"repeat","background-position":"center center","background-size":"auto","background-attachment":"scroll","background-type":"","background-media":"","overlay-type":"","overlay-color":"","overlay-opacity":"","overlay-gradient":""}},"footnotes":""},"categories":[517],"tags":[760,126,50,6],"class_list":["post-7334","post","type-post","status-publish","format-standard","hentry","category-aconteceu","tag-allan-dos-santos","tag-ministro-alexandre-de-moraes","tag-noticias-do-face","tag-stf"],"_links":{"self":[{"href":"https:\/\/noticiasnoface.com.br\/index.php\/wp-json\/wp\/v2\/posts\/7334","targetHints":{"allow":["GET"]}}],"collection":[{"href":"https:\/\/noticiasnoface.com.br\/index.php\/wp-json\/wp\/v2\/posts"}],"about":[{"href":"https:\/\/noticiasnoface.com.br\/index.php\/wp-json\/wp\/v2\/types\/post"}],"author":[{"embeddable":true,"href":"https:\/\/noticiasnoface.com.br\/index.php\/wp-json\/wp\/v2\/users\/1"}],"replies":[{"embeddable":true,"href":"https:\/\/noticiasnoface.com.br\/index.php\/wp-json\/wp\/v2\/comments?post=7334"}],"version-history":[{"count":1,"href":"https:\/\/noticiasnoface.com.br\/index.php\/wp-json\/wp\/v2\/posts\/7334\/revisions"}],"predecessor-version":[{"id":7335,"href":"https:\/\/noticiasnoface.com.br\/index.php\/wp-json\/wp\/v2\/posts\/7334\/revisions\/7335"}],"wp:attachment":[{"href":"https:\/\/noticiasnoface.com.br\/index.php\/wp-json\/wp\/v2\/media?parent=7334"}],"wp:term":[{"taxonomy":"category","embeddable":true,"href":"https:\/\/noticiasnoface.com.br\/index.php\/wp-json\/wp\/v2\/categories?post=7334"},{"taxonomy":"post_tag","embeddable":true,"href":"https:\/\/noticiasnoface.com.br\/index.php\/wp-json\/wp\/v2\/tags?post=7334"}],"curies":[{"name":"wp","href":"https:\/\/api.w.org\/{rel}","templated":true}]}}