{"id":7340,"date":"2022-05-03T09:15:53","date_gmt":"2022-05-03T12:15:53","guid":{"rendered":"https:\/\/noticiasnoface.com.br\/?p=7340"},"modified":"2022-05-03T09:22:22","modified_gmt":"2022-05-03T12:22:22","slug":"30-mil-empresas-fecharam-no-rn-na-gestao-da-governadora-do-pt","status":"publish","type":"post","link":"https:\/\/noticiasnoface.com.br\/index.php\/2022\/05\/03\/30-mil-empresas-fecharam-no-rn-na-gestao-da-governadora-do-pt\/","title":{"rendered":"30 mil empresas fecharam no RN na gest\u00e3o da governadora do PT"},"content":{"rendered":"\n<figure class=\"wp-block-image size-large\"><img data-opt-id=174212548  fetchpriority=\"high\" decoding=\"async\" width=\"2048\" height=\"1945\" src=\"https:\/\/mlbfrsat7ahr.i.optimole.com\/w:auto\/h:auto\/q:mauto\/ig:avif\/https:\/\/noticiasnoface.com.br\/wp-content\/uploads\/2022\/05\/photo-output-1-1.jpg\" alt=\"\" class=\"wp-image-7345\" srcset=\"https:\/\/mlbfrsat7ahr.i.optimole.com\/w:1137\/h:1080\/q:mauto\/ig:avif\/https:\/\/noticiasnoface.com.br\/wp-content\/uploads\/2022\/05\/photo-output-1-1.jpg 2048w, https:\/\/mlbfrsat7ahr.i.optimole.com\/w:300\/h:285\/q:mauto\/ig:avif\/https:\/\/noticiasnoface.com.br\/wp-content\/uploads\/2022\/05\/photo-output-1-1.jpg 300w, https:\/\/mlbfrsat7ahr.i.optimole.com\/w:1024\/h:973\/q:mauto\/ig:avif\/https:\/\/noticiasnoface.com.br\/wp-content\/uploads\/2022\/05\/photo-output-1-1.jpg 1024w, https:\/\/mlbfrsat7ahr.i.optimole.com\/w:768\/h:729\/q:mauto\/ig:avif\/https:\/\/noticiasnoface.com.br\/wp-content\/uploads\/2022\/05\/photo-output-1-1.jpg 768w, https:\/\/mlbfrsat7ahr.i.optimole.com\/w:1136\/h:1080\/q:mauto\/ig:avif\/https:\/\/noticiasnoface.com.br\/wp-content\/uploads\/2022\/05\/photo-output-1-1.jpg 1536w\" sizes=\"(max-width: 1000px) 100vw, 1000px\" \/><figcaption>O presidente da Fecom\u00e9rcio RN, Marcelo Queiroz dA Federa\u00e7\u00e3o do Com\u00e9rcio de Bens, Servi\u00e7os e Turismo (Fecom\u00e9rcio RN) divulgou um levantamento que mostra o impacto da pandemia de covid-19 nos perfis dos neg\u00f3cios no Rio Grande do Norte.<br \/><br \/>De 2020 a 2021 , o saldo entre fechamento e aberturas das empresas de maior porte (aquelas com faturamento acima de R$ 4,8 milh\u00f5es\/ano) \u00e9 negativo -10 mil empresas. O setor de Servi\u00e7os teve o maior impacto do per\u00edodo, com cerca de 20 mil empresas fechadas no estado, mais que o dobro do segmento de Com\u00e9rcio, onde cerca de 10 mil empresas deixaram de existir<br \/><br \/>Um desastre, 9.869 neg\u00f3cios e 20 mil empresas de servi\u00e7os fecharam as portas no RN em dois anos por falta de apoio do governo do Estado. A pol\u00edtica devastadora da governadora do PT no Rn, obrigando a fechar as empresas por meses, devastou empresas e gerou milhares de desempregados. Hoje temos um quadro cr\u00edtico e sem perspectiva de solu\u00e7\u00e3o com o governo atual.<\/figcaption><\/figure>\n","protected":false},"excerpt":{"rendered":"","protected":false},"author":1,"featured_media":0,"comment_status":"open","ping_status":"open","sticky":false,"template":"","format":"standard","meta":{"site-sidebar-layout":"default","site-content-layout":"","ast-site-content-layout":"default","site-content-style":"default","site-sidebar-style":"default","ast-global-header-display":"","ast-banner-title-visibility":"","ast-main-header-display":"","ast-hfb-above-header-display":"","ast-hfb-below-header-display":"","ast-hfb-mobile-header-display":"","site-post-title":"","ast-breadcrumbs-content":"","ast-featured-img":"","footer-sml-layout":"","ast-disable-related-posts":"","theme-transparent-header-meta":"","adv-header-id-meta":"","stick-header-meta":"","header-above-stick-meta":"","header-main-stick-meta":"","header-below-stick-meta":"","astra-migrate-meta-layouts":"default","ast-page-background-enabled":"default","ast-page-background-meta":{"desktop":{"background-color":"var(--ast-global-color-4)","background-image":"","background-repeat":"repeat","background-position":"center center","background-size":"auto","background-attachment":"scroll","background-type":"","background-media":"","overlay-type":"","overlay-color":"","overlay-opacity":"","overlay-gradient":""},"tablet":{"background-color":"","background-image":"","background-repeat":"repeat","background-position":"center center","background-size":"auto","background-attachment":"scroll","background-type":"","background-media":"","overlay-type":"","overlay-color":"","overlay-opacity":"","overlay-gradient":""},"mobile":{"background-color":"","background-image":"","background-repeat":"repeat","background-position":"center center","background-size":"auto","background-attachment":"scroll","background-type":"","background-media":"","overlay-type":"","overlay-color":"","overlay-opacity":"","overlay-gradient":""}},"ast-content-background-meta":{"desktop":{"background-color":"var(--ast-global-color-5)","background-image":"","background-repeat":"repeat","background-position":"center center","background-size":"auto","background-attachment":"scroll","background-type":"","background-media":"","overlay-type":"","overlay-color":"","overlay-opacity":"","overlay-gradient":""},"tablet":{"background-color":"var(--ast-global-color-5)","background-image":"","background-repeat":"repeat","background-position":"center center","background-size":"auto","background-attachment":"scroll","background-type":"","background-media":"","overlay-type":"","overlay-color":"","overlay-opacity":"","overlay-gradient":""},"mobile":{"background-color":"var(--ast-global-color-5)","background-image":"","background-repeat":"repeat","background-position":"center center","background-size":"auto","background-attachment":"scroll","background-type":"","background-media":"","overlay-type":"","overlay-color":"","overlay-opacity":"","overlay-gradient":""}},"footnotes":""},"categories":[517],"tags":[45,762,145,120,50],"class_list":["post-7340","post","type-post","status-publish","format-standard","hentry","category-aconteceu","tag-covid-19","tag-demissao","tag-governadora-do-rn","tag-governo-do-estado","tag-noticias-do-face"],"_links":{"self":[{"href":"https:\/\/noticiasnoface.com.br\/index.php\/wp-json\/wp\/v2\/posts\/7340","targetHints":{"allow":["GET"]}}],"collection":[{"href":"https:\/\/noticiasnoface.com.br\/index.php\/wp-json\/wp\/v2\/posts"}],"about":[{"href":"https:\/\/noticiasnoface.com.br\/index.php\/wp-json\/wp\/v2\/types\/post"}],"author":[{"embeddable":true,"href":"https:\/\/noticiasnoface.com.br\/index.php\/wp-json\/wp\/v2\/users\/1"}],"replies":[{"embeddable":true,"href":"https:\/\/noticiasnoface.com.br\/index.php\/wp-json\/wp\/v2\/comments?post=7340"}],"version-history":[{"count":6,"href":"https:\/\/noticiasnoface.com.br\/index.php\/wp-json\/wp\/v2\/posts\/7340\/revisions"}],"predecessor-version":[{"id":7347,"href":"https:\/\/noticiasnoface.com.br\/index.php\/wp-json\/wp\/v2\/posts\/7340\/revisions\/7347"}],"wp:attachment":[{"href":"https:\/\/noticiasnoface.com.br\/index.php\/wp-json\/wp\/v2\/media?parent=7340"}],"wp:term":[{"taxonomy":"category","embeddable":true,"href":"https:\/\/noticiasnoface.com.br\/index.php\/wp-json\/wp\/v2\/categories?post=7340"},{"taxonomy":"post_tag","embeddable":true,"href":"https:\/\/noticiasnoface.com.br\/index.php\/wp-json\/wp\/v2\/tags?post=7340"}],"curies":[{"name":"wp","href":"https:\/\/api.w.org\/{rel}","templated":true}]}}