{"id":7371,"date":"2022-05-03T19:39:57","date_gmt":"2022-05-03T22:39:57","guid":{"rendered":"https:\/\/noticiasnoface.com.br\/?p=7371"},"modified":"2022-05-03T19:39:58","modified_gmt":"2022-05-03T22:39:58","slug":"bomba-carlos-eduardo-pode-nao-ser-candidato-ao-senado","status":"publish","type":"post","link":"https:\/\/noticiasnoface.com.br\/index.php\/2022\/05\/03\/bomba-carlos-eduardo-pode-nao-ser-candidato-ao-senado\/","title":{"rendered":"BOMBA- Carlos Eduardo pode n\u00e3o ser candidato ao senado"},"content":{"rendered":"\n<figure class=\"wp-block-image size-large\"><img data-opt-id=1796231377  fetchpriority=\"high\" decoding=\"async\" width=\"2048\" height=\"1282\" src=\"https:\/\/mlbfrsat7ahr.i.optimole.com\/w:auto\/h:auto\/q:mauto\/ig:avif\/https:\/\/noticiasnoface.com.br\/wp-content\/uploads\/2022\/05\/photo-output-5.jpg\" alt=\"\" class=\"wp-image-7370\" srcset=\"https:\/\/mlbfrsat7ahr.i.optimole.com\/w:1725\/h:1080\/q:mauto\/ig:avif\/https:\/\/noticiasnoface.com.br\/wp-content\/uploads\/2022\/05\/photo-output-5.jpg 2048w, https:\/\/mlbfrsat7ahr.i.optimole.com\/w:300\/h:188\/q:mauto\/ig:avif\/https:\/\/noticiasnoface.com.br\/wp-content\/uploads\/2022\/05\/photo-output-5.jpg 300w, https:\/\/mlbfrsat7ahr.i.optimole.com\/w:1024\/h:641\/q:mauto\/ig:avif\/https:\/\/noticiasnoface.com.br\/wp-content\/uploads\/2022\/05\/photo-output-5.jpg 1024w, https:\/\/mlbfrsat7ahr.i.optimole.com\/w:768\/h:481\/q:mauto\/ig:avif\/https:\/\/noticiasnoface.com.br\/wp-content\/uploads\/2022\/05\/photo-output-5.jpg 768w, https:\/\/mlbfrsat7ahr.i.optimole.com\/w:1536\/h:962\/q:mauto\/ig:avif\/https:\/\/noticiasnoface.com.br\/wp-content\/uploads\/2022\/05\/photo-output-5.jpg 1536w\" sizes=\"(max-width: 1000px) 100vw, 1000px\" \/><figcaption>Nada t\u00e3o ruim que n\u00e3o possa piorar. A candidatura ao senado de Carlos Eduardo Alves j\u00e1 estava tumultuada, pois ele seria o candidato na chapa junto da governadora do PT. <br><br><br>Com fama de traidor, ingrato, arrogante e n\u00e3o cumpre o que fala, Carlos Eduardo j\u00e1 estava sendo odiado dentro do pr\u00f3prio grupo pol\u00edtico, a prova disso \u00e9 seu derretimento nas pesquisas. <br><br><br>A\u00ed vem o pior, hoje o deputado federal E presidente estadual do PSB Rafael Motta, vendo que n\u00e3o ser\u00e1 reeleito por n\u00e3o ter nominata, anunciou sua candidatura ao senado. Ou seja, o queridinho do PT que antes era aliado agora passa a ser advers\u00e1rio. <br><br><br>E o jogo \u00e9 simples, Rafael Motta s\u00f3 retira candidatura ao senado se for  para ser candidato ao senado junto com a governadora, tirando completamente Carlos Eduardo do jogo. <br><br>Carlos Eduardo que \u00e9 odiado por todos, n\u00e3o tem ningu\u00e9m que interceda por ele e pode n\u00e3o ter mais nada a fazer que desistir do sonho de ser senador. <br><br><br>Enquanto isso Rog\u00e9rio Marinho e F\u00e1bio Dantas decolam. <\/figcaption><\/figure>\n","protected":false},"excerpt":{"rendered":"","protected":false},"author":1,"featured_media":0,"comment_status":"open","ping_status":"open","sticky":false,"template":"","format":"standard","meta":{"site-sidebar-layout":"default","site-content-layout":"","ast-site-content-layout":"default","site-content-style":"default","site-sidebar-style":"default","ast-global-header-display":"","ast-banner-title-visibility":"","ast-main-header-display":"","ast-hfb-above-header-display":"","ast-hfb-below-header-display":"","ast-hfb-mobile-header-display":"","site-post-title":"","ast-breadcrumbs-content":"","ast-featured-img":"","footer-sml-layout":"","ast-disable-related-posts":"","theme-transparent-header-meta":"","adv-header-id-meta":"","stick-header-meta":"","header-above-stick-meta":"","header-main-stick-meta":"","header-below-stick-meta":"","astra-migrate-meta-layouts":"default","ast-page-background-enabled":"default","ast-page-background-meta":{"desktop":{"background-color":"var(--ast-global-color-4)","background-image":"","background-repeat":"repeat","background-position":"center center","background-size":"auto","background-attachment":"scroll","background-type":"","background-media":"","overlay-type":"","overlay-color":"","overlay-opacity":"","overlay-gradient":""},"tablet":{"background-color":"","background-image":"","background-repeat":"repeat","background-position":"center center","background-size":"auto","background-attachment":"scroll","background-type":"","background-media":"","overlay-type":"","overlay-color":"","overlay-opacity":"","overlay-gradient":""},"mobile":{"background-color":"","background-image":"","background-repeat":"repeat","background-position":"center center","background-size":"auto","background-attachment":"scroll","background-type":"","background-media":"","overlay-type":"","overlay-color":"","overlay-opacity":"","overlay-gradient":""}},"ast-content-background-meta":{"desktop":{"background-color":"var(--ast-global-color-5)","background-image":"","background-repeat":"repeat","background-position":"center center","background-size":"auto","background-attachment":"scroll","background-type":"","background-media":"","overlay-type":"","overlay-color":"","overlay-opacity":"","overlay-gradient":""},"tablet":{"background-color":"var(--ast-global-color-5)","background-image":"","background-repeat":"repeat","background-position":"center center","background-size":"auto","background-attachment":"scroll","background-type":"","background-media":"","overlay-type":"","overlay-color":"","overlay-opacity":"","overlay-gradient":""},"mobile":{"background-color":"var(--ast-global-color-5)","background-image":"","background-repeat":"repeat","background-position":"center center","background-size":"auto","background-attachment":"scroll","background-type":"","background-media":"","overlay-type":"","overlay-color":"","overlay-opacity":"","overlay-gradient":""}},"footnotes":""},"categories":[517],"tags":[769,192,50,199,771,770],"class_list":["post-7371","post","type-post","status-publish","format-standard","hentry","category-aconteceu","tag-alves","tag-eleicoes-2022","tag-noticias-do-face","tag-noticiasnoface","tag-psb","tag-rafael-motta"],"_links":{"self":[{"href":"https:\/\/noticiasnoface.com.br\/index.php\/wp-json\/wp\/v2\/posts\/7371","targetHints":{"allow":["GET"]}}],"collection":[{"href":"https:\/\/noticiasnoface.com.br\/index.php\/wp-json\/wp\/v2\/posts"}],"about":[{"href":"https:\/\/noticiasnoface.com.br\/index.php\/wp-json\/wp\/v2\/types\/post"}],"author":[{"embeddable":true,"href":"https:\/\/noticiasnoface.com.br\/index.php\/wp-json\/wp\/v2\/users\/1"}],"replies":[{"embeddable":true,"href":"https:\/\/noticiasnoface.com.br\/index.php\/wp-json\/wp\/v2\/comments?post=7371"}],"version-history":[{"count":1,"href":"https:\/\/noticiasnoface.com.br\/index.php\/wp-json\/wp\/v2\/posts\/7371\/revisions"}],"predecessor-version":[{"id":7372,"href":"https:\/\/noticiasnoface.com.br\/index.php\/wp-json\/wp\/v2\/posts\/7371\/revisions\/7372"}],"wp:attachment":[{"href":"https:\/\/noticiasnoface.com.br\/index.php\/wp-json\/wp\/v2\/media?parent=7371"}],"wp:term":[{"taxonomy":"category","embeddable":true,"href":"https:\/\/noticiasnoface.com.br\/index.php\/wp-json\/wp\/v2\/categories?post=7371"},{"taxonomy":"post_tag","embeddable":true,"href":"https:\/\/noticiasnoface.com.br\/index.php\/wp-json\/wp\/v2\/tags?post=7371"}],"curies":[{"name":"wp","href":"https:\/\/api.w.org\/{rel}","templated":true}]}}