{"id":7380,"date":"2022-05-03T23:54:05","date_gmt":"2022-05-04T02:54:05","guid":{"rendered":"https:\/\/noticiasnoface.com.br\/?p=7380"},"modified":"2022-05-04T00:03:45","modified_gmt":"2022-05-04T03:03:45","slug":"acusado-de-estupro-mendigo-da-depoimento-a-policia-no-df","status":"publish","type":"post","link":"https:\/\/noticiasnoface.com.br\/index.php\/2022\/05\/03\/acusado-de-estupro-mendigo-da-depoimento-a-policia-no-df\/","title":{"rendered":"Acusado de estupro, mendigo da depoimento a pol\u00edcia no DF"},"content":{"rendered":"\n<figure class=\"wp-block-image size-large\"><img data-opt-id=1534851273  fetchpriority=\"high\" decoding=\"async\" width=\"631\" height=\"420\" src=\"https:\/\/mlbfrsat7ahr.i.optimole.com\/w:auto\/h:auto\/q:mauto\/ig:avif\/https:\/\/noticiasnoface.com.br\/wp-content\/uploads\/2022\/05\/img_3251.jpg\" alt=\"\" class=\"wp-image-7379\" srcset=\"https:\/\/mlbfrsat7ahr.i.optimole.com\/w:631\/h:420\/q:mauto\/ig:avif\/https:\/\/noticiasnoface.com.br\/wp-content\/uploads\/2022\/05\/img_3251.jpg 631w, https:\/\/mlbfrsat7ahr.i.optimole.com\/w:300\/h:200\/q:mauto\/ig:avif\/https:\/\/noticiasnoface.com.br\/wp-content\/uploads\/2022\/05\/img_3251.jpg 300w\" sizes=\"(max-width: 631px) 100vw, 631px\" \/><figcaption><a href=\"https:\/\/noticias.r7.com\/brasilia\/homem-flagra-mulher-e-espanca-morador-de-rua-no-df-26042022\" target=\"_blank\" rel=\"noopener\">O ex-morador de rua Givaldo Alves<\/a> prestou nesta ter\u00e7a-feira (3) seu primeiro depoimento \u00e0 Pol\u00edcia Civil no caso em que \u00e9 investigado sob suspeita de crime de estupro de vulner\u00e1vel. <br \/><br \/><br \/><br \/><br \/>Ele se tornou conhecido ap\u00f3s ter sido agredido pelo personal trainer Eduardo Alves, que flagrou a mulher, Sandra Mara Fernandes, fazendo sexo dentro de um carro com Givaldo em Planaltina, no Distrito Federal. Segundo laudo obtido pelo <strong>R7<\/strong>, ela estava em surto psic\u00f3tico. <br \/><br \/><br \/><br \/><br \/>Ele foi recebido na delegacia por uma promotora de Justi\u00e7a que o informou de uma decis\u00e3o judicial que o impede de falar o nome de Sandra Fernandes. <br \/><br \/><br \/><br \/><br \/>A defesa de Givaldo afirmou que o ex-morador de rua tamb\u00e9m est\u00e1 na posi\u00e7\u00e3o de v\u00edtima, uma vez que sofreu agress\u00f5es do personal trainer. <br \/><br \/><br \/><br \/>Os advogados dele disseram ainda que, caso as entrevistas concedidas por Sandra tenham exposto pontos sens\u00edveis, medidas judiciais cab\u00edveis poder\u00e3o ser tomadas.<\/figcaption><\/figure>\n\n\n\n<h2 class=\"wp-block-heading\">De mendigo a celebridade <\/h2>\n\n\n\n<p>Desde que <a href=\"https:\/\/noticias.r7.com\/brasilia\/de-morador-de-rua-a-subcelebridade-veja-fotos-da-vida-do-ex-sem-teto-26042022\" target=\"_blank\" rel=\"noopener\">ficou conhecido<\/a>, Givaldo vem ostentando uma vida luxuosa nas redes sociais. Durante o Carnaval, ele compareceu ao camarote da Sapuca\u00ed e, em outra ocasi\u00e3o, foi flagrado em carro de luxo, na Barra da Tijuca, no Rio de Janeiro.<\/p>\n\n\n\n<p>Nas redes sociais do empres\u00e1rio Diego Aguiar, tamb\u00e9m conhecido por citar in\u00fameras vezes o perfil do ex-morador de rua, Givaldo aparece ao lado de celebridades e admiradores.<\/p>\n\n\n\n<p>Antes de ter a conta banida pelo Instagram, o ex-morador de rua j\u00e1 acumulava mais de 400 mil seguidores. Diante do bloqueio do perfil, os advogados de Givaldo afirmaram estar preparando uma a\u00e7\u00e3o judicial contra a rede social.<\/p>\n\n\n\n<h2 class=\"wp-block-heading\">Relembre o caso <\/h2>\n\n\n\n<p>Na noite de 9 de mar\u00e7o,&nbsp;<a href=\"https:\/\/noticias.r7.com\/brasilia\/homem-flagra-mulher-e-espanca-morador-de-rua-no-df-26042022\" target=\"_blank\" rel=\"noopener\">o personal trainer Eduardo Alves flagrou a esposa fazendo sexo com Givaldo Souza<\/a>&nbsp;dentro de um carro. O personal espancou o morador de rua por acreditar que a mulher estava sendo v\u00edtima de estupro.<\/p>\n\n\n\n<p>A cena foi filmada por c\u00e2meras de seguran\u00e7a. Diante da gravidade das agress\u00f5es, Givaldo foi levado para o Hospital Regional de Planaltina, onde permaneceu por tr\u00eas dias. Ap\u00f3s a recupera\u00e7\u00e3o, ele foi conduzido a um abrigo em Ceil\u00e2ndia.<\/p>\n\n\n\n<p>Na ocasi\u00e3o, a esposa do personal alegou ter se envolvido na situa\u00e7\u00e3o ap\u00f3s sofrer um surto psic\u00f3tico, segundo o marido. Em seguida, ela foi internada em uma unidade psiqui\u00e1trica p\u00fablica no DF, onde permanece at\u00e9 a publica\u00e7\u00e3o desta reportagem.<\/p>\n","protected":false},"excerpt":{"rendered":"<p>De mendigo a celebridade Desde que ficou conhecido, Givaldo vem ostentando uma vida luxuosa nas redes sociais. Durante o Carnaval, [&hellip;]<\/p>\n","protected":false},"author":1,"featured_media":0,"comment_status":"open","ping_status":"open","sticky":false,"template":"","format":"standard","meta":{"site-sidebar-layout":"default","site-content-layout":"","ast-site-content-layout":"default","site-content-style":"default","site-sidebar-style":"default","ast-global-header-display":"","ast-banner-title-visibility":"","ast-main-header-display":"","ast-hfb-above-header-display":"","ast-hfb-below-header-display":"","ast-hfb-mobile-header-display":"","site-post-title":"","ast-breadcrumbs-content":"","ast-featured-img":"","footer-sml-layout":"","ast-disable-related-posts":"","theme-transparent-header-meta":"","adv-header-id-meta":"","stick-header-meta":"","header-above-stick-meta":"","header-main-stick-meta":"","header-below-stick-meta":"","astra-migrate-meta-layouts":"default","ast-page-background-enabled":"default","ast-page-background-meta":{"desktop":{"background-color":"var(--ast-global-color-4)","background-image":"","background-repeat":"repeat","background-position":"center center","background-size":"auto","background-attachment":"scroll","background-type":"","background-media":"","overlay-type":"","overlay-color":"","overlay-opacity":"","overlay-gradient":""},"tablet":{"background-color":"","background-image":"","background-repeat":"repeat","background-position":"center center","background-size":"auto","background-attachment":"scroll","background-type":"","background-media":"","overlay-type":"","overlay-color":"","overlay-opacity":"","overlay-gradient":""},"mobile":{"background-color":"","background-image":"","background-repeat":"repeat","background-position":"center center","background-size":"auto","background-attachment":"scroll","background-type":"","background-media":"","overlay-type":"","overlay-color":"","overlay-opacity":"","overlay-gradient":""}},"ast-content-background-meta":{"desktop":{"background-color":"var(--ast-global-color-5)","background-image":"","background-repeat":"repeat","background-position":"center center","background-size":"auto","background-attachment":"scroll","background-type":"","background-media":"","overlay-type":"","overlay-color":"","overlay-opacity":"","overlay-gradient":""},"tablet":{"background-color":"var(--ast-global-color-5)","background-image":"","background-repeat":"repeat","background-position":"center center","background-size":"auto","background-attachment":"scroll","background-type":"","background-media":"","overlay-type":"","overlay-color":"","overlay-opacity":"","overlay-gradient":""},"mobile":{"background-color":"var(--ast-global-color-5)","background-image":"","background-repeat":"repeat","background-position":"center center","background-size":"auto","background-attachment":"scroll","background-type":"","background-media":"","overlay-type":"","overlay-color":"","overlay-opacity":"","overlay-gradient":""}},"footnotes":""},"categories":[517],"tags":[],"class_list":["post-7380","post","type-post","status-publish","format-standard","hentry","category-aconteceu"],"_links":{"self":[{"href":"https:\/\/noticiasnoface.com.br\/index.php\/wp-json\/wp\/v2\/posts\/7380","targetHints":{"allow":["GET"]}}],"collection":[{"href":"https:\/\/noticiasnoface.com.br\/index.php\/wp-json\/wp\/v2\/posts"}],"about":[{"href":"https:\/\/noticiasnoface.com.br\/index.php\/wp-json\/wp\/v2\/types\/post"}],"author":[{"embeddable":true,"href":"https:\/\/noticiasnoface.com.br\/index.php\/wp-json\/wp\/v2\/users\/1"}],"replies":[{"embeddable":true,"href":"https:\/\/noticiasnoface.com.br\/index.php\/wp-json\/wp\/v2\/comments?post=7380"}],"version-history":[{"count":2,"href":"https:\/\/noticiasnoface.com.br\/index.php\/wp-json\/wp\/v2\/posts\/7380\/revisions"}],"predecessor-version":[{"id":7382,"href":"https:\/\/noticiasnoface.com.br\/index.php\/wp-json\/wp\/v2\/posts\/7380\/revisions\/7382"}],"wp:attachment":[{"href":"https:\/\/noticiasnoface.com.br\/index.php\/wp-json\/wp\/v2\/media?parent=7380"}],"wp:term":[{"taxonomy":"category","embeddable":true,"href":"https:\/\/noticiasnoface.com.br\/index.php\/wp-json\/wp\/v2\/categories?post=7380"},{"taxonomy":"post_tag","embeddable":true,"href":"https:\/\/noticiasnoface.com.br\/index.php\/wp-json\/wp\/v2\/tags?post=7380"}],"curies":[{"name":"wp","href":"https:\/\/api.w.org\/{rel}","templated":true}]}}