{"id":7387,"date":"2022-05-04T08:57:06","date_gmt":"2022-05-04T11:57:06","guid":{"rendered":"https:\/\/noticiasnoface.com.br\/?p=7387"},"modified":"2022-05-04T08:57:06","modified_gmt":"2022-05-04T11:57:06","slug":"daniela-mercury-mentiu-ela-recebeu-100-mil-de-dinheiro-publico-para-gritar-lula","status":"publish","type":"post","link":"https:\/\/noticiasnoface.com.br\/index.php\/2022\/05\/04\/daniela-mercury-mentiu-ela-recebeu-100-mil-de-dinheiro-publico-para-gritar-lula\/","title":{"rendered":"Daniela Mercury mentiu, ela recebeu 100 mil de dinheiro p\u00fablico para gritar \u201cLula\u201d"},"content":{"rendered":"\n<figure class=\"wp-block-image size-large\"><img data-opt-id=1054611510  fetchpriority=\"high\" decoding=\"async\" width=\"1280\" height=\"720\" src=\"https:\/\/mlbfrsat7ahr.i.optimole.com\/w:auto\/h:auto\/q:mauto\/ig:avif\/https:\/\/noticiasnoface.com.br\/wp-content\/uploads\/2022\/05\/img_3264.jpg\" alt=\"\" class=\"wp-image-7386\" srcset=\"https:\/\/mlbfrsat7ahr.i.optimole.com\/w:1280\/h:720\/q:mauto\/ig:avif\/https:\/\/noticiasnoface.com.br\/wp-content\/uploads\/2022\/05\/img_3264.jpg 1280w, https:\/\/mlbfrsat7ahr.i.optimole.com\/w:300\/h:169\/q:mauto\/ig:avif\/https:\/\/noticiasnoface.com.br\/wp-content\/uploads\/2022\/05\/img_3264.jpg 300w, https:\/\/mlbfrsat7ahr.i.optimole.com\/w:1024\/h:576\/q:mauto\/ig:avif\/https:\/\/noticiasnoface.com.br\/wp-content\/uploads\/2022\/05\/img_3264.jpg 1024w, https:\/\/mlbfrsat7ahr.i.optimole.com\/w:768\/h:432\/q:mauto\/ig:avif\/https:\/\/noticiasnoface.com.br\/wp-content\/uploads\/2022\/05\/img_3264.jpg 768w, https:\/\/mlbfrsat7ahr.i.optimole.com\/w:800\/h:450\/q:mauto\/ig:avif\/https:\/\/noticiasnoface.com.br\/wp-content\/uploads\/2022\/05\/img_3264.jpg 800w\" sizes=\"(max-width: 1000px) 100vw, 1000px\" \/><figcaption>Ap\u00f3s dizer que fazia shows a favor de Lula de gra\u00e7a, a cantora foi desmentida, recebeu 100 mil pelo show pago pela prefeitura de S\u00e3o Paulo! <\/figcaption><\/figure>\n\n\n\n<h2 class=\"wp-block-heading\">Mentirosa <\/h2>\n\n\n\n<p>Parece mentira, mas n\u00e3o \u00e9. O Di\u00e1rio Oficial da Prefeitura de S\u00e3o Paulo, desta ter\u00e7a-feira (3), comprovou que a gest\u00e3o municipal pagou a &#8220;bagatela&#8221; de R$ 100 mil para a cantora baiana Daniela Mercury se apresentar no com\u00edcio do pr\u00e9-candidato \u00e0 presid\u00eancia do Brasil, Lula (PT).<\/p>\n\n\n\n<p>O show ocorreu no \u00faltimo domingo (1\u00ba), feriado do Dia do Trabalho, na capital paulista e n\u00e3o teve muita ades\u00e3o do p\u00fablico. \u00c9 que, distante dali, havia uma mega manifesta\u00e7\u00e3o em favor do atual presidente Jair Bolsonaro (PL), que ocupou toda a avenida paulista e transversais.<\/p>\n\n\n\n<p>A advogada Fl\u00e1via Ferronato compartilhou nas redes sociais parte do Di\u00e1rio Oficial e comprovou que o prefeito Ricardo Nunes (MDB) pagou n\u00e3o s\u00f3 pelo show da artista como por todos os outros idealizados por centrais sindicais.<\/p>\n\n\n\n<blockquote class=\"wp-block-quote is-layout-flow wp-block-quote-is-layout-flow\"><p>&#8211; N\u00e3o foi s\u00f3 o show da Daniela Mercury que foi pago com o dinheiro da prefeitura de S\u00e3o Paulo. Todos os hows promovidos pelas Centrais Sindicais no Pacaembu, com exce\u00e7\u00e3o da Leci brand\u00e3o, foram pagos com dinheiro do povo de S\u00e3o Paulo &#8211; denunciou a influencer.<\/p><\/blockquote>\n\n\n\n<p>Quem tamb\u00e9m comentou o caso no Twitter foi a deputada estadual Jana\u00edna Paschoal. Na web, ela perguntou:<\/p>\n\n\n\n<blockquote class=\"wp-block-quote is-layout-flow wp-block-quote-is-layout-flow\"><p>&#8211; Como reagiriam as institui\u00e7\u00f5es, se a Prefeitura de S\u00e3o Paulo tivesse contratado uma artista para cantar no caminh\u00e3o dos atos pr\u00f3-liberdade, identificados com Bolsonaro, na Avenida Paulista? Seja sob o ponto de vista da legisla\u00e7\u00e3o eleitoral, seja sob o aspecto administrativo&#8230; &#8211; questionou.<\/p><\/blockquote>\n","protected":false},"excerpt":{"rendered":"<p>Mentirosa Parece mentira, mas n\u00e3o \u00e9. O Di\u00e1rio Oficial da Prefeitura de S\u00e3o Paulo, desta ter\u00e7a-feira (3), comprovou que a [&hellip;]<\/p>\n","protected":false},"author":1,"featured_media":0,"comment_status":"open","ping_status":"open","sticky":false,"template":"","format":"standard","meta":{"site-sidebar-layout":"default","site-content-layout":"","ast-site-content-layout":"default","site-content-style":"default","site-sidebar-style":"default","ast-global-header-display":"","ast-banner-title-visibility":"","ast-main-header-display":"","ast-hfb-above-header-display":"","ast-hfb-below-header-display":"","ast-hfb-mobile-header-display":"","site-post-title":"","ast-breadcrumbs-content":"","ast-featured-img":"","footer-sml-layout":"","ast-disable-related-posts":"","theme-transparent-header-meta":"","adv-header-id-meta":"","stick-header-meta":"","header-above-stick-meta":"","header-main-stick-meta":"","header-below-stick-meta":"","astra-migrate-meta-layouts":"default","ast-page-background-enabled":"default","ast-page-background-meta":{"desktop":{"background-color":"var(--ast-global-color-4)","background-image":"","background-repeat":"repeat","background-position":"center center","background-size":"auto","background-attachment":"scroll","background-type":"","background-media":"","overlay-type":"","overlay-color":"","overlay-opacity":"","overlay-gradient":""},"tablet":{"background-color":"","background-image":"","background-repeat":"repeat","background-position":"center center","background-size":"auto","background-attachment":"scroll","background-type":"","background-media":"","overlay-type":"","overlay-color":"","overlay-opacity":"","overlay-gradient":""},"mobile":{"background-color":"","background-image":"","background-repeat":"repeat","background-position":"center center","background-size":"auto","background-attachment":"scroll","background-type":"","background-media":"","overlay-type":"","overlay-color":"","overlay-opacity":"","overlay-gradient":""}},"ast-content-background-meta":{"desktop":{"background-color":"var(--ast-global-color-5)","background-image":"","background-repeat":"repeat","background-position":"center center","background-size":"auto","background-attachment":"scroll","background-type":"","background-media":"","overlay-type":"","overlay-color":"","overlay-opacity":"","overlay-gradient":""},"tablet":{"background-color":"var(--ast-global-color-5)","background-image":"","background-repeat":"repeat","background-position":"center center","background-size":"auto","background-attachment":"scroll","background-type":"","background-media":"","overlay-type":"","overlay-color":"","overlay-opacity":"","overlay-gradient":""},"mobile":{"background-color":"var(--ast-global-color-5)","background-image":"","background-repeat":"repeat","background-position":"center center","background-size":"auto","background-attachment":"scroll","background-type":"","background-media":"","overlay-type":"","overlay-color":"","overlay-opacity":"","overlay-gradient":""}},"footnotes":""},"categories":[517],"tags":[774,317,50,224,277],"class_list":["post-7387","post","type-post","status-publish","format-standard","hentry","category-aconteceu","tag-daniela-mercury","tag-eleicoes","tag-noticias-do-face","tag-sao-paulo","tag-show"],"_links":{"self":[{"href":"https:\/\/noticiasnoface.com.br\/index.php\/wp-json\/wp\/v2\/posts\/7387","targetHints":{"allow":["GET"]}}],"collection":[{"href":"https:\/\/noticiasnoface.com.br\/index.php\/wp-json\/wp\/v2\/posts"}],"about":[{"href":"https:\/\/noticiasnoface.com.br\/index.php\/wp-json\/wp\/v2\/types\/post"}],"author":[{"embeddable":true,"href":"https:\/\/noticiasnoface.com.br\/index.php\/wp-json\/wp\/v2\/users\/1"}],"replies":[{"embeddable":true,"href":"https:\/\/noticiasnoface.com.br\/index.php\/wp-json\/wp\/v2\/comments?post=7387"}],"version-history":[{"count":1,"href":"https:\/\/noticiasnoface.com.br\/index.php\/wp-json\/wp\/v2\/posts\/7387\/revisions"}],"predecessor-version":[{"id":7388,"href":"https:\/\/noticiasnoface.com.br\/index.php\/wp-json\/wp\/v2\/posts\/7387\/revisions\/7388"}],"wp:attachment":[{"href":"https:\/\/noticiasnoface.com.br\/index.php\/wp-json\/wp\/v2\/media?parent=7387"}],"wp:term":[{"taxonomy":"category","embeddable":true,"href":"https:\/\/noticiasnoface.com.br\/index.php\/wp-json\/wp\/v2\/categories?post=7387"},{"taxonomy":"post_tag","embeddable":true,"href":"https:\/\/noticiasnoface.com.br\/index.php\/wp-json\/wp\/v2\/tags?post=7387"}],"curies":[{"name":"wp","href":"https:\/\/api.w.org\/{rel}","templated":true}]}}