{"id":7391,"date":"2022-05-04T10:49:11","date_gmt":"2022-05-04T13:49:11","guid":{"rendered":"https:\/\/noticiasnoface.com.br\/?p=7391"},"modified":"2022-05-04T10:49:12","modified_gmt":"2022-05-04T13:49:12","slug":"kajuru-vira-reu-em-seis-processos-no-stf-sera-o-proximo","status":"publish","type":"post","link":"https:\/\/noticiasnoface.com.br\/index.php\/2022\/05\/04\/kajuru-vira-reu-em-seis-processos-no-stf-sera-o-proximo\/","title":{"rendered":"Kajuru vira r\u00e9u em seis processos no STF, ser\u00e1 o pr\u00f3ximo?"},"content":{"rendered":"\n<figure class=\"wp-block-image size-large\"><img data-opt-id=281483941  fetchpriority=\"high\" decoding=\"async\" width=\"739\" height=\"415\" src=\"https:\/\/mlbfrsat7ahr.i.optimole.com\/w:auto\/h:auto\/q:mauto\/ig:avif\/https:\/\/noticiasnoface.com.br\/wp-content\/uploads\/2022\/05\/img_3279.jpg\" alt=\"\" class=\"wp-image-7389\" srcset=\"https:\/\/mlbfrsat7ahr.i.optimole.com\/w:739\/h:415\/q:mauto\/ig:avif\/https:\/\/noticiasnoface.com.br\/wp-content\/uploads\/2022\/05\/img_3279.jpg 739w, https:\/\/mlbfrsat7ahr.i.optimole.com\/w:300\/h:168\/q:mauto\/ig:avif\/https:\/\/noticiasnoface.com.br\/wp-content\/uploads\/2022\/05\/img_3279.jpg 300w\" sizes=\"(max-width: 739px) 100vw, 739px\" \/><figcaption>A Segunda Turma do Supremo Tribunal Federal (STF) decidiu nesta ter\u00e7a-feira (3), por tr\u00eas votos a dois, abrir seis a\u00e7\u00f5es penais contra o senador <a href=\"https:\/\/g1.globo.com\/politica\/politico\/jorge-kajuru\/\" target=\"_blank\" rel=\"noopener\">Jorge Kajuru<\/a> (Podemos-GO) por inj\u00faria e difama\u00e7\u00e3o. <br>Os processos envolvem ataques e ofensas de Kajuru em redes sociais contra o senador Vanderlan Cardoso (PSD-GO) e o ex-deputado <a href=\"https:\/\/g1.globo.com\/tudo-sobre\/alexandre-baldy\/\" target=\"_blank\" rel=\"noopener\">Alexandre Baldy<\/a>.<br><br><br><br><br>A decis\u00e3o dos ministros refor\u00e7a o entendimento de que parlamentares podem ser responsabilizados por manifesta\u00e7\u00f5es em redes sociais caso sejam consideradas ofensivas \u00e0 honra, divulga\u00e7\u00e3o de informa\u00e7\u00f5es falsas, discursos de \u00f3dio e at\u00e9 mesmo incita\u00e7\u00e3o a crimes. <br><br><br><br>Pela Constitui\u00e7\u00e3o, deputados e senadores t\u00eam a chamada imunidade parlamentar, ou seja, n\u00e3o podem ser responsabilizados na Justi\u00e7a, em a\u00e7\u00f5es c\u00edveis e penais, por suas opini\u00f5es, palavras e votos, desde que relacionadas com sua atua\u00e7\u00e3o no Congresso. A medida \u00e9 uma garantia ao exerc\u00edcio do mandato, mas n\u00e3o \u00e9 um direito absoluto. <br><br><br><br><br>A Segunda Turma analisou seis acusa\u00e7\u00f5es contra Kajuru e decidiu abrir a a\u00e7\u00e3o penal. O m\u00e9rito desse processo ainda ser\u00e1 julgado \u2013 o senador pode ser condenado ou inocentado pelas postagens com supostos ataques.<br><br><br><br><br>Segundo os recursos julgados nesta ter\u00e7a, Kajuru se referiu em redes sociais ao senador Vanderlan Cardoso como &#8220;pateta bilion\u00e1rio&#8221;, &#8220;in\u00fatil&#8221;, &#8220;idiota incompetente&#8221;, &#8220;pateta desprez\u00edvel chumbrega&#8221; \u2013 e o acusou de usar o mandato para fazer &#8220;neg\u00f3cio&#8221;. <br><br><br><br>J\u00e1 o ex-deputado <a href=\"https:\/\/g1.globo.com\/tudo-sobre\/alexandre-baldy\/\" target=\"_blank\" rel=\"noopener\">Alexandre Baldy<\/a> foi chamado de &#8220;vigarista&#8221;, &#8220;lixo n\u00e3o recicl\u00e1vel&#8221; e acusado de comandar um esquema de irregularidade em Detrans.<br><br><br><br><br>&#8220;A decis\u00e3o do STF deixa claro que, no caso concreto, houve graves ofensas por parte de <a href=\"https:\/\/g1.globo.com\/politica\/politico\/jorge-kajuru\/\" target=\"_blank\" rel=\"noopener\">Jorge Kajuru<\/a> contra <a href=\"https:\/\/g1.globo.com\/tudo-sobre\/alexandre-baldy\/\" target=\"_blank\" rel=\"noopener\">Alexandre Baldy<\/a>, que nada condizem com o que se espera de um senador. Foram ataques vazios e de m\u00e1 f\u00e9, que configuram crime contra a honra&#8221;, afirmaram em nota os advogados de Baldy, Ticiano Figueiredo e Pedro Ivo Velloso.<br><br><br><br><br>Em nota (<strong>\u00edntegra abaixo<\/strong>), Kajuru disse que recorrer\u00e1 da decis\u00e3o &#8220;por entender que ela \u00e9 absolutamente injusta, contr\u00e1ria \u00e0 consolidada jurisprud\u00eancia do pr\u00f3prio Supremo Tribunal Federal&#8221; e que a decis\u00e3o do tribunal \u00e9 uma &#8220;oportunidade de retalia\u00e7\u00e3o e exerc\u00edcio de vingan\u00e7a&#8221; dos ministros ap\u00f3s o senador ter pedido uma CPI para investigar o STF.<br><br><br><br>Em 2019, o relator dos processos, o ent\u00e3o ministro <a href=\"https:\/\/g1.globo.com\/tudo-sobre\/celso-de-mello\/\" target=\"_blank\" rel=\"noopener\">Celso de Mello<\/a> arquivou os casos porque considerou que as manifesta\u00e7\u00f5es t\u00eam rela\u00e7\u00e3o com a a\u00e7\u00e3o parlamentar, independentemente dos locais onde foram realizadas &#8211; neste caso, em redes sociais.<br>As defesas dos parlamentares alvos das ofensas recorreram, pedindo para manter as a\u00e7\u00f5es. <br><br><br><br><br>O julgamento na Segunda Turma come\u00e7ou em outubro de 2020, com o voto de Mello para manter o arquivamento. Na ocasi\u00e3o, o ministro <a href=\"https:\/\/g1.globo.com\/tudo-sobre\/gilmar-mendes\/\" target=\"_blank\" rel=\"noopener\">Gilmar Mendes<\/a> pediu vista. <br><br><br><br><br>Agora, <strong>os ministros consideraram que a imunidade parlamentar n\u00e3o \u00e9 absoluta<\/strong>. Prevaleceu o voto do ministro <a href=\"https:\/\/g1.globo.com\/tudo-sobre\/gilmar-mendes\/\" target=\"_blank\" rel=\"noopener\">Gilmar Mendes<\/a>. <br>Segundo o ministro, \u201ca liberdade de express\u00e3o est\u00e1 protegida enquanto se assumir como ve\u00edculo da vontade funcional. trata-se de ampla prerrogativa a favor das casas, mas que recomenda certo limites para que n\u00e3o transborde em privil\u00e9gio ou resulte em impunidade\u201d.<br><br><br><br><br><a href=\"https:\/\/g1.globo.com\/tudo-sobre\/gilmar-mendes\/\" target=\"_blank\" rel=\"noopener\">Gilmar Mendes<\/a> ressaltou que as imunidades n\u00e3o s\u00e3o privil\u00e9gio do deputado e sanador, mas atributos inerentes do cargo legislativo. \u201cEmbora garanta ampla liberdade [de express\u00e3o], no caso de abuso e usos fraudulentos, criminosos ou para incitar pr\u00e1tica de delitos pode-se concluir pela n\u00e3o incid\u00eancia da imunidade\u201d, afirmou o ministro.<br><br><br><br><br><br>O voto do ministro foi seguido por<a href=\"https:\/\/g1.globo.com\/tudo-sobre\/luiz-edson-fachin\/\" target=\"_blank\" rel=\"noopener\"> Edson Fachin<\/a> e <a href=\"https:\/\/g1.globo.com\/tudo-sobre\/ricardo-lewandowski\/\" target=\"_blank\" rel=\"noopener\">Ricardo Lewandowski<\/a>. Para Lewandowski, a imunidade parlamentar nunca foi est\u00e1tica. \u201cA liberdade n\u00e3o \u00e9 absoluta. Sempre que houver abuso, \u00e9 dever do Judiciario proteger de excessos\u201d. <br>O ministro <a href=\"https:\/\/g1.globo.com\/tudo-sobre\/andre-luiz-de-almeida-mendonca\/\" target=\"_blank\" rel=\"noopener\">Andr\u00e9 Mendon\u00e7a<\/a> divergiu dos colegas. Para o ministro, a conduta de Kajuru estava abarcada pela imunidade e a conduta deveria ser analisada pelo Conselho de \u00c9tica do Senado. <br><br><br><br><br><br><br>\u201cReconhe\u00e7o a imunidade \u2013 ainda que reconhe\u00e7a os exageros e que a conduta mere\u00e7a ser avaliada pelos senadores, no \u00e2mbito da Comiss\u00e3o de \u00c9tica\u201d. <br><br>Mendon\u00e7a citou seu voto no julgamento do STF que condenou o deputado Daniel Silveira (PTB-RJ) a oito anos e nove meses de pris\u00e3o por ataques \u00e0 democracia e amea\u00e7as ao Supremo e seus ministros. Ele afirmou que tr\u00eas falas de Silveira n\u00e3o estavam abarcadas pela imunidade parlamentar. <br>&#8220;Eu n\u00e3o fiz uma exce\u00e7\u00e3o a imunidade parlamentar. O que eu fiz consignar \u00e9 que falas espec\u00edficas dele [Silveira] n\u00e3o tinham rela\u00e7\u00e3o com imunidade parlamentar\u201d. <br><br><br><br><br>Em manifesta\u00e7\u00f5es recentes, os ministros do STF Alexandre de Moraes e Lu\u00eds Roberto Barroso \u2013 que n\u00e3o comp\u00f5em a Segunda Turma \u2013 tamb\u00e9m se manifestaram para dizer, de forma geral, que a liberdade de express\u00e3o no pa\u00eds n\u00e3o \u00e9 absoluta.<\/figcaption><\/figure>\n\n\n\n<figure class=\"wp-block-image size-large\"><img data-opt-id=920516104  fetchpriority=\"high\" decoding=\"async\" width=\"630\" height=\"336\" src=\"https:\/\/mlbfrsat7ahr.i.optimole.com\/w:auto\/h:auto\/q:mauto\/ig:avif\/https:\/\/noticiasnoface.com.br\/wp-content\/uploads\/2022\/05\/img_3278.jpg\" alt=\"\" class=\"wp-image-7390\" srcset=\"https:\/\/mlbfrsat7ahr.i.optimole.com\/w:630\/h:336\/q:mauto\/ig:avif\/https:\/\/noticiasnoface.com.br\/wp-content\/uploads\/2022\/05\/img_3278.jpg 630w, https:\/\/mlbfrsat7ahr.i.optimole.com\/w:300\/h:160\/q:mauto\/ig:avif\/https:\/\/noticiasnoface.com.br\/wp-content\/uploads\/2022\/05\/img_3278.jpg 300w\" sizes=\"(max-width: 630px) 100vw, 630px\" \/><figcaption>Kajuru foi a favor da pris\u00e3o de Daniel Silveira e agora pode ser preso pelo mesmo motivo, emitir opini\u00e3o sobre o STF.<\/figcaption><\/figure>\n","protected":false},"excerpt":{"rendered":"","protected":false},"author":1,"featured_media":0,"comment_status":"open","ping_status":"open","sticky":false,"template":"","format":"standard","meta":{"site-sidebar-layout":"default","site-content-layout":"","ast-site-content-layout":"default","site-content-style":"default","site-sidebar-style":"default","ast-global-header-display":"","ast-banner-title-visibility":"","ast-main-header-display":"","ast-hfb-above-header-display":"","ast-hfb-below-header-display":"","ast-hfb-mobile-header-display":"","site-post-title":"","ast-breadcrumbs-content":"","ast-featured-img":"","footer-sml-layout":"","ast-disable-related-posts":"","theme-transparent-header-meta":"","adv-header-id-meta":"","stick-header-meta":"","header-above-stick-meta":"","header-main-stick-meta":"","header-below-stick-meta":"","astra-migrate-meta-layouts":"default","ast-page-background-enabled":"default","ast-page-background-meta":{"desktop":{"background-color":"var(--ast-global-color-4)","background-image":"","background-repeat":"repeat","background-position":"center center","background-size":"auto","background-attachment":"scroll","background-type":"","background-media":"","overlay-type":"","overlay-color":"","overlay-opacity":"","overlay-gradient":""},"tablet":{"background-color":"","background-image":"","background-repeat":"repeat","background-position":"center center","background-size":"auto","background-attachment":"scroll","background-type":"","background-media":"","overlay-type":"","overlay-color":"","overlay-opacity":"","overlay-gradient":""},"mobile":{"background-color":"","background-image":"","background-repeat":"repeat","background-position":"center center","background-size":"auto","background-attachment":"scroll","background-type":"","background-media":"","overlay-type":"","overlay-color":"","overlay-opacity":"","overlay-gradient":""}},"ast-content-background-meta":{"desktop":{"background-color":"var(--ast-global-color-5)","background-image":"","background-repeat":"repeat","background-position":"center center","background-size":"auto","background-attachment":"scroll","background-type":"","background-media":"","overlay-type":"","overlay-color":"","overlay-opacity":"","overlay-gradient":""},"tablet":{"background-color":"var(--ast-global-color-5)","background-image":"","background-repeat":"repeat","background-position":"center center","background-size":"auto","background-attachment":"scroll","background-type":"","background-media":"","overlay-type":"","overlay-color":"","overlay-opacity":"","overlay-gradient":""},"mobile":{"background-color":"var(--ast-global-color-5)","background-image":"","background-repeat":"repeat","background-position":"center center","background-size":"auto","background-attachment":"scroll","background-type":"","background-media":"","overlay-type":"","overlay-color":"","overlay-opacity":"","overlay-gradient":""}},"footnotes":""},"categories":[517],"tags":[776,775,50,6],"class_list":["post-7391","post","type-post","status-publish","format-standard","hentry","category-aconteceu","tag-gilmar-mendes","tag-kajuru","tag-noticias-do-face","tag-stf"],"_links":{"self":[{"href":"https:\/\/noticiasnoface.com.br\/index.php\/wp-json\/wp\/v2\/posts\/7391","targetHints":{"allow":["GET"]}}],"collection":[{"href":"https:\/\/noticiasnoface.com.br\/index.php\/wp-json\/wp\/v2\/posts"}],"about":[{"href":"https:\/\/noticiasnoface.com.br\/index.php\/wp-json\/wp\/v2\/types\/post"}],"author":[{"embeddable":true,"href":"https:\/\/noticiasnoface.com.br\/index.php\/wp-json\/wp\/v2\/users\/1"}],"replies":[{"embeddable":true,"href":"https:\/\/noticiasnoface.com.br\/index.php\/wp-json\/wp\/v2\/comments?post=7391"}],"version-history":[{"count":1,"href":"https:\/\/noticiasnoface.com.br\/index.php\/wp-json\/wp\/v2\/posts\/7391\/revisions"}],"predecessor-version":[{"id":7392,"href":"https:\/\/noticiasnoface.com.br\/index.php\/wp-json\/wp\/v2\/posts\/7391\/revisions\/7392"}],"wp:attachment":[{"href":"https:\/\/noticiasnoface.com.br\/index.php\/wp-json\/wp\/v2\/media?parent=7391"}],"wp:term":[{"taxonomy":"category","embeddable":true,"href":"https:\/\/noticiasnoface.com.br\/index.php\/wp-json\/wp\/v2\/categories?post=7391"},{"taxonomy":"post_tag","embeddable":true,"href":"https:\/\/noticiasnoface.com.br\/index.php\/wp-json\/wp\/v2\/tags?post=7391"}],"curies":[{"name":"wp","href":"https:\/\/api.w.org\/{rel}","templated":true}]}}