{"id":7394,"date":"2022-05-04T11:55:17","date_gmt":"2022-05-04T14:55:17","guid":{"rendered":"https:\/\/noticiasnoface.com.br\/?p=7394"},"modified":"2022-05-04T11:55:17","modified_gmt":"2022-05-04T14:55:17","slug":"fogo-no-parquinho-carlos-eduardo-e-confirmado-e-rafael-motta-parte-pra-briga","status":"publish","type":"post","link":"https:\/\/noticiasnoface.com.br\/index.php\/2022\/05\/04\/fogo-no-parquinho-carlos-eduardo-e-confirmado-e-rafael-motta-parte-pra-briga\/","title":{"rendered":"FOGO NO PARQUINHO- Carlos Eduardo \u00e9 confirmado e Rafael Motta parte pra briga!"},"content":{"rendered":"\n<figure class=\"wp-block-image size-large\"><img data-opt-id=1810545384  fetchpriority=\"high\" decoding=\"async\" width=\"2048\" height=\"2048\" src=\"https:\/\/mlbfrsat7ahr.i.optimole.com\/w:auto\/h:auto\/q:mauto\/ig:avif\/https:\/\/noticiasnoface.com.br\/wp-content\/uploads\/2022\/05\/photo-output-6.jpg\" alt=\"\" class=\"wp-image-7393\" srcset=\"https:\/\/mlbfrsat7ahr.i.optimole.com\/w:1080\/h:1080\/q:mauto\/ig:avif\/https:\/\/noticiasnoface.com.br\/wp-content\/uploads\/2022\/05\/photo-output-6.jpg 2048w, https:\/\/mlbfrsat7ahr.i.optimole.com\/w:300\/h:300\/q:mauto\/ig:avif\/https:\/\/noticiasnoface.com.br\/wp-content\/uploads\/2022\/05\/photo-output-6.jpg 300w, https:\/\/mlbfrsat7ahr.i.optimole.com\/w:1024\/h:1024\/q:mauto\/ig:avif\/https:\/\/noticiasnoface.com.br\/wp-content\/uploads\/2022\/05\/photo-output-6.jpg 1024w, https:\/\/mlbfrsat7ahr.i.optimole.com\/w:150\/h:150\/q:mauto\/ig:avif\/https:\/\/noticiasnoface.com.br\/wp-content\/uploads\/2022\/05\/photo-output-6.jpg 150w, https:\/\/mlbfrsat7ahr.i.optimole.com\/w:768\/h:768\/q:mauto\/ig:avif\/https:\/\/noticiasnoface.com.br\/wp-content\/uploads\/2022\/05\/photo-output-6.jpg 768w, https:\/\/mlbfrsat7ahr.i.optimole.com\/w:1080\/h:1080\/q:mauto\/ig:avif\/https:\/\/noticiasnoface.com.br\/wp-content\/uploads\/2022\/05\/photo-output-6.jpg 1536w, https:\/\/mlbfrsat7ahr.i.optimole.com\/w:600\/h:600\/q:mauto\/ig:avif\/https:\/\/noticiasnoface.com.br\/wp-content\/uploads\/2022\/05\/photo-output-6.jpg 600w\" sizes=\"(max-width: 1000px) 100vw, 1000px\" \/><figcaption>\u201cO candidato de Lula no Rio Grande do Norte ser\u00e1 o candidato que estar\u00e1 no palanque da governadora, ou seja, Carlos Eduardo, do PDT\u201d. A declara\u00e7\u00e3o foi feita pelo secret\u00e1rio-chefe do Gabinete Civil da governadora, Raimundo, em entrevista ao Agora RN.<br>De acordo com Raimundo Alves, a chapa que disputar\u00e1 as elei\u00e7\u00f5es majorit\u00e1rias foi objeto de conversas e acerto com o pr\u00e9-candidato do PT \u00e0s elei\u00e7\u00f5es presidenciais, o ex-presidente Luiz In\u00e1cio Lula da Silva.<br>Sobre a possibilidade de o deputado federal Rafael Motta, presidente estadual do PSB, procurar a governadora para discutir uma nova pr\u00e9-candidatura ao Senado, Raimundo Alves foi taxativo: \u201cIsso nunca foi tratado e, agora, a vaga para o Senado, na chapa da governadora, n\u00e3o est\u00e1 mais em discuss\u00e3o\u201d. Via BG <\/figcaption><\/figure>\n\n\n\n<h2 class=\"wp-block-heading\">Do NNF <\/h2>\n\n\n\n<p>Rafael Motta ja declarou que caso ela insista em Carlos Eduardo como candidato ao senado, ele e o PSB n\u00e3o v\u00e3o apoiar. Ou seja\u2026a briga est\u00e1 apenas come\u00e7ando. <\/p>\n","protected":false},"excerpt":{"rendered":"<p>Do NNF Rafael Motta ja declarou que caso ela insista em Carlos Eduardo como candidato ao senado, ele e o [&hellip;]<\/p>\n","protected":false},"author":1,"featured_media":0,"comment_status":"open","ping_status":"open","sticky":false,"template":"","format":"standard","meta":{"site-sidebar-layout":"default","site-content-layout":"","ast-site-content-layout":"default","site-content-style":"default","site-sidebar-style":"default","ast-global-header-display":"","ast-banner-title-visibility":"","ast-main-header-display":"","ast-hfb-above-header-display":"","ast-hfb-below-header-display":"","ast-hfb-mobile-header-display":"","site-post-title":"","ast-breadcrumbs-content":"","ast-featured-img":"","footer-sml-layout":"","ast-disable-related-posts":"","theme-transparent-header-meta":"","adv-header-id-meta":"","stick-header-meta":"","header-above-stick-meta":"","header-main-stick-meta":"","header-below-stick-meta":"","astra-migrate-meta-layouts":"default","ast-page-background-enabled":"default","ast-page-background-meta":{"desktop":{"background-color":"var(--ast-global-color-4)","background-image":"","background-repeat":"repeat","background-position":"center center","background-size":"auto","background-attachment":"scroll","background-type":"","background-media":"","overlay-type":"","overlay-color":"","overlay-opacity":"","overlay-gradient":""},"tablet":{"background-color":"","background-image":"","background-repeat":"repeat","background-position":"center center","background-size":"auto","background-attachment":"scroll","background-type":"","background-media":"","overlay-type":"","overlay-color":"","overlay-opacity":"","overlay-gradient":""},"mobile":{"background-color":"","background-image":"","background-repeat":"repeat","background-position":"center center","background-size":"auto","background-attachment":"scroll","background-type":"","background-media":"","overlay-type":"","overlay-color":"","overlay-opacity":"","overlay-gradient":""}},"ast-content-background-meta":{"desktop":{"background-color":"var(--ast-global-color-5)","background-image":"","background-repeat":"repeat","background-position":"center center","background-size":"auto","background-attachment":"scroll","background-type":"","background-media":"","overlay-type":"","overlay-color":"","overlay-opacity":"","overlay-gradient":""},"tablet":{"background-color":"var(--ast-global-color-5)","background-image":"","background-repeat":"repeat","background-position":"center center","background-size":"auto","background-attachment":"scroll","background-type":"","background-media":"","overlay-type":"","overlay-color":"","overlay-opacity":"","overlay-gradient":""},"mobile":{"background-color":"var(--ast-global-color-5)","background-image":"","background-repeat":"repeat","background-position":"center center","background-size":"auto","background-attachment":"scroll","background-type":"","background-media":"","overlay-type":"","overlay-color":"","overlay-opacity":"","overlay-gradient":""}},"footnotes":""},"categories":[517],"tags":[777,317,145,778,771],"class_list":["post-7394","post","type-post","status-publish","format-standard","hentry","category-aconteceu","tag-carlos-eduardo","tag-eleicoes","tag-governadora-do-rn","tag-pdt","tag-psb"],"_links":{"self":[{"href":"https:\/\/noticiasnoface.com.br\/index.php\/wp-json\/wp\/v2\/posts\/7394","targetHints":{"allow":["GET"]}}],"collection":[{"href":"https:\/\/noticiasnoface.com.br\/index.php\/wp-json\/wp\/v2\/posts"}],"about":[{"href":"https:\/\/noticiasnoface.com.br\/index.php\/wp-json\/wp\/v2\/types\/post"}],"author":[{"embeddable":true,"href":"https:\/\/noticiasnoface.com.br\/index.php\/wp-json\/wp\/v2\/users\/1"}],"replies":[{"embeddable":true,"href":"https:\/\/noticiasnoface.com.br\/index.php\/wp-json\/wp\/v2\/comments?post=7394"}],"version-history":[{"count":1,"href":"https:\/\/noticiasnoface.com.br\/index.php\/wp-json\/wp\/v2\/posts\/7394\/revisions"}],"predecessor-version":[{"id":7395,"href":"https:\/\/noticiasnoface.com.br\/index.php\/wp-json\/wp\/v2\/posts\/7394\/revisions\/7395"}],"wp:attachment":[{"href":"https:\/\/noticiasnoface.com.br\/index.php\/wp-json\/wp\/v2\/media?parent=7394"}],"wp:term":[{"taxonomy":"category","embeddable":true,"href":"https:\/\/noticiasnoface.com.br\/index.php\/wp-json\/wp\/v2\/categories?post=7394"},{"taxonomy":"post_tag","embeddable":true,"href":"https:\/\/noticiasnoface.com.br\/index.php\/wp-json\/wp\/v2\/tags?post=7394"}],"curies":[{"name":"wp","href":"https:\/\/api.w.org\/{rel}","templated":true}]}}