{"id":7403,"date":"2022-05-04T15:17:39","date_gmt":"2022-05-04T18:17:39","guid":{"rendered":"https:\/\/noticiasnoface.com.br\/?p=7403"},"modified":"2022-05-04T16:54:38","modified_gmt":"2022-05-04T19:54:38","slug":"conheca-quem-esta-por-tras-da-capa-de-lula-na-time","status":"publish","type":"post","link":"https:\/\/noticiasnoface.com.br\/index.php\/2022\/05\/04\/conheca-quem-esta-por-tras-da-capa-de-lula-na-time\/","title":{"rendered":"Conhe\u00e7a quem est\u00e1 por tr\u00e1s da capa de Lula na TIME"},"content":{"rendered":"\n<figure class=\"wp-block-image size-large\"><img data-opt-id=891826032  fetchpriority=\"high\" decoding=\"async\" width=\"1524\" height=\"2048\" src=\"https:\/\/mlbfrsat7ahr.i.optimole.com\/w:auto\/h:auto\/q:mauto\/ig:avif\/https:\/\/noticiasnoface.com.br\/wp-content\/uploads\/2022\/05\/photo-output-7.jpg\" alt=\"\" class=\"wp-image-7401\" srcset=\"https:\/\/mlbfrsat7ahr.i.optimole.com\/w:803\/h:1080\/q:mauto\/ig:avif\/https:\/\/noticiasnoface.com.br\/wp-content\/uploads\/2022\/05\/photo-output-7.jpg 1524w, https:\/\/mlbfrsat7ahr.i.optimole.com\/w:223\/h:300\/q:mauto\/ig:avif\/https:\/\/noticiasnoface.com.br\/wp-content\/uploads\/2022\/05\/photo-output-7.jpg 223w, https:\/\/mlbfrsat7ahr.i.optimole.com\/w:762\/h:1024\/q:mauto\/ig:avif\/https:\/\/noticiasnoface.com.br\/wp-content\/uploads\/2022\/05\/photo-output-7.jpg 762w, https:\/\/mlbfrsat7ahr.i.optimole.com\/w:768\/h:1032\/q:mauto\/ig:avif\/https:\/\/noticiasnoface.com.br\/wp-content\/uploads\/2022\/05\/photo-output-7.jpg 768w, https:\/\/mlbfrsat7ahr.i.optimole.com\/w:803\/h:1080\/q:mauto\/ig:avif\/https:\/\/noticiasnoface.com.br\/wp-content\/uploads\/2022\/05\/photo-output-7.jpg 1143w\" sizes=\"(max-width: 1000px) 100vw, 1000px\" \/><figcaption>O Brasil acordou com a novidade de um dos maiores ladr\u00f5es da hist\u00f3ria do Brasil, o Lula, sendo capa da revista Time. Mas afinal quem est\u00e1 por tr\u00e1s dessa capa? <\/figcaption><\/figure>\n\n\n\n<h2 class=\"wp-block-heading\">Quem \u00e9 Ciara Nugent?<\/h2>\n\n\n\n<figure class=\"wp-block-image size-large\"><img data-opt-id=1919460864  fetchpriority=\"high\" decoding=\"async\" width=\"605\" height=\"413\" src=\"https:\/\/mlbfrsat7ahr.i.optimole.com\/w:auto\/h:auto\/q:mauto\/ig:avif\/https:\/\/noticiasnoface.com.br\/wp-content\/uploads\/2022\/05\/img_3329.jpg\" alt=\"\" class=\"wp-image-7402\" srcset=\"https:\/\/mlbfrsat7ahr.i.optimole.com\/w:605\/h:413\/q:mauto\/ig:avif\/https:\/\/noticiasnoface.com.br\/wp-content\/uploads\/2022\/05\/img_3329.jpg 605w, https:\/\/mlbfrsat7ahr.i.optimole.com\/w:300\/h:205\/q:mauto\/ig:avif\/https:\/\/noticiasnoface.com.br\/wp-content\/uploads\/2022\/05\/img_3329.jpg 300w\" sizes=\"(max-width: 605px) 100vw, 605px\" \/><figcaption>Ciara Nugent nasceu em Londres em 1985 e sempre atuou  como modelo em todo Reino Unido. No mundo da moda sempre colecionou pol\u00eamicas e comportamentos violentos com fot\u00f3grafos e outras modelos. <br \/><br \/>Sua fama de violenta no mundo fashion a fez ser escolhida para defender pautas feministas se transformando em uma militante com vi\u00e9s progressista.<br \/><br \/><br \/>Em 2012 tentou carreira art\u00edstica e atuou no filme THE MOMENT, que foi um fracasso de bilheteria e a fez cair no \u00e1lcool. Em 2018  ap\u00f3s fracassar como modelo, fracassar como atriz, ela apostou todas suas fichas no jornalismo militante e foi ser rep\u00f3rter no THE INDEPENDENTE JORNAL, cobrindo moda e pautas feministas, e em mar\u00e7o de 2022 passou a trabalhar na TIME. <\/figcaption><\/figure>\n\n\n\n<h2 class=\"wp-block-heading\">Felipe Neto e C&amp;A<\/h2>\n\n\n\n<p>Obviamente Ciara Nugent n\u00e3o sabe nada de Brasil, e para saber o que se passa no Brasil ela procurou se informar. E com quem ela se informou? Ela escolheu para falar sobre o Brasil, o YouTuber Felipe Neto, o l\u00edder das invas\u00f5es do MST Guilherme Boulos, Douglas Belchior professor de hist\u00f3ria e segundo ele \u201cfilho de exu\u201d<\/p>\n\n\n\n<h2 class=\"wp-block-heading\">A capa da TIME<\/h2>\n\n\n\n<p>A revista TIME faz parte de  uma das agraciadas pelos recursos da OPEN SOCIETY FUNDATIONS , do bilion\u00e1rios George Soros. E faz parte do setor progressista a eleva\u00e7\u00e3o da esquerda na Am\u00e9rica Latina, e a elei\u00e7\u00e3o de Lula faz parte desse projeto internacional. <\/p>\n\n\n\n<h2 class=\"wp-block-heading\">A mentira<\/h2>\n\n\n\n<p>A entrevista foi feita com Lula baseada nos depoimentos de Felipe Neto, Guilherme Boulos e o filho de Exu Belchior. A capa j\u00e1 da ideia do tamanho da mentira ao afirmar que Lula \u00e9 um pol\u00edtico brasileiro exilado e perseguido, n\u00e3o falando nada de seus crimes e suas condena\u00e7\u00f5es. <\/p>\n","protected":false},"excerpt":{"rendered":"<p>Quem \u00e9 Ciara Nugent? Felipe Neto e C&amp;A Obviamente Ciara Nugent n\u00e3o sabe nada de Brasil, e para saber o [&hellip;]<\/p>\n","protected":false},"author":1,"featured_media":0,"comment_status":"open","ping_status":"open","sticky":false,"template":"","format":"standard","meta":{"site-sidebar-layout":"default","site-content-layout":"","ast-site-content-layout":"default","site-content-style":"default","site-sidebar-style":"default","ast-global-header-display":"","ast-banner-title-visibility":"","ast-main-header-display":"","ast-hfb-above-header-display":"","ast-hfb-below-header-display":"","ast-hfb-mobile-header-display":"","site-post-title":"","ast-breadcrumbs-content":"","ast-featured-img":"","footer-sml-layout":"","ast-disable-related-posts":"","theme-transparent-header-meta":"","adv-header-id-meta":"","stick-header-meta":"","header-above-stick-meta":"","header-main-stick-meta":"","header-below-stick-meta":"","astra-migrate-meta-layouts":"default","ast-page-background-enabled":"default","ast-page-background-meta":{"desktop":{"background-color":"var(--ast-global-color-4)","background-image":"","background-repeat":"repeat","background-position":"center center","background-size":"auto","background-attachment":"scroll","background-type":"","background-media":"","overlay-type":"","overlay-color":"","overlay-opacity":"","overlay-gradient":""},"tablet":{"background-color":"","background-image":"","background-repeat":"repeat","background-position":"center center","background-size":"auto","background-attachment":"scroll","background-type":"","background-media":"","overlay-type":"","overlay-color":"","overlay-opacity":"","overlay-gradient":""},"mobile":{"background-color":"","background-image":"","background-repeat":"repeat","background-position":"center center","background-size":"auto","background-attachment":"scroll","background-type":"","background-media":"","overlay-type":"","overlay-color":"","overlay-opacity":"","overlay-gradient":""}},"ast-content-background-meta":{"desktop":{"background-color":"var(--ast-global-color-5)","background-image":"","background-repeat":"repeat","background-position":"center center","background-size":"auto","background-attachment":"scroll","background-type":"","background-media":"","overlay-type":"","overlay-color":"","overlay-opacity":"","overlay-gradient":""},"tablet":{"background-color":"var(--ast-global-color-5)","background-image":"","background-repeat":"repeat","background-position":"center center","background-size":"auto","background-attachment":"scroll","background-type":"","background-media":"","overlay-type":"","overlay-color":"","overlay-opacity":"","overlay-gradient":""},"mobile":{"background-color":"var(--ast-global-color-5)","background-image":"","background-repeat":"repeat","background-position":"center center","background-size":"auto","background-attachment":"scroll","background-type":"","background-media":"","overlay-type":"","overlay-color":"","overlay-opacity":"","overlay-gradient":""}},"footnotes":""},"categories":[517],"tags":[215,50,269,783],"class_list":["post-7403","post","type-post","status-publish","format-standard","hentry","category-aconteceu","tag-lula","tag-noticias-do-face","tag-politica","tag-revista-time"],"_links":{"self":[{"href":"https:\/\/noticiasnoface.com.br\/index.php\/wp-json\/wp\/v2\/posts\/7403","targetHints":{"allow":["GET"]}}],"collection":[{"href":"https:\/\/noticiasnoface.com.br\/index.php\/wp-json\/wp\/v2\/posts"}],"about":[{"href":"https:\/\/noticiasnoface.com.br\/index.php\/wp-json\/wp\/v2\/types\/post"}],"author":[{"embeddable":true,"href":"https:\/\/noticiasnoface.com.br\/index.php\/wp-json\/wp\/v2\/users\/1"}],"replies":[{"embeddable":true,"href":"https:\/\/noticiasnoface.com.br\/index.php\/wp-json\/wp\/v2\/comments?post=7403"}],"version-history":[{"count":5,"href":"https:\/\/noticiasnoface.com.br\/index.php\/wp-json\/wp\/v2\/posts\/7403\/revisions"}],"predecessor-version":[{"id":7412,"href":"https:\/\/noticiasnoface.com.br\/index.php\/wp-json\/wp\/v2\/posts\/7403\/revisions\/7412"}],"wp:attachment":[{"href":"https:\/\/noticiasnoface.com.br\/index.php\/wp-json\/wp\/v2\/media?parent=7403"}],"wp:term":[{"taxonomy":"category","embeddable":true,"href":"https:\/\/noticiasnoface.com.br\/index.php\/wp-json\/wp\/v2\/categories?post=7403"},{"taxonomy":"post_tag","embeddable":true,"href":"https:\/\/noticiasnoface.com.br\/index.php\/wp-json\/wp\/v2\/tags?post=7403"}],"curies":[{"name":"wp","href":"https:\/\/api.w.org\/{rel}","templated":true}]}}