{"id":7407,"date":"2022-05-04T15:23:25","date_gmt":"2022-05-04T18:23:25","guid":{"rendered":"https:\/\/noticiasnoface.com.br\/?p=7407"},"modified":"2022-05-04T15:23:25","modified_gmt":"2022-05-04T18:23:25","slug":"daniel-silveira-se-nega-a-colocar-a-tornozeleira-eletronica","status":"publish","type":"post","link":"https:\/\/noticiasnoface.com.br\/index.php\/2022\/05\/04\/daniel-silveira-se-nega-a-colocar-a-tornozeleira-eletronica\/","title":{"rendered":"Daniel Silveira se nega a colocar a tornozeleira eletr\u00f4nica!"},"content":{"rendered":"\n<figure class=\"wp-block-image size-large\"><img data-opt-id=1819501546  fetchpriority=\"high\" decoding=\"async\" width=\"1637\" height=\"2048\" src=\"https:\/\/mlbfrsat7ahr.i.optimole.com\/w:auto\/h:auto\/q:mauto\/ig:avif\/https:\/\/noticiasnoface.com.br\/wp-content\/uploads\/2022\/05\/photo-output-1-3.jpg\" alt=\"\" class=\"wp-image-7405\" srcset=\"https:\/\/mlbfrsat7ahr.i.optimole.com\/w:863\/h:1080\/q:mauto\/ig:avif\/https:\/\/noticiasnoface.com.br\/wp-content\/uploads\/2022\/05\/photo-output-1-3.jpg 1637w, https:\/\/mlbfrsat7ahr.i.optimole.com\/w:240\/h:300\/q:mauto\/ig:avif\/https:\/\/noticiasnoface.com.br\/wp-content\/uploads\/2022\/05\/photo-output-1-3.jpg 240w, https:\/\/mlbfrsat7ahr.i.optimole.com\/w:819\/h:1024\/q:mauto\/ig:avif\/https:\/\/noticiasnoface.com.br\/wp-content\/uploads\/2022\/05\/photo-output-1-3.jpg 819w, https:\/\/mlbfrsat7ahr.i.optimole.com\/w:768\/h:961\/q:mauto\/ig:avif\/https:\/\/noticiasnoface.com.br\/wp-content\/uploads\/2022\/05\/photo-output-1-3.jpg 768w, https:\/\/mlbfrsat7ahr.i.optimole.com\/w:863\/h:1080\/q:mauto\/ig:avif\/https:\/\/noticiasnoface.com.br\/wp-content\/uploads\/2022\/05\/photo-output-1-3.jpg 1228w\" sizes=\"(max-width: 1000px) 100vw, 1000px\" \/><figcaption>O deputado <a href=\"https:\/\/g1.globo.com\/tudo-sobre\/daniel-silveira\/\" target=\"_blank\" rel=\"noopener\">Daniel Silveira <\/a>(PTB-RJ) se recusou nesta quarta-feira (4) a receber a notifica\u00e7\u00e3o da nova ordem do <a href=\"https:\/\/g1.globo.com\/tudo-sobre\/supremo-tribunal-federal\/\" target=\"_blank\" rel=\"noopener\">Supremo Tribunal Federal<\/a> (STF) para que se apresente em 24 horas para colocar uma nova tornozeleira eletr\u00f4nica.<br>A informa\u00e7\u00e3o foi enviada ao Supremo pelo oficial de Justi\u00e7a encarregado de fazer a notifica\u00e7\u00e3o. <br>Segundo o oficial, ele abordou Daniel Silveira na <a href=\"https:\/\/g1.globo.com\/tudo-sobre\/camara-dos-deputados\/\" target=\"_blank\" rel=\"noopener\">C\u00e2mara dos Deputados<\/a>, mas o parlamentar se recusou a assinar o mandado informando que n\u00e3o tem que usar tornozeleira eletr\u00f4nica por ter recebido o <a href=\"https:\/\/g1.globo.com\/politica\/noticia\/2022\/04\/21\/leia-a-integra-do-decreto-em-que-bolsonaro-concedeu-perdao-a-daniel-silveira.ghtml\" target=\"_blank\" rel=\"noopener\">perd\u00e3o de pena<\/a> do presidente <a href=\"https:\/\/g1.globo.com\/politica\/politico\/jair-bolsonaro\/\" target=\"_blank\" rel=\"noopener\">Jair Bolsonaro<\/a>. <br>Em abril, o STF condenou Daniel Silveira a <a href=\"https:\/\/g1.globo.com\/politica\/noticia\/2022\/04\/20\/julgamento-stf-daniel-silveira.ghtml\" target=\"_blank\" rel=\"noopener\">8 anos e 9 meses de pris\u00e3o, \u00e0 perda do mandato e \u00e0 perda dos direitos pol\u00edticos<\/a>. O deputado bolsonarista foi julgado por est\u00edmulo a atos antidemocr\u00e1ticos e ataques a ministros do Supremo e a institui\u00e7\u00f5es como o pr\u00f3prio STF.<br>Um dia ap\u00f3s o julgamento, o presidente <a href=\"https:\/\/g1.globo.com\/politica\/politico\/jair-bolsonaro\/\" target=\"_blank\" rel=\"noopener\">Jair Bolsonaro<\/a> editou um decreto no qual <a href=\"https:\/\/g1.globo.com\/politica\/noticia\/2022\/04\/21\/leia-a-integra-do-decreto-em-que-bolsonaro-concedeu-perdao-a-daniel-silveira.ghtml\" target=\"_blank\" rel=\"noopener\">perdoou a pena<\/a> imposta a Daniel Silveira. Partidos pol\u00edticos <a href=\"https:\/\/g1.globo.com\/politica\/noticia\/2022\/04\/22\/rede-entra-com-acao-no-stf-e-pede-que-perdao-de-bolsonaro-a-daniel-silveira-seja-suspenso.ghtml\" target=\"_blank\" rel=\"noopener\">j\u00e1 acionaram o STF a fim de derrubar o decreto<\/a>. A relatora do caso \u00e9 a ministra <a href=\"https:\/\/g1.globo.com\/tudo-sobre\/rosa-weber\/\" target=\"_blank\" rel=\"noopener\">Rosa Weber<\/a>.<\/figcaption><\/figure>\n\n\n\n<figure class=\"wp-block-image size-large\"><img data-opt-id=1882502397  fetchpriority=\"high\" decoding=\"async\" width=\"600\" height=\"400\" src=\"https:\/\/mlbfrsat7ahr.i.optimole.com\/w:auto\/h:auto\/q:mauto\/ig:avif\/https:\/\/noticiasnoface.com.br\/wp-content\/uploads\/2022\/05\/img_3330.jpg\" alt=\"\" class=\"wp-image-7406\" srcset=\"https:\/\/mlbfrsat7ahr.i.optimole.com\/w:600\/h:400\/q:mauto\/ig:avif\/https:\/\/noticiasnoface.com.br\/wp-content\/uploads\/2022\/05\/img_3330.jpg 600w, https:\/\/mlbfrsat7ahr.i.optimole.com\/w:300\/h:200\/q:mauto\/ig:avif\/https:\/\/noticiasnoface.com.br\/wp-content\/uploads\/2022\/05\/img_3330.jpg 300w\" sizes=\"(max-width: 600px) 100vw, 600px\" \/><\/figure>\n","protected":false},"excerpt":{"rendered":"","protected":false},"author":1,"featured_media":0,"comment_status":"open","ping_status":"open","sticky":false,"template":"","format":"standard","meta":{"site-sidebar-layout":"default","site-content-layout":"","ast-site-content-layout":"default","site-content-style":"default","site-sidebar-style":"default","ast-global-header-display":"","ast-banner-title-visibility":"","ast-main-header-display":"","ast-hfb-above-header-display":"","ast-hfb-below-header-display":"","ast-hfb-mobile-header-display":"","site-post-title":"","ast-breadcrumbs-content":"","ast-featured-img":"","footer-sml-layout":"","ast-disable-related-posts":"","theme-transparent-header-meta":"","adv-header-id-meta":"","stick-header-meta":"","header-above-stick-meta":"","header-main-stick-meta":"","header-below-stick-meta":"","astra-migrate-meta-layouts":"default","ast-page-background-enabled":"default","ast-page-background-meta":{"desktop":{"background-color":"var(--ast-global-color-4)","background-image":"","background-repeat":"repeat","background-position":"center center","background-size":"auto","background-attachment":"scroll","background-type":"","background-media":"","overlay-type":"","overlay-color":"","overlay-opacity":"","overlay-gradient":""},"tablet":{"background-color":"","background-image":"","background-repeat":"repeat","background-position":"center center","background-size":"auto","background-attachment":"scroll","background-type":"","background-media":"","overlay-type":"","overlay-color":"","overlay-opacity":"","overlay-gradient":""},"mobile":{"background-color":"","background-image":"","background-repeat":"repeat","background-position":"center center","background-size":"auto","background-attachment":"scroll","background-type":"","background-media":"","overlay-type":"","overlay-color":"","overlay-opacity":"","overlay-gradient":""}},"ast-content-background-meta":{"desktop":{"background-color":"var(--ast-global-color-5)","background-image":"","background-repeat":"repeat","background-position":"center center","background-size":"auto","background-attachment":"scroll","background-type":"","background-media":"","overlay-type":"","overlay-color":"","overlay-opacity":"","overlay-gradient":""},"tablet":{"background-color":"var(--ast-global-color-5)","background-image":"","background-repeat":"repeat","background-position":"center center","background-size":"auto","background-attachment":"scroll","background-type":"","background-media":"","overlay-type":"","overlay-color":"","overlay-opacity":"","overlay-gradient":""},"mobile":{"background-color":"var(--ast-global-color-5)","background-image":"","background-repeat":"repeat","background-position":"center center","background-size":"auto","background-attachment":"scroll","background-type":"","background-media":"","overlay-type":"","overlay-color":"","overlay-opacity":"","overlay-gradient":""}},"footnotes":""},"categories":[517],"tags":[303,50,6,550],"class_list":["post-7407","post","type-post","status-publish","format-standard","hentry","category-aconteceu","tag-daniel-silveira","tag-noticias-do-face","tag-stf","tag-tornozeleira-eletronica"],"_links":{"self":[{"href":"https:\/\/noticiasnoface.com.br\/index.php\/wp-json\/wp\/v2\/posts\/7407","targetHints":{"allow":["GET"]}}],"collection":[{"href":"https:\/\/noticiasnoface.com.br\/index.php\/wp-json\/wp\/v2\/posts"}],"about":[{"href":"https:\/\/noticiasnoface.com.br\/index.php\/wp-json\/wp\/v2\/types\/post"}],"author":[{"embeddable":true,"href":"https:\/\/noticiasnoface.com.br\/index.php\/wp-json\/wp\/v2\/users\/1"}],"replies":[{"embeddable":true,"href":"https:\/\/noticiasnoface.com.br\/index.php\/wp-json\/wp\/v2\/comments?post=7407"}],"version-history":[{"count":1,"href":"https:\/\/noticiasnoface.com.br\/index.php\/wp-json\/wp\/v2\/posts\/7407\/revisions"}],"predecessor-version":[{"id":7408,"href":"https:\/\/noticiasnoface.com.br\/index.php\/wp-json\/wp\/v2\/posts\/7407\/revisions\/7408"}],"wp:attachment":[{"href":"https:\/\/noticiasnoface.com.br\/index.php\/wp-json\/wp\/v2\/media?parent=7407"}],"wp:term":[{"taxonomy":"category","embeddable":true,"href":"https:\/\/noticiasnoface.com.br\/index.php\/wp-json\/wp\/v2\/categories?post=7407"},{"taxonomy":"post_tag","embeddable":true,"href":"https:\/\/noticiasnoface.com.br\/index.php\/wp-json\/wp\/v2\/tags?post=7407"}],"curies":[{"name":"wp","href":"https:\/\/api.w.org\/{rel}","templated":true}]}}