{"id":7415,"date":"2022-05-04T17:51:15","date_gmt":"2022-05-04T20:51:15","guid":{"rendered":"https:\/\/noticiasnoface.com.br\/?p=7415"},"modified":"2022-05-04T17:51:16","modified_gmt":"2022-05-04T20:51:16","slug":"mexico-deporta-travesti-brasileira-que-ia-da-uma-palestra-em-evento","status":"publish","type":"post","link":"https:\/\/noticiasnoface.com.br\/index.php\/2022\/05\/04\/mexico-deporta-travesti-brasileira-que-ia-da-uma-palestra-em-evento\/","title":{"rendered":"M\u00e9xico deporta travesti brasileira que ia da uma palestra em evento!"},"content":{"rendered":"\n<figure class=\"wp-block-image size-large\"><img data-opt-id=84499313  fetchpriority=\"high\" decoding=\"async\" width=\"495\" height=\"619\" src=\"https:\/\/mlbfrsat7ahr.i.optimole.com\/w:auto\/h:auto\/q:mauto\/ig:avif\/https:\/\/noticiasnoface.com.br\/wp-content\/uploads\/2022\/05\/img_3336.jpg\" alt=\"\" class=\"wp-image-7414\" srcset=\"https:\/\/mlbfrsat7ahr.i.optimole.com\/w:495\/h:619\/q:mauto\/ig:avif\/https:\/\/noticiasnoface.com.br\/wp-content\/uploads\/2022\/05\/img_3336.jpg 495w, https:\/\/mlbfrsat7ahr.i.optimole.com\/w:240\/h:300\/q:mauto\/ig:avif\/https:\/\/noticiasnoface.com.br\/wp-content\/uploads\/2022\/05\/img_3336.jpg 240w\" sizes=\"(max-width: 495px) 100vw, 495px\" \/><figcaption>A presidente da Associa\u00e7\u00e3o Brasileira de Travestis e Transexuais (Antra), Keila Simpson, 57, foi barrada no aeroporto da Cidade do M\u00e9xico, onde iria participar do F\u00f3rum Social Mundial como palestrante, e deportada para o Brasil. <br><br>O caso ocorreu neste domingo (1\u00ba). De acordo com a associa\u00e7\u00e3o, ela tinha os documentos necess\u00e1rios para entrar no pa\u00eds e a decis\u00e3o foi motivada por transfobia.<br><ins class=\"adsbygoogle amp-wp-fa9aecc\"><br>No pr\u00f3prio domingo, uma ativista mexicana protocolou um pedido de medida cautelar na Secretaria de Direitos Humanos do pa\u00eds para que a deporta\u00e7\u00e3o fosse revista, mas, segundo a Antra, n\u00e3o houve tempo para obter uma resposta, j\u00e1 que Simpson foi enviada de volta ao Brasil menos de 10 horas ap\u00f3s a chegada. A associa\u00e7\u00e3o afirma que ela ficou incomunic\u00e1vel durante esse tempo, porque seus dois celulares foram retidos, e que n\u00e3o teve direito a defesa.<br>A ativista fazia parte da delega\u00e7\u00e3o da Abong (Associa\u00e7\u00e3o Brasileira de Organiza\u00e7\u00f5es N\u00e3o Governamentais) no f\u00f3rum, composta por 20 pessoas. Ela \u00e9 a \u00fanica travesti do grupo e foi a \u00fanica barrada no aeroporto \u2013os demais haviam chegado ao M\u00e9xico no dia anterior.<br><ins class=\"adsbygoogle amp-wp-fa9aecc\"><br>A reportagem pediu um posicionamento sobre o caso \u00e0 embaixada do M\u00e9xico e ao Itamaraty, que tamb\u00e9m foi acionado pela Antra, mas n\u00e3o obteve respostas at\u00e9 a publica\u00e7\u00e3o desta reportagem.<br>De volta ao Brasil nesta segunda-feira (2), Simpson disse que n\u00e3o sofreu viol\u00eancia na abordagem pelos guardas mexicanos, mas que foi tratada de forma diferente dos demais viajantes. Para ela, ficou claro que a motiva\u00e7\u00e3o para sua deporta\u00e7\u00e3o foi transf\u00f3bica.<br>\u201cToda travesti sabe quando est\u00e1 sendo discriminada por causa da sua condi\u00e7\u00e3o. Desde que entrei na sala [para pessoas barradas na entrada] eu sabia que seria deportada por ser travesti. E n\u00e3o deu outra\u201d, afirma.<br>Ela conta que estava com passaporte v\u00e1lido, visto eletr\u00f4nico, cart\u00e3o migrat\u00f3rio e as reservas das passagens de ida e volta, mas os agentes colocaram dificuldades, pedindo que ela mostrasse a passagem de volta impressa, por exemplo. \u201cEu expliquei que voltaria dentro de seis dias e que s\u00f3 poderia fazer o check-in 48 horas antes, por isso n\u00e3o tinha o bilhete impresso. Mostrei o print com as reservas de todos os trechos, mas minhas explica\u00e7\u00f5es n\u00e3o tiveram \u00eaxito\u201d, diz.<\/ins><\/ins><\/figcaption><\/figure>\n","protected":false},"excerpt":{"rendered":"","protected":false},"author":1,"featured_media":0,"comment_status":"open","ping_status":"open","sticky":false,"template":"","format":"standard","meta":{"site-sidebar-layout":"default","site-content-layout":"","ast-site-content-layout":"default","site-content-style":"default","site-sidebar-style":"default","ast-global-header-display":"","ast-banner-title-visibility":"","ast-main-header-display":"","ast-hfb-above-header-display":"","ast-hfb-below-header-display":"","ast-hfb-mobile-header-display":"","site-post-title":"","ast-breadcrumbs-content":"","ast-featured-img":"","footer-sml-layout":"","ast-disable-related-posts":"","theme-transparent-header-meta":"","adv-header-id-meta":"","stick-header-meta":"","header-above-stick-meta":"","header-main-stick-meta":"","header-below-stick-meta":"","astra-migrate-meta-layouts":"default","ast-page-background-enabled":"default","ast-page-background-meta":{"desktop":{"background-color":"var(--ast-global-color-4)","background-image":"","background-repeat":"repeat","background-position":"center center","background-size":"auto","background-attachment":"scroll","background-type":"","background-media":"","overlay-type":"","overlay-color":"","overlay-opacity":"","overlay-gradient":""},"tablet":{"background-color":"","background-image":"","background-repeat":"repeat","background-position":"center center","background-size":"auto","background-attachment":"scroll","background-type":"","background-media":"","overlay-type":"","overlay-color":"","overlay-opacity":"","overlay-gradient":""},"mobile":{"background-color":"","background-image":"","background-repeat":"repeat","background-position":"center center","background-size":"auto","background-attachment":"scroll","background-type":"","background-media":"","overlay-type":"","overlay-color":"","overlay-opacity":"","overlay-gradient":""}},"ast-content-background-meta":{"desktop":{"background-color":"var(--ast-global-color-5)","background-image":"","background-repeat":"repeat","background-position":"center center","background-size":"auto","background-attachment":"scroll","background-type":"","background-media":"","overlay-type":"","overlay-color":"","overlay-opacity":"","overlay-gradient":""},"tablet":{"background-color":"var(--ast-global-color-5)","background-image":"","background-repeat":"repeat","background-position":"center center","background-size":"auto","background-attachment":"scroll","background-type":"","background-media":"","overlay-type":"","overlay-color":"","overlay-opacity":"","overlay-gradient":""},"mobile":{"background-color":"var(--ast-global-color-5)","background-image":"","background-repeat":"repeat","background-position":"center center","background-size":"auto","background-attachment":"scroll","background-type":"","background-media":"","overlay-type":"","overlay-color":"","overlay-opacity":"","overlay-gradient":""}},"footnotes":""},"categories":[517],"tags":[786,788,785,787,784],"class_list":["post-7415","post","type-post","status-publish","format-standard","hentry","category-aconteceu","tag-deporta","tag-evento","tag-mexico","tag-palestra","tag-travesti"],"_links":{"self":[{"href":"https:\/\/noticiasnoface.com.br\/index.php\/wp-json\/wp\/v2\/posts\/7415","targetHints":{"allow":["GET"]}}],"collection":[{"href":"https:\/\/noticiasnoface.com.br\/index.php\/wp-json\/wp\/v2\/posts"}],"about":[{"href":"https:\/\/noticiasnoface.com.br\/index.php\/wp-json\/wp\/v2\/types\/post"}],"author":[{"embeddable":true,"href":"https:\/\/noticiasnoface.com.br\/index.php\/wp-json\/wp\/v2\/users\/1"}],"replies":[{"embeddable":true,"href":"https:\/\/noticiasnoface.com.br\/index.php\/wp-json\/wp\/v2\/comments?post=7415"}],"version-history":[{"count":1,"href":"https:\/\/noticiasnoface.com.br\/index.php\/wp-json\/wp\/v2\/posts\/7415\/revisions"}],"predecessor-version":[{"id":7416,"href":"https:\/\/noticiasnoface.com.br\/index.php\/wp-json\/wp\/v2\/posts\/7415\/revisions\/7416"}],"wp:attachment":[{"href":"https:\/\/noticiasnoface.com.br\/index.php\/wp-json\/wp\/v2\/media?parent=7415"}],"wp:term":[{"taxonomy":"category","embeddable":true,"href":"https:\/\/noticiasnoface.com.br\/index.php\/wp-json\/wp\/v2\/categories?post=7415"},{"taxonomy":"post_tag","embeddable":true,"href":"https:\/\/noticiasnoface.com.br\/index.php\/wp-json\/wp\/v2\/tags?post=7415"}],"curies":[{"name":"wp","href":"https:\/\/api.w.org\/{rel}","templated":true}]}}