{"id":7432,"date":"2022-05-04T23:08:11","date_gmt":"2022-05-05T02:08:11","guid":{"rendered":"https:\/\/noticiasnoface.com.br\/?p=7432"},"modified":"2022-05-04T23:08:11","modified_gmt":"2022-05-05T02:08:11","slug":"vem-aiiiii","status":"publish","type":"post","link":"https:\/\/noticiasnoface.com.br\/index.php\/2022\/05\/04\/vem-aiiiii\/","title":{"rendered":"Vem aiiiii"},"content":{"rendered":"\n<figure class=\"wp-block-image size-large\"><img data-opt-id=1743112855  fetchpriority=\"high\" decoding=\"async\" width=\"640\" height=\"360\" src=\"https:\/\/mlbfrsat7ahr.i.optimole.com\/w:auto\/h:auto\/q:mauto\/ig:avif\/https:\/\/noticiasnoface.com.br\/wp-content\/uploads\/2022\/05\/img_3315.jpg\" alt=\"\" class=\"wp-image-7431\" srcset=\"https:\/\/mlbfrsat7ahr.i.optimole.com\/w:640\/h:360\/q:mauto\/ig:avif\/https:\/\/noticiasnoface.com.br\/wp-content\/uploads\/2022\/05\/img_3315.jpg 640w, https:\/\/mlbfrsat7ahr.i.optimole.com\/w:300\/h:169\/q:mauto\/ig:avif\/https:\/\/noticiasnoface.com.br\/wp-content\/uploads\/2022\/05\/img_3315.jpg 300w\" sizes=\"(max-width: 640px) 100vw, 640px\" \/><figcaption>Programa de entrevistas e an\u00e1lises pol\u00edticas semanais, pelas plataformas digitais YouTube, Instagram e Facebook, vai estrear na pr\u00f3xima segunda-feira, 09 de maio, \u00e0s 17hs.<br><br><br>A apresenta\u00e7\u00e3o do &#8216;Vodcast&#8217; ser\u00e1 do blogueiro Cyrillo Fernandes e do ex-vereador de Natal, Maur\u00edcio Gurgel.<br><br><br>A estreia ser\u00e1 com o vereador do Uni\u00e3o Brasil e presidente da C\u00e2mara de Natal, o empres\u00e1rio Paulinho Freire.<br><br><br>&#8220;O formato do programa \u00e9 tradicional, sem muita elabora\u00e7\u00e3o ou &#8220;amarras editoriais&#8221;. \u00c9 um bate-papo direto, com perguntas e respostas e sem limitar o entrevistado a qualquer pauta. \u00c9 sobre a vida dele. Tudo que ele quiser tratar. Nossas indaga\u00e7\u00f5es, ele responde se quiser&#8217;, disse o blogueiro Cyrillo Fernandes, do blog que leva o seu nome.<br><br><br>Maur\u00edcio Gurgel, o outro apresentador, disse que o projeto vai avan\u00e7ar al\u00e9m de entrevistas com figuras da cena pol\u00edtica do RN. &#8220;Nosso planejamento \u00e9 ir al\u00e9m das entrevistas e an\u00e1lises. At\u00e9 o segundo turno das elei\u00e7\u00f5es desse ano, muito conte\u00fado vamos apresentar para o p\u00fablico que nos assistir. Queremos fazer algo diferente do que se tem na imprensa pol\u00edtica. Vamos tratar de pesquisas eleitorais pr\u00f3prias aos bastidores das campanhas nesse pleito de 2022&#8221;, disse Maur\u00edcio Gurgel.<br><br><br>O palco do programa j\u00e1 foi escolhido. Ser\u00e1 na produtora Show Time, do experiente Cardozinho, no bairro do Tirol. <br><br><br>Os pr\u00f3ximos entrevistados est\u00e3o sendo convidados. Segundo os apresentadores, a receptividade est\u00e1 sendo excelente. &#8220;As assessorias de comunica\u00e7\u00e3o das campanhas dos principais atores dessa elei\u00e7\u00e3o j\u00e1 foram acionadas. Os agendamentos j\u00e1 est\u00e3o sendo feitos. Estamos confiantes que o programa vai bombar&#8221;, afirmou Maur\u00edcio Gurgel. <\/figcaption><\/figure>\n","protected":false},"excerpt":{"rendered":"","protected":false},"author":1,"featured_media":0,"comment_status":"open","ping_status":"open","sticky":false,"template":"","format":"standard","meta":{"site-sidebar-layout":"default","site-content-layout":"","ast-site-content-layout":"default","site-content-style":"default","site-sidebar-style":"default","ast-global-header-display":"","ast-banner-title-visibility":"","ast-main-header-display":"","ast-hfb-above-header-display":"","ast-hfb-below-header-display":"","ast-hfb-mobile-header-display":"","site-post-title":"","ast-breadcrumbs-content":"","ast-featured-img":"","footer-sml-layout":"","ast-disable-related-posts":"","theme-transparent-header-meta":"","adv-header-id-meta":"","stick-header-meta":"","header-above-stick-meta":"","header-main-stick-meta":"","header-below-stick-meta":"","astra-migrate-meta-layouts":"default","ast-page-background-enabled":"default","ast-page-background-meta":{"desktop":{"background-color":"var(--ast-global-color-4)","background-image":"","background-repeat":"repeat","background-position":"center center","background-size":"auto","background-attachment":"scroll","background-type":"","background-media":"","overlay-type":"","overlay-color":"","overlay-opacity":"","overlay-gradient":""},"tablet":{"background-color":"","background-image":"","background-repeat":"repeat","background-position":"center center","background-size":"auto","background-attachment":"scroll","background-type":"","background-media":"","overlay-type":"","overlay-color":"","overlay-opacity":"","overlay-gradient":""},"mobile":{"background-color":"","background-image":"","background-repeat":"repeat","background-position":"center center","background-size":"auto","background-attachment":"scroll","background-type":"","background-media":"","overlay-type":"","overlay-color":"","overlay-opacity":"","overlay-gradient":""}},"ast-content-background-meta":{"desktop":{"background-color":"var(--ast-global-color-5)","background-image":"","background-repeat":"repeat","background-position":"center center","background-size":"auto","background-attachment":"scroll","background-type":"","background-media":"","overlay-type":"","overlay-color":"","overlay-opacity":"","overlay-gradient":""},"tablet":{"background-color":"var(--ast-global-color-5)","background-image":"","background-repeat":"repeat","background-position":"center center","background-size":"auto","background-attachment":"scroll","background-type":"","background-media":"","overlay-type":"","overlay-color":"","overlay-opacity":"","overlay-gradient":""},"mobile":{"background-color":"var(--ast-global-color-5)","background-image":"","background-repeat":"repeat","background-position":"center center","background-size":"auto","background-attachment":"scroll","background-type":"","background-media":"","overlay-type":"","overlay-color":"","overlay-opacity":"","overlay-gradient":""}},"footnotes":""},"categories":[517],"tags":[793,50,792],"class_list":["post-7432","post","type-post","status-publish","format-standard","hentry","category-aconteceu","tag-camarote","tag-noticias-do-face","tag-radio"],"_links":{"self":[{"href":"https:\/\/noticiasnoface.com.br\/index.php\/wp-json\/wp\/v2\/posts\/7432","targetHints":{"allow":["GET"]}}],"collection":[{"href":"https:\/\/noticiasnoface.com.br\/index.php\/wp-json\/wp\/v2\/posts"}],"about":[{"href":"https:\/\/noticiasnoface.com.br\/index.php\/wp-json\/wp\/v2\/types\/post"}],"author":[{"embeddable":true,"href":"https:\/\/noticiasnoface.com.br\/index.php\/wp-json\/wp\/v2\/users\/1"}],"replies":[{"embeddable":true,"href":"https:\/\/noticiasnoface.com.br\/index.php\/wp-json\/wp\/v2\/comments?post=7432"}],"version-history":[{"count":1,"href":"https:\/\/noticiasnoface.com.br\/index.php\/wp-json\/wp\/v2\/posts\/7432\/revisions"}],"predecessor-version":[{"id":7433,"href":"https:\/\/noticiasnoface.com.br\/index.php\/wp-json\/wp\/v2\/posts\/7432\/revisions\/7433"}],"wp:attachment":[{"href":"https:\/\/noticiasnoface.com.br\/index.php\/wp-json\/wp\/v2\/media?parent=7432"}],"wp:term":[{"taxonomy":"category","embeddable":true,"href":"https:\/\/noticiasnoface.com.br\/index.php\/wp-json\/wp\/v2\/categories?post=7432"},{"taxonomy":"post_tag","embeddable":true,"href":"https:\/\/noticiasnoface.com.br\/index.php\/wp-json\/wp\/v2\/tags?post=7432"}],"curies":[{"name":"wp","href":"https:\/\/api.w.org\/{rel}","templated":true}]}}