{"id":7461,"date":"2022-05-06T09:49:16","date_gmt":"2022-05-06T12:49:16","guid":{"rendered":"https:\/\/noticiasnoface.com.br\/?p=7461"},"modified":"2022-05-06T09:49:17","modified_gmt":"2022-05-06T12:49:17","slug":"lula-sabe-que-vai-tomar-na-bassora","status":"publish","type":"post","link":"https:\/\/noticiasnoface.com.br\/index.php\/2022\/05\/06\/lula-sabe-que-vai-tomar-na-bassora\/","title":{"rendered":"Lula sabe que vai tomar na bassora!"},"content":{"rendered":"\n<figure class=\"wp-block-image size-large\"><img data-opt-id=1014843973  fetchpriority=\"high\" decoding=\"async\" width=\"640\" height=\"480\" src=\"https:\/\/mlbfrsat7ahr.i.optimole.com\/w:auto\/h:auto\/q:mauto\/ig:avif\/https:\/\/noticiasnoface.com.br\/wp-content\/uploads\/2022\/05\/img_3483.jpg\" alt=\"\" class=\"wp-image-7460\" srcset=\"https:\/\/mlbfrsat7ahr.i.optimole.com\/w:640\/h:480\/q:mauto\/ig:avif\/https:\/\/noticiasnoface.com.br\/wp-content\/uploads\/2022\/05\/img_3483.jpg 640w, https:\/\/mlbfrsat7ahr.i.optimole.com\/w:300\/h:225\/q:mauto\/ig:avif\/https:\/\/noticiasnoface.com.br\/wp-content\/uploads\/2022\/05\/img_3483.jpg 300w\" sizes=\"(max-width: 640px) 100vw, 640px\" \/><figcaption>Na segunda-feira, a c\u00fapula do PT se re\u00fane em S\u00e3o Paulo para tentar dar uma chacoalhada na campanha de <strong>Lula. <\/strong><br>J\u00e1 no primeiro dia \u00fatil p\u00f3s-lan\u00e7amento da chapa Lula-Alckmin, que acontecer\u00e1 amanh\u00e3, ser\u00e3o definidas mudan\u00e7as em pelo menos duas \u00e1reas:<br>*A coordena\u00e7\u00e3o pol\u00edtica ganhar\u00e1 novos integrantes, que dividir\u00e3o fun\u00e7\u00f5es com os deputados Gleisi Hoffmann e Jos\u00e9 Guimar\u00e3es. Presidentes de partidos aliados ser\u00e3o chamados, por exemplo.<br><br>*A coordena\u00e7\u00e3o de comunica\u00e7\u00e3o dever\u00e1 ser dividida entre o deputado e ex-presidente do PT Rui Falc\u00e3o e Edinho Silva, prefeito de Araraquara e ex-ministro da Secom de Dilma Rousseff. <br><br><br>H\u00e1 tamb\u00e9m um diagn\u00f3stico feito por algumas cabe\u00e7as da campanha de que \u00e9 preciso que o jur\u00eddico da campanha, chefiado pelo ex-ministro de Dilma Eug\u00eanio Arag\u00e3o, seja mais proativo.<br>Em resumo, o consenso geral tanto dentro do PT quanto nos partidos aliados \u00e9 que muito mais grave do que qualquer gafe cometida por Lula nas tr\u00eas \u00faltimas semanas \u00e9 a falta de coordena\u00e7\u00e3o da campanha.<br><br><br><br>H\u00e1 tamb\u00e9m um grupo que tem tentado convencer Lula de que o n\u00facleo central de campanha deve ser composto tamb\u00e9m por &#8220;um leque mais amplo de pessoas com outras posi\u00e7\u00f5es pol\u00edticas&#8221;, de acordo com a express\u00e3o usada por um petista da ala mais moderada.<\/figcaption><\/figure>\n","protected":false},"excerpt":{"rendered":"","protected":false},"author":1,"featured_media":0,"comment_status":"open","ping_status":"open","sticky":false,"template":"","format":"standard","meta":{"site-sidebar-layout":"default","site-content-layout":"","ast-site-content-layout":"default","site-content-style":"default","site-sidebar-style":"default","ast-global-header-display":"","ast-banner-title-visibility":"","ast-main-header-display":"","ast-hfb-above-header-display":"","ast-hfb-below-header-display":"","ast-hfb-mobile-header-display":"","site-post-title":"","ast-breadcrumbs-content":"","ast-featured-img":"","footer-sml-layout":"","ast-disable-related-posts":"","theme-transparent-header-meta":"","adv-header-id-meta":"","stick-header-meta":"","header-above-stick-meta":"","header-main-stick-meta":"","header-below-stick-meta":"","astra-migrate-meta-layouts":"default","ast-page-background-enabled":"default","ast-page-background-meta":{"desktop":{"background-color":"var(--ast-global-color-4)","background-image":"","background-repeat":"repeat","background-position":"center center","background-size":"auto","background-attachment":"scroll","background-type":"","background-media":"","overlay-type":"","overlay-color":"","overlay-opacity":"","overlay-gradient":""},"tablet":{"background-color":"","background-image":"","background-repeat":"repeat","background-position":"center center","background-size":"auto","background-attachment":"scroll","background-type":"","background-media":"","overlay-type":"","overlay-color":"","overlay-opacity":"","overlay-gradient":""},"mobile":{"background-color":"","background-image":"","background-repeat":"repeat","background-position":"center center","background-size":"auto","background-attachment":"scroll","background-type":"","background-media":"","overlay-type":"","overlay-color":"","overlay-opacity":"","overlay-gradient":""}},"ast-content-background-meta":{"desktop":{"background-color":"var(--ast-global-color-5)","background-image":"","background-repeat":"repeat","background-position":"center center","background-size":"auto","background-attachment":"scroll","background-type":"","background-media":"","overlay-type":"","overlay-color":"","overlay-opacity":"","overlay-gradient":""},"tablet":{"background-color":"var(--ast-global-color-5)","background-image":"","background-repeat":"repeat","background-position":"center center","background-size":"auto","background-attachment":"scroll","background-type":"","background-media":"","overlay-type":"","overlay-color":"","overlay-opacity":"","overlay-gradient":""},"mobile":{"background-color":"var(--ast-global-color-5)","background-image":"","background-repeat":"repeat","background-position":"center center","background-size":"auto","background-attachment":"scroll","background-type":"","background-media":"","overlay-type":"","overlay-color":"","overlay-opacity":"","overlay-gradient":""}},"footnotes":""},"categories":[517],"tags":[800,317,215,50],"class_list":["post-7461","post","type-post","status-publish","format-standard","hentry","category-aconteceu","tag-campanha","tag-eleicoes","tag-lula","tag-noticias-do-face"],"_links":{"self":[{"href":"https:\/\/noticiasnoface.com.br\/index.php\/wp-json\/wp\/v2\/posts\/7461","targetHints":{"allow":["GET"]}}],"collection":[{"href":"https:\/\/noticiasnoface.com.br\/index.php\/wp-json\/wp\/v2\/posts"}],"about":[{"href":"https:\/\/noticiasnoface.com.br\/index.php\/wp-json\/wp\/v2\/types\/post"}],"author":[{"embeddable":true,"href":"https:\/\/noticiasnoface.com.br\/index.php\/wp-json\/wp\/v2\/users\/1"}],"replies":[{"embeddable":true,"href":"https:\/\/noticiasnoface.com.br\/index.php\/wp-json\/wp\/v2\/comments?post=7461"}],"version-history":[{"count":1,"href":"https:\/\/noticiasnoface.com.br\/index.php\/wp-json\/wp\/v2\/posts\/7461\/revisions"}],"predecessor-version":[{"id":7462,"href":"https:\/\/noticiasnoface.com.br\/index.php\/wp-json\/wp\/v2\/posts\/7461\/revisions\/7462"}],"wp:attachment":[{"href":"https:\/\/noticiasnoface.com.br\/index.php\/wp-json\/wp\/v2\/media?parent=7461"}],"wp:term":[{"taxonomy":"category","embeddable":true,"href":"https:\/\/noticiasnoface.com.br\/index.php\/wp-json\/wp\/v2\/categories?post=7461"},{"taxonomy":"post_tag","embeddable":true,"href":"https:\/\/noticiasnoface.com.br\/index.php\/wp-json\/wp\/v2\/tags?post=7461"}],"curies":[{"name":"wp","href":"https:\/\/api.w.org\/{rel}","templated":true}]}}