{"id":7487,"date":"2022-05-06T20:05:59","date_gmt":"2022-05-06T23:05:59","guid":{"rendered":"https:\/\/noticiasnoface.com.br\/?p=7487"},"modified":"2022-05-06T20:05:59","modified_gmt":"2022-05-06T23:05:59","slug":"desmascarada-daniela-mercury-abre-mao-dos-100-mil","status":"publish","type":"post","link":"https:\/\/noticiasnoface.com.br\/index.php\/2022\/05\/06\/desmascarada-daniela-mercury-abre-mao-dos-100-mil\/","title":{"rendered":"Desmascarada, Daniela Mercury abre m\u00e3o dos 100 mil"},"content":{"rendered":"\n<figure class=\"wp-block-image size-large\"><img data-opt-id=1762628881  fetchpriority=\"high\" decoding=\"async\" width=\"657\" height=\"466\" src=\"https:\/\/mlbfrsat7ahr.i.optimole.com\/w:auto\/h:auto\/q:mauto\/ig:avif\/https:\/\/noticiasnoface.com.br\/wp-content\/uploads\/2022\/05\/img_3522.jpg\" alt=\"\" class=\"wp-image-7486\" srcset=\"https:\/\/mlbfrsat7ahr.i.optimole.com\/w:657\/h:466\/q:mauto\/ig:avif\/https:\/\/noticiasnoface.com.br\/wp-content\/uploads\/2022\/05\/img_3522.jpg 657w, https:\/\/mlbfrsat7ahr.i.optimole.com\/w:300\/h:213\/q:mauto\/ig:avif\/https:\/\/noticiasnoface.com.br\/wp-content\/uploads\/2022\/05\/img_3522.jpg 300w\" sizes=\"(max-width: 657px) 100vw, 657px\" \/><figcaption>A cantora <a rel=\"noreferrer noopener\" href=\"https:\/\/tudo-sobre.estadao.com.br\/daniela-mercury\" target=\"_blank\">Daniela Mercury <\/a>ap\u00f3s ser desmascarada decidiu abrir m\u00e3o do cach\u00ea que receberia pelo show do <strong>1\u00ba de Maio<\/strong> das centrais sindicais realizado na Pra\u00e7a Charles Miller, em S\u00e3o Paulo. <br><br><br><br>Em of\u00edcio enviado \u00e0 <strong>Secretaria Municipal de Cultura<\/strong>nesta quinta-feira, 5, a empresa que representa a artista pediu o cancelamento do contrato e o consequente pagamento. Ao <strong>Estad\u00e3o<\/strong>, a mulher da Daniela, Malu Ver\u00e7osa, afirmou que a cantora n\u00e3o recebeu nem receber\u00e1 nenhum recurso da Prefeitura de S\u00e3o Paulo.<br><br><br><br><br>A apresenta\u00e7\u00e3o virou alvo de uma investiga\u00e7\u00e3o da Controladoria-Geral do Munic\u00edpio depois que a cantora declarou apoio ao ex-presidente <a rel=\"noreferrer noopener\" href=\"https:\/\/tudo-sobre.estadao.com.br\/lula-luiz-inacio-lula-da-silva\" target=\"_blank\">Luiz In\u00e1cio Lula da Silva <\/a>(PT), que havia discursado minutos antes. Como o evento foi em parte custeado com <strong>emendas parlamentares<\/strong>, a Prefeitura abriu processo para apurar desvio de finalidade.<br><br><br><br>Durante o ato, que teve um car\u00e1ter de apoio ao ex-presidi\u00e1rio, <strong>Daniela Mercury<\/strong> puxou um coro de \u201cLula\u201d e segurou uma bandeira com o rosto do petista estampado. \u201cO Brasil precisa de Lula\u201d, disse ao final do show. Al\u00e9m dela, outros tr\u00eas artistas se apresentaram na festa organizada em frente ao Est\u00e1dio do Pacaembu.<br><br><br><br><br>Com a repercuss\u00e3o da postura de Daniela \u2013 showm\u00edcios seguem vetados pela legisla\u00e7\u00e3o eleitoral, assim como campanha pol\u00edtico-partid\u00e1ria antecipada \u2013, a <a rel=\"noreferrer noopener\" href=\"https:\/\/politica.estadao.com.br\/blogs\/fausto-macedo\/promotoria-apura-pagamento-show-daniela-mercury-1-de-maio\/\" target=\"_blank\">Promotoria de Defesa do Patrim\u00f4nio P\u00fablico do Minist\u00e9rio P\u00fablico<\/a> de S\u00e3o Paulo tamb\u00e9m decidiu abrir uma apura\u00e7\u00e3o sobre o ato. Segundo promotores de Justi\u00e7a ouvidos pela reportagem, a apura\u00e7\u00e3o deve se debru\u00e7ar sobre uma viola\u00e7\u00e3o de princ\u00edpios da administra\u00e7\u00e3o p\u00fablica, como moralidade e impessoalidade.<br><br><br><br><br>Ao todo, tr\u00eas vereadores encaminharam verba, via emenda parlamentar, para custear o evento: <strong>Alfredinho<\/strong> e <strong>Eduardo Suplicy<\/strong>, ambos do PT, destinaram juntos R$ 525 mil para pagar a produ\u00e7\u00e3o e organiza\u00e7\u00e3o do evento e <strong>Sidney Cruz <\/strong>(Solidariedade) liberou R$ 187 mil para pagar o cach\u00ea dos artistas que se apresentariam na festa \u2013 foram cinco no total, contando Daniela Mercury.<br>\u201cEstou sendo massacrado por ter destinado emenda para um evento tradicional\u00edssimo que faz parte do calend\u00e1rio da cidade e sempre conta com a participa\u00e7\u00e3o de autoridades dos mais diversos partidos. <br><br><br><br>\u00c9 leg\u00edtimo fomentar eventos como esse, que leva cultura \u00e0s pessoas e gera emprego. N\u00e3o \u00e0 toa outros vereadores destinam emendas para festas variadas, como a Marcha para Jesus\u201d, afirmou Cruz. \u201cAgora, a fala de um artista foge do meu controle\u201d, completou.<\/figcaption><\/figure>\n","protected":false},"excerpt":{"rendered":"","protected":false},"author":1,"featured_media":0,"comment_status":"open","ping_status":"open","sticky":false,"template":"","format":"standard","meta":{"site-sidebar-layout":"default","site-content-layout":"","ast-site-content-layout":"default","site-content-style":"default","site-sidebar-style":"default","ast-global-header-display":"","ast-banner-title-visibility":"","ast-main-header-display":"","ast-hfb-above-header-display":"","ast-hfb-below-header-display":"","ast-hfb-mobile-header-display":"","site-post-title":"","ast-breadcrumbs-content":"","ast-featured-img":"","footer-sml-layout":"","ast-disable-related-posts":"","theme-transparent-header-meta":"","adv-header-id-meta":"","stick-header-meta":"","header-above-stick-meta":"","header-main-stick-meta":"","header-below-stick-meta":"","astra-migrate-meta-layouts":"default","ast-page-background-enabled":"default","ast-page-background-meta":{"desktop":{"background-color":"var(--ast-global-color-4)","background-image":"","background-repeat":"repeat","background-position":"center center","background-size":"auto","background-attachment":"scroll","background-type":"","background-media":"","overlay-type":"","overlay-color":"","overlay-opacity":"","overlay-gradient":""},"tablet":{"background-color":"","background-image":"","background-repeat":"repeat","background-position":"center center","background-size":"auto","background-attachment":"scroll","background-type":"","background-media":"","overlay-type":"","overlay-color":"","overlay-opacity":"","overlay-gradient":""},"mobile":{"background-color":"","background-image":"","background-repeat":"repeat","background-position":"center center","background-size":"auto","background-attachment":"scroll","background-type":"","background-media":"","overlay-type":"","overlay-color":"","overlay-opacity":"","overlay-gradient":""}},"ast-content-background-meta":{"desktop":{"background-color":"var(--ast-global-color-5)","background-image":"","background-repeat":"repeat","background-position":"center center","background-size":"auto","background-attachment":"scroll","background-type":"","background-media":"","overlay-type":"","overlay-color":"","overlay-opacity":"","overlay-gradient":""},"tablet":{"background-color":"var(--ast-global-color-5)","background-image":"","background-repeat":"repeat","background-position":"center center","background-size":"auto","background-attachment":"scroll","background-type":"","background-media":"","overlay-type":"","overlay-color":"","overlay-opacity":"","overlay-gradient":""},"mobile":{"background-color":"var(--ast-global-color-5)","background-image":"","background-repeat":"repeat","background-position":"center center","background-size":"auto","background-attachment":"scroll","background-type":"","background-media":"","overlay-type":"","overlay-color":"","overlay-opacity":"","overlay-gradient":""}},"footnotes":""},"categories":[517],"tags":[807,774,215,50],"class_list":["post-7487","post","type-post","status-publish","format-standard","hentry","category-aconteceu","tag-cache","tag-daniela-mercury","tag-lula","tag-noticias-do-face"],"_links":{"self":[{"href":"https:\/\/noticiasnoface.com.br\/index.php\/wp-json\/wp\/v2\/posts\/7487","targetHints":{"allow":["GET"]}}],"collection":[{"href":"https:\/\/noticiasnoface.com.br\/index.php\/wp-json\/wp\/v2\/posts"}],"about":[{"href":"https:\/\/noticiasnoface.com.br\/index.php\/wp-json\/wp\/v2\/types\/post"}],"author":[{"embeddable":true,"href":"https:\/\/noticiasnoface.com.br\/index.php\/wp-json\/wp\/v2\/users\/1"}],"replies":[{"embeddable":true,"href":"https:\/\/noticiasnoface.com.br\/index.php\/wp-json\/wp\/v2\/comments?post=7487"}],"version-history":[{"count":1,"href":"https:\/\/noticiasnoface.com.br\/index.php\/wp-json\/wp\/v2\/posts\/7487\/revisions"}],"predecessor-version":[{"id":7488,"href":"https:\/\/noticiasnoface.com.br\/index.php\/wp-json\/wp\/v2\/posts\/7487\/revisions\/7488"}],"wp:attachment":[{"href":"https:\/\/noticiasnoface.com.br\/index.php\/wp-json\/wp\/v2\/media?parent=7487"}],"wp:term":[{"taxonomy":"category","embeddable":true,"href":"https:\/\/noticiasnoface.com.br\/index.php\/wp-json\/wp\/v2\/categories?post=7487"},{"taxonomy":"post_tag","embeddable":true,"href":"https:\/\/noticiasnoface.com.br\/index.php\/wp-json\/wp\/v2\/tags?post=7487"}],"curies":[{"name":"wp","href":"https:\/\/api.w.org\/{rel}","templated":true}]}}