{"id":7493,"date":"2022-05-06T21:28:02","date_gmt":"2022-05-07T00:28:02","guid":{"rendered":"https:\/\/noticiasnoface.com.br\/?p=7493"},"modified":"2022-05-06T21:33:58","modified_gmt":"2022-05-07T00:33:58","slug":"pesquisa-mostra-fabio-dantas-em-2-lugar-com-apenas-duas-semanas-de-campanha","status":"publish","type":"post","link":"https:\/\/noticiasnoface.com.br\/index.php\/2022\/05\/06\/pesquisa-mostra-fabio-dantas-em-2-lugar-com-apenas-duas-semanas-de-campanha\/","title":{"rendered":"Pesquisa mostra F\u00e1bio Dantas em 2 lugar com apenas duas  semanas de campanha!"},"content":{"rendered":"\n<figure class=\"wp-block-image size-large\"><img data-opt-id=849663321  fetchpriority=\"high\" decoding=\"async\" width=\"2048\" height=\"1607\" src=\"https:\/\/mlbfrsat7ahr.i.optimole.com\/w:auto\/h:auto\/q:mauto\/ig:avif\/https:\/\/noticiasnoface.com.br\/wp-content\/uploads\/2022\/05\/photo-output-10.jpg\" alt=\"\" class=\"wp-image-7492\" srcset=\"https:\/\/mlbfrsat7ahr.i.optimole.com\/w:1376\/h:1080\/q:mauto\/ig:avif\/https:\/\/noticiasnoface.com.br\/wp-content\/uploads\/2022\/05\/photo-output-10.jpg 2048w, https:\/\/mlbfrsat7ahr.i.optimole.com\/w:300\/h:235\/q:mauto\/ig:avif\/https:\/\/noticiasnoface.com.br\/wp-content\/uploads\/2022\/05\/photo-output-10.jpg 300w, https:\/\/mlbfrsat7ahr.i.optimole.com\/w:1024\/h:804\/q:mauto\/ig:avif\/https:\/\/noticiasnoface.com.br\/wp-content\/uploads\/2022\/05\/photo-output-10.jpg 1024w, https:\/\/mlbfrsat7ahr.i.optimole.com\/w:768\/h:603\/q:mauto\/ig:avif\/https:\/\/noticiasnoface.com.br\/wp-content\/uploads\/2022\/05\/photo-output-10.jpg 768w, https:\/\/mlbfrsat7ahr.i.optimole.com\/w:1376\/h:1080\/q:mauto\/ig:avif\/https:\/\/noticiasnoface.com.br\/wp-content\/uploads\/2022\/05\/photo-output-10.jpg 1536w\" sizes=\"(max-width: 1000px) 100vw, 1000px\" \/><figcaption>O pr\u00e9 candidato a governador Fabio Dantas est\u00e1 indo dormir essa sexta feira com alegria na alma. Em apenas duas semanas de campanha ele j\u00e1 conseguiu um feito dif\u00edcil de se conseguir, dois d\u00edgitos. O empres\u00e1rio come\u00e7a sua campanha com 10% de aceita\u00e7\u00e3o de seu nome para governo do estado do RN e isso \u00e9 s\u00f3 o come\u00e7o, a cada dia mais pessoas entende a import\u00e2ncia e a compet\u00eancia de F\u00e1bio para assumir nosso estado. O alvo \u00e9 claro, tirar a atual governadora do PT que nem a pau passa de 34%, que a essas alturas j\u00e1 est\u00e1 no RIVOTRIL. Vai ser uma longa batalha, mas vamos vencer \ud83d\ude4c\ud83c\udffc<\/figcaption><\/figure>\n","protected":false},"excerpt":{"rendered":"","protected":false},"author":1,"featured_media":0,"comment_status":"open","ping_status":"open","sticky":false,"template":"","format":"standard","meta":{"site-sidebar-layout":"default","site-content-layout":"","ast-site-content-layout":"default","site-content-style":"default","site-sidebar-style":"default","ast-global-header-display":"","ast-banner-title-visibility":"","ast-main-header-display":"","ast-hfb-above-header-display":"","ast-hfb-below-header-display":"","ast-hfb-mobile-header-display":"","site-post-title":"","ast-breadcrumbs-content":"","ast-featured-img":"","footer-sml-layout":"","ast-disable-related-posts":"","theme-transparent-header-meta":"","adv-header-id-meta":"","stick-header-meta":"","header-above-stick-meta":"","header-main-stick-meta":"","header-below-stick-meta":"","astra-migrate-meta-layouts":"default","ast-page-background-enabled":"default","ast-page-background-meta":{"desktop":{"background-color":"var(--ast-global-color-4)","background-image":"","background-repeat":"repeat","background-position":"center center","background-size":"auto","background-attachment":"scroll","background-type":"","background-media":"","overlay-type":"","overlay-color":"","overlay-opacity":"","overlay-gradient":""},"tablet":{"background-color":"","background-image":"","background-repeat":"repeat","background-position":"center center","background-size":"auto","background-attachment":"scroll","background-type":"","background-media":"","overlay-type":"","overlay-color":"","overlay-opacity":"","overlay-gradient":""},"mobile":{"background-color":"","background-image":"","background-repeat":"repeat","background-position":"center center","background-size":"auto","background-attachment":"scroll","background-type":"","background-media":"","overlay-type":"","overlay-color":"","overlay-opacity":"","overlay-gradient":""}},"ast-content-background-meta":{"desktop":{"background-color":"var(--ast-global-color-5)","background-image":"","background-repeat":"repeat","background-position":"center center","background-size":"auto","background-attachment":"scroll","background-type":"","background-media":"","overlay-type":"","overlay-color":"","overlay-opacity":"","overlay-gradient":""},"tablet":{"background-color":"var(--ast-global-color-5)","background-image":"","background-repeat":"repeat","background-position":"center center","background-size":"auto","background-attachment":"scroll","background-type":"","background-media":"","overlay-type":"","overlay-color":"","overlay-opacity":"","overlay-gradient":""},"mobile":{"background-color":"var(--ast-global-color-5)","background-image":"","background-repeat":"repeat","background-position":"center center","background-size":"auto","background-attachment":"scroll","background-type":"","background-media":"","overlay-type":"","overlay-color":"","overlay-opacity":"","overlay-gradient":""}},"footnotes":""},"categories":[517],"tags":[317,622,50,89],"class_list":["post-7493","post","type-post","status-publish","format-standard","hentry","category-aconteceu","tag-eleicoes","tag-fabio-dantas","tag-noticias-do-face","tag-vamos-vencer"],"_links":{"self":[{"href":"https:\/\/noticiasnoface.com.br\/index.php\/wp-json\/wp\/v2\/posts\/7493","targetHints":{"allow":["GET"]}}],"collection":[{"href":"https:\/\/noticiasnoface.com.br\/index.php\/wp-json\/wp\/v2\/posts"}],"about":[{"href":"https:\/\/noticiasnoface.com.br\/index.php\/wp-json\/wp\/v2\/types\/post"}],"author":[{"embeddable":true,"href":"https:\/\/noticiasnoface.com.br\/index.php\/wp-json\/wp\/v2\/users\/1"}],"replies":[{"embeddable":true,"href":"https:\/\/noticiasnoface.com.br\/index.php\/wp-json\/wp\/v2\/comments?post=7493"}],"version-history":[{"count":3,"href":"https:\/\/noticiasnoface.com.br\/index.php\/wp-json\/wp\/v2\/posts\/7493\/revisions"}],"predecessor-version":[{"id":7496,"href":"https:\/\/noticiasnoface.com.br\/index.php\/wp-json\/wp\/v2\/posts\/7493\/revisions\/7496"}],"wp:attachment":[{"href":"https:\/\/noticiasnoface.com.br\/index.php\/wp-json\/wp\/v2\/media?parent=7493"}],"wp:term":[{"taxonomy":"category","embeddable":true,"href":"https:\/\/noticiasnoface.com.br\/index.php\/wp-json\/wp\/v2\/categories?post=7493"},{"taxonomy":"post_tag","embeddable":true,"href":"https:\/\/noticiasnoface.com.br\/index.php\/wp-json\/wp\/v2\/tags?post=7493"}],"curies":[{"name":"wp","href":"https:\/\/api.w.org\/{rel}","templated":true}]}}