{"id":7733,"date":"2022-05-08T15:13:52","date_gmt":"2022-05-08T18:13:52","guid":{"rendered":"https:\/\/noticiasnoface.com.br\/?p=7733"},"modified":"2022-05-08T15:13:52","modified_gmt":"2022-05-08T18:13:52","slug":"bomba-aumenta-as-chances-de-rafael-motta-ser-o-candidato-ao-senado-pelo-pt","status":"publish","type":"post","link":"https:\/\/noticiasnoface.com.br\/index.php\/2022\/05\/08\/bomba-aumenta-as-chances-de-rafael-motta-ser-o-candidato-ao-senado-pelo-pt\/","title":{"rendered":"BOMBA- Aumenta as chances de Rafael Motta ser o candidato ao senado pelo PT"},"content":{"rendered":"\n<figure class=\"wp-block-image size-large\"><img data-opt-id=507764841  fetchpriority=\"high\" decoding=\"async\" width=\"1152\" height=\"1693\" src=\"https:\/\/mlbfrsat7ahr.i.optimole.com\/w:auto\/h:auto\/q:mauto\/ig:avif\/https:\/\/noticiasnoface.com.br\/wp-content\/uploads\/2022\/05\/image-5.jpg\" alt=\"\" class=\"wp-image-7732\" srcset=\"https:\/\/mlbfrsat7ahr.i.optimole.com\/w:734\/h:1080\/q:mauto\/ig:avif\/https:\/\/noticiasnoface.com.br\/wp-content\/uploads\/2022\/05\/image-5.jpg 1152w, https:\/\/mlbfrsat7ahr.i.optimole.com\/w:204\/h:300\/q:mauto\/ig:avif\/https:\/\/noticiasnoface.com.br\/wp-content\/uploads\/2022\/05\/image-5.jpg 204w, https:\/\/mlbfrsat7ahr.i.optimole.com\/w:697\/h:1024\/q:mauto\/ig:avif\/https:\/\/noticiasnoface.com.br\/wp-content\/uploads\/2022\/05\/image-5.jpg 697w, https:\/\/mlbfrsat7ahr.i.optimole.com\/w:734\/h:1080\/q:mauto\/ig:avif\/https:\/\/noticiasnoface.com.br\/wp-content\/uploads\/2022\/05\/image-5.jpg 768w, https:\/\/mlbfrsat7ahr.i.optimole.com\/w:734\/h:1080\/q:mauto\/ig:avif\/https:\/\/noticiasnoface.com.br\/wp-content\/uploads\/2022\/05\/image-5.jpg 1045w, https:\/\/mlbfrsat7ahr.i.optimole.com\/w:150\/h:220\/q:mauto\/ig:avif\/https:\/\/noticiasnoface.com.br\/wp-content\/uploads\/2022\/05\/image-5.jpg 150w\" sizes=\"(max-width: 1000px) 100vw, 1000px\" \/><figcaption><br><br><br><br>Fonte ligada ao gabinete da Governadora F\u00e1tima fez contato com o blog e explicou o que fez Rafael mudar seu plano, de federal pra senador.<br><br><br>Segundo a fonte, Rafael n\u00e3o foi \u00e0 toa para o lan\u00e7amento da pr\u00e9-candidatura de Lula e Alckmin, nessa semana.<br><br><br>Dirigentes da executiva nacional do PSB est\u00e3o costurando com os do PT, a desist\u00eancia de M\u00e1rcio Fran\u00e7a (PSB-SP) ao cargo de governador da capital paulista para apoiar Fernando Haddad do PT.<br><br><br>&#8220;Se isso se concretizar em S\u00e3o Paulo, em troca, o PT garante que o candidato de F\u00e1tima Bezerra no RN &#8211; ao senado &#8211; ser\u00e1 o deputado Rafael Motta&#8221;, disse fonte do blog, de dentro do gabinete da governadora.<br><br><br>Na \u00faltima pesquisa divulgada sobre as elei\u00e7\u00f5es desse ano em S\u00e3o Paulo, o petista Haddad tem 26%, Fran\u00e7a (PSB) apareceu com 15%, empatado tecnicamente com Tarc\u00edsio de Freitas (REP) que tem 13%. <br><br><br>Em tempo: a tend\u00eancia \u00e9 que o candidato &#8220;bolsonarista&#8221;, o ex-ministro Tarc\u00edsio cres\u00e7a e v\u00e1  para o segundo turno com Haddad. A\u00ed, no segundo turno a disputa ser\u00e1 &#8220;palmo a palmo&#8221;. A polariza\u00e7\u00e3o nacional se transfere para o maior estado brasileiro.<br><br><br>Em tempo 2: Fran\u00e7a quer ser candidato ao governo sim, isso \u00e9 fato. Mas, com a &#8220;encoxada&#8221; de Freitas nessas \u00faltimas semanas, a tend\u00eancia natural \u00e9 a coordena\u00e7\u00e3o de Fran\u00e7a orientar para uma sa\u00edda honrosa. Um vaga de vice na chapa do PT pode acalmar o &#8216;p\u00eassebista&#8221;. <br><br><br>Em tempo 3: o comando nacional do PSB tenta essa costura: convencer Fran\u00e7a a aceitar um acordo com Haddad, conseguindo isso, Lula promete que F\u00e1tima Bezerra aceita trocar o &#8216;pedetista&#8217; Carlos Eduardo pelo &#8216;p\u00eassebista&#8217; Rafael Motta.<br><br><br>Em tempo 4: \u00e9 Lula l\u00e1, Haddad acol\u00e1 e Motta c\u00e1! <br><br><br>Em tempo 5: Fran\u00e7a cai e Motta sobe. \u00c9 a gangorra que derrubar\u00e1 mais um Alves.<br><br><br>Em tempo 6: assim, s\u00f3 ficar\u00e1 faltando Waltinho. O PT destr\u00f3i Carlos Alves, Henrique Alves e Walter Alves poder\u00e1 ser o pr\u00f3ximo. <br><br><br>Em tempo 7: algu\u00e9m acha que n\u00e3o tem outras &#8220;costuras&#8221; atr\u00e1s da vaga de vice na chapa, at\u00e9 agora reeleita, de F\u00e1tima do PT? <br><br><br>Em tempo 8: por enquanto somente Garibaldi consegue paz para buscar seus votos em busca de uma vaga na C\u00e2mara dos Deputados, em Bras\u00edlia. Via BLOG do CYRILO <\/figcaption><\/figure>\n","protected":false},"excerpt":{"rendered":"","protected":false},"author":1,"featured_media":0,"comment_status":"open","ping_status":"open","sticky":false,"template":"","format":"standard","meta":{"site-sidebar-layout":"default","site-content-layout":"","ast-site-content-layout":"default","site-content-style":"default","site-sidebar-style":"default","ast-global-header-display":"","ast-banner-title-visibility":"","ast-main-header-display":"","ast-hfb-above-header-display":"","ast-hfb-below-header-display":"","ast-hfb-mobile-header-display":"","site-post-title":"","ast-breadcrumbs-content":"","ast-featured-img":"","footer-sml-layout":"","ast-disable-related-posts":"","theme-transparent-header-meta":"","adv-header-id-meta":"","stick-header-meta":"","header-above-stick-meta":"","header-main-stick-meta":"","header-below-stick-meta":"","astra-migrate-meta-layouts":"default","ast-page-background-enabled":"default","ast-page-background-meta":{"desktop":{"background-color":"var(--ast-global-color-4)","background-image":"","background-repeat":"repeat","background-position":"center center","background-size":"auto","background-attachment":"scroll","background-type":"","background-media":"","overlay-type":"","overlay-color":"","overlay-opacity":"","overlay-gradient":""},"tablet":{"background-color":"","background-image":"","background-repeat":"repeat","background-position":"center center","background-size":"auto","background-attachment":"scroll","background-type":"","background-media":"","overlay-type":"","overlay-color":"","overlay-opacity":"","overlay-gradient":""},"mobile":{"background-color":"","background-image":"","background-repeat":"repeat","background-position":"center center","background-size":"auto","background-attachment":"scroll","background-type":"","background-media":"","overlay-type":"","overlay-color":"","overlay-opacity":"","overlay-gradient":""}},"ast-content-background-meta":{"desktop":{"background-color":"var(--ast-global-color-5)","background-image":"","background-repeat":"repeat","background-position":"center center","background-size":"auto","background-attachment":"scroll","background-type":"","background-media":"","overlay-type":"","overlay-color":"","overlay-opacity":"","overlay-gradient":""},"tablet":{"background-color":"var(--ast-global-color-5)","background-image":"","background-repeat":"repeat","background-position":"center center","background-size":"auto","background-attachment":"scroll","background-type":"","background-media":"","overlay-type":"","overlay-color":"","overlay-opacity":"","overlay-gradient":""},"mobile":{"background-color":"var(--ast-global-color-5)","background-image":"","background-repeat":"repeat","background-position":"center center","background-size":"auto","background-attachment":"scroll","background-type":"","background-media":"","overlay-type":"","overlay-color":"","overlay-opacity":"","overlay-gradient":""}},"footnotes":""},"categories":[517],"tags":[777,317,215,50,770],"class_list":["post-7733","post","type-post","status-publish","format-standard","hentry","category-aconteceu","tag-carlos-eduardo","tag-eleicoes","tag-lula","tag-noticias-do-face","tag-rafael-motta"],"_links":{"self":[{"href":"https:\/\/noticiasnoface.com.br\/index.php\/wp-json\/wp\/v2\/posts\/7733","targetHints":{"allow":["GET"]}}],"collection":[{"href":"https:\/\/noticiasnoface.com.br\/index.php\/wp-json\/wp\/v2\/posts"}],"about":[{"href":"https:\/\/noticiasnoface.com.br\/index.php\/wp-json\/wp\/v2\/types\/post"}],"author":[{"embeddable":true,"href":"https:\/\/noticiasnoface.com.br\/index.php\/wp-json\/wp\/v2\/users\/1"}],"replies":[{"embeddable":true,"href":"https:\/\/noticiasnoface.com.br\/index.php\/wp-json\/wp\/v2\/comments?post=7733"}],"version-history":[{"count":1,"href":"https:\/\/noticiasnoface.com.br\/index.php\/wp-json\/wp\/v2\/posts\/7733\/revisions"}],"predecessor-version":[{"id":7734,"href":"https:\/\/noticiasnoface.com.br\/index.php\/wp-json\/wp\/v2\/posts\/7733\/revisions\/7734"}],"wp:attachment":[{"href":"https:\/\/noticiasnoface.com.br\/index.php\/wp-json\/wp\/v2\/media?parent=7733"}],"wp:term":[{"taxonomy":"category","embeddable":true,"href":"https:\/\/noticiasnoface.com.br\/index.php\/wp-json\/wp\/v2\/categories?post=7733"},{"taxonomy":"post_tag","embeddable":true,"href":"https:\/\/noticiasnoface.com.br\/index.php\/wp-json\/wp\/v2\/tags?post=7733"}],"curies":[{"name":"wp","href":"https:\/\/api.w.org\/{rel}","templated":true}]}}