{"id":7934,"date":"2022-05-13T08:53:19","date_gmt":"2022-05-13T11:53:19","guid":{"rendered":"https:\/\/noticiasnoface.com.br\/?p=7934"},"modified":"2022-05-13T08:53:20","modified_gmt":"2022-05-13T11:53:20","slug":"policia-federal-prepara-nova-investida-contra-o-consorcio-nordeste","status":"publish","type":"post","link":"https:\/\/noticiasnoface.com.br\/index.php\/2022\/05\/13\/policia-federal-prepara-nova-investida-contra-o-consorcio-nordeste\/","title":{"rendered":"Pol\u00edcia federal prepara nova investida contra o cons\u00f3rcio Nordeste"},"content":{"rendered":"\n<figure class=\"wp-block-image size-large\"><img data-opt-id=216787187  fetchpriority=\"high\" decoding=\"async\" width=\"837\" height=\"561\" src=\"https:\/\/mlbfrsat7ahr.i.optimole.com\/w:auto\/h:auto\/q:mauto\/ig:avif\/https:\/\/noticiasnoface.com.br\/wp-content\/uploads\/2022\/05\/img_3951.jpg\" alt=\"\" class=\"wp-image-7933\" srcset=\"https:\/\/mlbfrsat7ahr.i.optimole.com\/w:837\/h:561\/q:mauto\/ig:avif\/https:\/\/noticiasnoface.com.br\/wp-content\/uploads\/2022\/05\/img_3951.jpg 837w, https:\/\/mlbfrsat7ahr.i.optimole.com\/w:300\/h:201\/q:mauto\/ig:avif\/https:\/\/noticiasnoface.com.br\/wp-content\/uploads\/2022\/05\/img_3951.jpg 300w, https:\/\/mlbfrsat7ahr.i.optimole.com\/w:768\/h:515\/q:mauto\/ig:avif\/https:\/\/noticiasnoface.com.br\/wp-content\/uploads\/2022\/05\/img_3951.jpg 768w, https:\/\/mlbfrsat7ahr.i.optimole.com\/w:150\/h:101\/q:mauto\/ig:avif\/https:\/\/noticiasnoface.com.br\/wp-content\/uploads\/2022\/05\/img_3951.jpg 150w\" sizes=\"(max-width: 837px) 100vw, 837px\" \/><figcaption>Luiz Henrique Ramos Jovino, um dos s\u00f3cios da HempCare, empresa de produtos \u00e0 base de maconha que assinou contrato de R$48 milh\u00f5es com o governo petista da Bahia, para compra de respiradores que jamais foram entregues, foi s\u00f3cio de dois parentes do vereador Eduardo Suplicy (PT-SP).<br>Os s\u00f3cios de Luiz Henrique, que \u00e9 investigado na Pol\u00edcia Federal, eram Roberto Matarazzo Suplicy, irm\u00e3o do vereador, e Roberta Matarazzo Suplicy, sobrinha do petista e filha de Roberto. A sociedade foi no restaurante Filomena, que leva este nome em homenagem \u00e0 m\u00e3e do petista, Filomena Suplicy.<br>Ainda vigorando a sociedade com a fam\u00edlia Suplicy, nomes que figuram no esc\u00e2ndalo dos respiradores do Cons\u00f3rcio Nordeste j\u00e1 se ligavam. \u00c9 o caso de Edinho Silva, envolvido no caso, que presidia o PT-SP, quando Eduardo Suplicy era senador.<br>Com informa\u00e7\u00f5es do <strong>Di\u00e1rio do Poder<\/strong><\/figcaption><\/figure>\n","protected":false},"excerpt":{"rendered":"","protected":false},"author":1,"featured_media":0,"comment_status":"open","ping_status":"open","sticky":false,"template":"","format":"standard","meta":{"site-sidebar-layout":"default","site-content-layout":"","ast-site-content-layout":"default","site-content-style":"default","site-sidebar-style":"default","ast-global-header-display":"","ast-banner-title-visibility":"","ast-main-header-display":"","ast-hfb-above-header-display":"","ast-hfb-below-header-display":"","ast-hfb-mobile-header-display":"","site-post-title":"","ast-breadcrumbs-content":"","ast-featured-img":"","footer-sml-layout":"","ast-disable-related-posts":"","theme-transparent-header-meta":"","adv-header-id-meta":"","stick-header-meta":"","header-above-stick-meta":"","header-main-stick-meta":"","header-below-stick-meta":"","astra-migrate-meta-layouts":"default","ast-page-background-enabled":"default","ast-page-background-meta":{"desktop":{"background-color":"var(--ast-global-color-4)","background-image":"","background-repeat":"repeat","background-position":"center center","background-size":"auto","background-attachment":"scroll","background-type":"","background-media":"","overlay-type":"","overlay-color":"","overlay-opacity":"","overlay-gradient":""},"tablet":{"background-color":"","background-image":"","background-repeat":"repeat","background-position":"center center","background-size":"auto","background-attachment":"scroll","background-type":"","background-media":"","overlay-type":"","overlay-color":"","overlay-opacity":"","overlay-gradient":""},"mobile":{"background-color":"","background-image":"","background-repeat":"repeat","background-position":"center center","background-size":"auto","background-attachment":"scroll","background-type":"","background-media":"","overlay-type":"","overlay-color":"","overlay-opacity":"","overlay-gradient":""}},"ast-content-background-meta":{"desktop":{"background-color":"var(--ast-global-color-5)","background-image":"","background-repeat":"repeat","background-position":"center center","background-size":"auto","background-attachment":"scroll","background-type":"","background-media":"","overlay-type":"","overlay-color":"","overlay-opacity":"","overlay-gradient":""},"tablet":{"background-color":"var(--ast-global-color-5)","background-image":"","background-repeat":"repeat","background-position":"center center","background-size":"auto","background-attachment":"scroll","background-type":"","background-media":"","overlay-type":"","overlay-color":"","overlay-opacity":"","overlay-gradient":""},"mobile":{"background-color":"var(--ast-global-color-5)","background-image":"","background-repeat":"repeat","background-position":"center center","background-size":"auto","background-attachment":"scroll","background-type":"","background-media":"","overlay-type":"","overlay-color":"","overlay-opacity":"","overlay-gradient":""}},"footnotes":""},"categories":[517],"tags":[700,50,90,409],"class_list":["post-7934","post","type-post","status-publish","format-standard","hentry","category-aconteceu","tag-consorcio-nordeste","tag-noticias-do-face","tag-partido-dos-trabalhadores","tag-policia-federal"],"_links":{"self":[{"href":"https:\/\/noticiasnoface.com.br\/index.php\/wp-json\/wp\/v2\/posts\/7934","targetHints":{"allow":["GET"]}}],"collection":[{"href":"https:\/\/noticiasnoface.com.br\/index.php\/wp-json\/wp\/v2\/posts"}],"about":[{"href":"https:\/\/noticiasnoface.com.br\/index.php\/wp-json\/wp\/v2\/types\/post"}],"author":[{"embeddable":true,"href":"https:\/\/noticiasnoface.com.br\/index.php\/wp-json\/wp\/v2\/users\/1"}],"replies":[{"embeddable":true,"href":"https:\/\/noticiasnoface.com.br\/index.php\/wp-json\/wp\/v2\/comments?post=7934"}],"version-history":[{"count":1,"href":"https:\/\/noticiasnoface.com.br\/index.php\/wp-json\/wp\/v2\/posts\/7934\/revisions"}],"predecessor-version":[{"id":7935,"href":"https:\/\/noticiasnoface.com.br\/index.php\/wp-json\/wp\/v2\/posts\/7934\/revisions\/7935"}],"wp:attachment":[{"href":"https:\/\/noticiasnoface.com.br\/index.php\/wp-json\/wp\/v2\/media?parent=7934"}],"wp:term":[{"taxonomy":"category","embeddable":true,"href":"https:\/\/noticiasnoface.com.br\/index.php\/wp-json\/wp\/v2\/categories?post=7934"},{"taxonomy":"post_tag","embeddable":true,"href":"https:\/\/noticiasnoface.com.br\/index.php\/wp-json\/wp\/v2\/tags?post=7934"}],"curies":[{"name":"wp","href":"https:\/\/api.w.org\/{rel}","templated":true}]}}