{"id":7937,"date":"2022-05-13T09:51:21","date_gmt":"2022-05-13T12:51:21","guid":{"rendered":"https:\/\/noticiasnoface.com.br\/?p=7937"},"modified":"2022-05-13T10:10:22","modified_gmt":"2022-05-13T13:10:22","slug":"vereador-que-invadiu-igreja-foi-cassado-era-pra-ser-preso","status":"publish","type":"post","link":"https:\/\/noticiasnoface.com.br\/index.php\/2022\/05\/13\/vereador-que-invadiu-igreja-foi-cassado-era-pra-ser-preso\/","title":{"rendered":"Vereador que invadiu igreja foi cassado, era pra ser preso!"},"content":{"rendered":"\n<figure class=\"wp-block-image size-large\"><img data-opt-id=2049630700  fetchpriority=\"high\" decoding=\"async\" width=\"1024\" height=\"682\" src=\"https:\/\/mlbfrsat7ahr.i.optimole.com\/w:auto\/h:auto\/q:mauto\/ig:avif\/https:\/\/noticiasnoface.com.br\/wp-content\/uploads\/2022\/05\/img_3952.jpg\" alt=\"\" class=\"wp-image-7936\" srcset=\"https:\/\/mlbfrsat7ahr.i.optimole.com\/w:1024\/h:682\/q:mauto\/ig:avif\/https:\/\/noticiasnoface.com.br\/wp-content\/uploads\/2022\/05\/img_3952.jpg 1024w, https:\/\/mlbfrsat7ahr.i.optimole.com\/w:300\/h:200\/q:mauto\/ig:avif\/https:\/\/noticiasnoface.com.br\/wp-content\/uploads\/2022\/05\/img_3952.jpg 300w, https:\/\/mlbfrsat7ahr.i.optimole.com\/w:768\/h:512\/q:mauto\/ig:avif\/https:\/\/noticiasnoface.com.br\/wp-content\/uploads\/2022\/05\/img_3952.jpg 768w, https:\/\/mlbfrsat7ahr.i.optimole.com\/w:150\/h:100\/q:mauto\/ig:avif\/https:\/\/noticiasnoface.com.br\/wp-content\/uploads\/2022\/05\/img_3952.jpg 150w\" sizes=\"(max-width: 1000px) 100vw, 1000px\" \/><figcaption>Por que a C\u00e2mara de Curitiba vai cassar Renato Freitas do PT ? Punir um colega vai contra tudo que os vereadores da cidade acreditam \u2013 e no entanto, ficou claro que dessa vez n\u00e3o h\u00e1 escapat\u00f3ria. <br><br>Depois de ter praticado um ato criminoso de invadir uma igreja durante a missa, ele foi derrotado no Conselho de \u00c9tica, Renato est\u00e1 praticamente CASSADO, e provavelmente sofrer\u00e1 um resultado ainda mais humilhante em plen\u00e1rio. Perder\u00e1 n\u00e3o s\u00f3 o mandato como os direitos pol\u00edticos. N\u00e3o exercer\u00e1 mais o cargo para o qual foi eleito, nem poder\u00e1 disputar as elei\u00e7\u00f5es de outubro. <br><br>Renato Freitas do PT  acreditava que ser vereador lhe daria direito de destruir os direitos dos pr\u00f3ximos, ele tamb\u00e9m cometeu outro erro, achou que por ser negro ningu\u00e9m teria coragem de lhe enfrentar, pois ele sempre se declarou como \u201ccoitadinho\u201d dessa vez n\u00e3o colou. <br><br>Idosos foram espancados, mulheres levaram cuspidas na cara durante uma missa, enquanto todos estavam em um ambiente de paz e sem falar nenhuma palavra, simplesmente foram agredidas, e o vereador Renato achou que poderia simplesmente passar por cima dos direitos dos outros para cumprir o seu direito. Cassa\u00e7\u00e3o \u00e9 pouco, Renato Freitas era para ser preso. <\/figcaption><\/figure>\n","protected":false},"excerpt":{"rendered":"","protected":false},"author":1,"featured_media":0,"comment_status":"open","ping_status":"open","sticky":false,"template":"","format":"standard","meta":{"site-sidebar-layout":"default","site-content-layout":"","ast-site-content-layout":"default","site-content-style":"default","site-sidebar-style":"default","ast-global-header-display":"","ast-banner-title-visibility":"","ast-main-header-display":"","ast-hfb-above-header-display":"","ast-hfb-below-header-display":"","ast-hfb-mobile-header-display":"","site-post-title":"","ast-breadcrumbs-content":"","ast-featured-img":"","footer-sml-layout":"","ast-disable-related-posts":"","theme-transparent-header-meta":"","adv-header-id-meta":"","stick-header-meta":"","header-above-stick-meta":"","header-main-stick-meta":"","header-below-stick-meta":"","astra-migrate-meta-layouts":"default","ast-page-background-enabled":"default","ast-page-background-meta":{"desktop":{"background-color":"var(--ast-global-color-4)","background-image":"","background-repeat":"repeat","background-position":"center center","background-size":"auto","background-attachment":"scroll","background-type":"","background-media":"","overlay-type":"","overlay-color":"","overlay-opacity":"","overlay-gradient":""},"tablet":{"background-color":"","background-image":"","background-repeat":"repeat","background-position":"center center","background-size":"auto","background-attachment":"scroll","background-type":"","background-media":"","overlay-type":"","overlay-color":"","overlay-opacity":"","overlay-gradient":""},"mobile":{"background-color":"","background-image":"","background-repeat":"repeat","background-position":"center center","background-size":"auto","background-attachment":"scroll","background-type":"","background-media":"","overlay-type":"","overlay-color":"","overlay-opacity":"","overlay-gradient":""}},"ast-content-background-meta":{"desktop":{"background-color":"var(--ast-global-color-5)","background-image":"","background-repeat":"repeat","background-position":"center center","background-size":"auto","background-attachment":"scroll","background-type":"","background-media":"","overlay-type":"","overlay-color":"","overlay-opacity":"","overlay-gradient":""},"tablet":{"background-color":"var(--ast-global-color-5)","background-image":"","background-repeat":"repeat","background-position":"center center","background-size":"auto","background-attachment":"scroll","background-type":"","background-media":"","overlay-type":"","overlay-color":"","overlay-opacity":"","overlay-gradient":""},"mobile":{"background-color":"var(--ast-global-color-5)","background-image":"","background-repeat":"repeat","background-position":"center center","background-size":"auto","background-attachment":"scroll","background-type":"","background-media":"","overlay-type":"","overlay-color":"","overlay-opacity":"","overlay-gradient":""}},"footnotes":""},"categories":[154],"tags":[886,647,887],"class_list":["post-7937","post","type-post","status-publish","format-standard","hentry","category-comportamento","tag-cada-acao","tag-igreja","tag-vereador"],"_links":{"self":[{"href":"https:\/\/noticiasnoface.com.br\/index.php\/wp-json\/wp\/v2\/posts\/7937","targetHints":{"allow":["GET"]}}],"collection":[{"href":"https:\/\/noticiasnoface.com.br\/index.php\/wp-json\/wp\/v2\/posts"}],"about":[{"href":"https:\/\/noticiasnoface.com.br\/index.php\/wp-json\/wp\/v2\/types\/post"}],"author":[{"embeddable":true,"href":"https:\/\/noticiasnoface.com.br\/index.php\/wp-json\/wp\/v2\/users\/1"}],"replies":[{"embeddable":true,"href":"https:\/\/noticiasnoface.com.br\/index.php\/wp-json\/wp\/v2\/comments?post=7937"}],"version-history":[{"count":2,"href":"https:\/\/noticiasnoface.com.br\/index.php\/wp-json\/wp\/v2\/posts\/7937\/revisions"}],"predecessor-version":[{"id":7939,"href":"https:\/\/noticiasnoface.com.br\/index.php\/wp-json\/wp\/v2\/posts\/7937\/revisions\/7939"}],"wp:attachment":[{"href":"https:\/\/noticiasnoface.com.br\/index.php\/wp-json\/wp\/v2\/media?parent=7937"}],"wp:term":[{"taxonomy":"category","embeddable":true,"href":"https:\/\/noticiasnoface.com.br\/index.php\/wp-json\/wp\/v2\/categories?post=7937"},{"taxonomy":"post_tag","embeddable":true,"href":"https:\/\/noticiasnoface.com.br\/index.php\/wp-json\/wp\/v2\/tags?post=7937"}],"curies":[{"name":"wp","href":"https:\/\/api.w.org\/{rel}","templated":true}]}}